{"id":60669,"date":"2025-11-30T09:00:50","date_gmt":"2025-11-30T12:00:50","guid":{"rendered":"https:\/\/crajubaremacao.com.br\/?p=60669"},"modified":"2025-11-30T09:00:50","modified_gmt":"2025-11-30T12:00:50","slug":"saiba-quando-e-contra-quem-o-flamengo-estreia-na-copa-intercontinental","status":"publish","type":"post","link":"https:\/\/crajubaremacao.com.br\/?p=60669","title":{"rendered":"Saiba quando e contra quem o Flamengo estreia na Copa Intercontinental"},"content":{"rendered":"<div>\n<div style=\"margin-bottom: 15px;\"><img decoding=\"async\" class=\"type:primaryImage\" src=\"https:\/\/jpimg.com.br\/uploads\/2023\/12\/54953245722_4db353307e_k-750x500.jpg\"><\/div>\n<p><?xml encoding=\"UTF-8\"><\/p>\n<p data-start=\"103\" data-end=\"443\">Campe\u00e3o da Libertadores pela quarta vez, o <a href=\"https:\/\/jovempan.com.br\/tag\/flamengo\" target=\"_blank\" rel=\"noopener noreferrer\"><strong>Flamengo<\/strong><\/a> j\u00e1 tem novo desafio pela frente: a disputa da <a href=\"https:\/\/jovempan.com.br\/tag\/copa-intercontinental\" target=\"_blank\" rel=\"noopener noreferrer\"><strong>Copa Intercontinental 2025<\/strong><\/a>, torneio que substitui desde o ano passado o antigo Mundial de Clubes anual. A participa\u00e7\u00e3o rubro-negra come\u00e7a no dia 10 de dezembro, no Catar, contra o <a href=\"https:\/\/jovempan.com.br\/tag\/cruz-azul\" target=\"_blank\" rel=\"noopener noreferrer\"><strong>Cruz Azul<\/strong><\/a>, do M\u00e9xico, no chamado <em data-start=\"422\" data-end=\"442\">D\u00e9rbi das Am\u00e9ricas<\/em>.<\/p>\n<p data-start=\"445\" data-end=\"714\">A classifica\u00e7\u00e3o veio ap\u00f3s a vit\u00f3ria por 1 a 0 sobre o Palmeiras, neste s\u00e1bado (29), em Lima, que tornou o clube o primeiro brasileiro tetracampe\u00e3o da <a href=\"https:\/\/jovempan.com.br\/tag\/libertadores\" target=\"_blank\" rel=\"noopener noreferrer\"><strong>Libertadores<\/strong><\/a>. O gol decisivo foi marcado por Danilo, de cabe\u00e7a, ap\u00f3s escanteio cobrado por <a href=\"https:\/\/jovempan.com.br\/tag\/arrascaeta\" target=\"_blank\" rel=\"noopener noreferrer\"><strong>Arrascaeta<\/strong><\/a> no segundo tempo.<\/p>\n<p data-start=\"716\" data-end=\"933\">A estreia no Intercontinental acontecer\u00e1 apenas tr\u00eas dias depois da \u00faltima rodada do <a href=\"https:\/\/jovempan.com.br\/tag\/brasileirao\" target=\"_blank\" rel=\"noopener noreferrer\"><strong>Brasileir\u00e3o<\/strong><\/a>, marcada para 7 de dezembro. Por isso, a delega\u00e7\u00e3o rubro-negra chegar\u00e1 ao Catar no dia 8, com pouco tempo de prepara\u00e7\u00e3o.<\/p>\n<p data-start=\"716\" data-end=\"933\">O Cruz Azul conquistou a vaga como campe\u00e3o da Champions League da Concacaf e venceu o Vancouver Whitecaps na final continental. O confronto ser\u00e1 disputado no Est\u00e1dio Ahmad Bin Ali, em Al Rayyan. Se avan\u00e7ar, o Flamengo enfrenta o Pyramids, do Egito, campe\u00e3o africano, no dia 13 de dezembro, tamb\u00e9m no Catar, em duelo v\u00e1lido pela Challenger Cup. A equipe eg\u00edpcia superou o Auckland City na primeira fase.<\/p>\n<p data-start=\"716\" data-end=\"933\">\n<div class=\"cta-model cta-model3\" name=\"model3\">\n<div class=\"cta-container-general\">\n<div class=\"cta-container-model3\">\n<div class=\"container-image-text\">\n<div class=\"container-img\">\n                    <img decoding=\"async\" id=\"cta-image\" editable=\"true\" name=\"Imagem:\" src=\"https:\/\/s.jpimg.com.br\/wp-content\/plugins\/CTA-posts-selector\/assets\/images\/640_JPEsportes.jpg\" alt=\"cta_logo_jp\">\n                <\/div>\n<div class=\"container-title\">\n                    <span id=\"cta-text\" editable=\"true\" name=\"Conte\u00fado:\">Siga o canal da Jovem Pan Esportes e receba as principais not\u00edcias no seu WhatsApp!<\/span>\n                <\/div>\n<\/p><\/div>\n<div class=\"cta-container-link\">\n<div class=\"cta-container-space\"><\/div>\n<p>                <a id=\"cta-link_3\" editable=\"true\" name=\"Link%20do%20bot%C3%A3o:\" target=\"_blank\" href=\"https:\/\/www.whatsapp.com\/channel\/0029Va9wMgZD8SE3UbBwem2u\"><\/p>\n<div class=\"container-button\">\n                        <span id=\"cta-text2\" editable=\"true\" name=\"Texto do bot\u00e3o:\">WhatsApp<\/span>\n                    <\/div>\n<div class=\"container-icon\">\n                        <i id=\"cta-icon\" name=\"\u00cdcone do bot\u00e3o:\" editable=\"true\" class=\"fa-brands fa-whatsapp\"><\/i>\n                    <\/div>\n<p>                <\/a>\n            <\/div>\n<\/div>\n<\/div>\n<\/div>\n<p data-start=\"1348\" data-end=\"1547\">O vencedor dessa partida disputa a final da Copa Intercontinental no dia 17 de dezembro, diante do <a href=\"https:\/\/jovempan.com.br\/tag\/psg\" target=\"_blank\" rel=\"noopener noreferrer\"><strong>PSG<\/strong><\/a>, atual campe\u00e3o europeu da Champions League e j\u00e1 classificado diretamente para a decis\u00e3o.<\/p>\n<h3 data-start=\"1549\" data-end=\"1753\"><strong data-start=\"1549\" data-end=\"1605\">Calend\u00e1rio rubro-negro na Copa Intercontinental 2025<\/strong><\/h3>\n<p data-start=\"1549\" data-end=\"1753\">\u2022 <strong data-start=\"1610\" data-end=\"1619\">10\/12<\/strong> \u2013 Flamengo x Cruz Azul (D\u00e9rbi das Am\u00e9ricas)<br data-start=\"1663\" data-end=\"1666\">\u2022 <strong data-start=\"1668\" data-end=\"1677\">13\/12<\/strong> \u2013 Vencedor x Pyramids (Challenger Cup)<br data-start=\"1716\" data-end=\"1719\">\u2022 <strong data-start=\"1721\" data-end=\"1730\">17\/12<\/strong> \u2013 Final contra o PSG<\/p>\n<p data-start=\"1755\" data-end=\"1977\">O novo formato do torneio divide as chaves entre continentes: de um lado, Am\u00e9rica do Sul e Concacaf; do outro, clubes da \u00c1sia, \u00c1frica e Oceania. Os campe\u00f5es desses grupos duelam pelo t\u00edtulo diante do representante europeu. A participa\u00e7\u00e3o rubro-negra coroar\u00e1 a temporada marcada pela conquista da Libertadores e refor\u00e7a o protagonismo recente do clube em competi\u00e7\u00f5es internacionais.<\/p>\n<p data-start=\"1755\" data-end=\"1977\">\n<div class=\"list-related-posts\">\n<h3>Leia tamb\u00e9m<\/h3>\n<div class=\"related-posts-container\">\n<div class=\"related-post-item-container\">\n<div class=\"related-post\">\n<div class=\"img-related-box\">\n                                            <strong><a href=\"https:\/\/jovempan.com.br\/esportes\/futebol\/heroi-do-titulo-danilo-diz-que-morte-de-tia-na-vespera-impediu-presenca-do-pai-em-lima.html\" title=\"Her\u00f3i do Flamengo, Danilo diz que morte de tia na v\u00e9spera impediu presen\u00e7a do pai em Lima\"><img decoding=\"async\" src=\"https:\/\/jpimg.com.br\/uploads\/2025\/11\/54953984636_5da063503d_k.jpg\"><\/a><\/strong>\n                                        <\/div>\n<p>                                        <span class=\"box-the-title\"><br \/>\n                                            <strong><a href=\"https:\/\/jovempan.com.br\/esportes\/futebol\/heroi-do-titulo-danilo-diz-que-morte-de-tia-na-vespera-impediu-presenca-do-pai-em-lima.html\" title=\"Her\u00f3i do Flamengo, Danilo diz que morte de tia na v\u00e9spera impediu presen\u00e7a do pai em Lima\">Her\u00f3i do Flamengo, Danilo diz que morte de tia na v\u00e9spera impediu presen\u00e7a do pai em Lima<\/a><\/strong><br \/>\n                                        <\/span>\n                                    <\/div>\n<div class=\"related-post\">\n<div class=\"img-related-box\">\n                                            <strong><a href=\"https:\/\/jovempan.com.br\/esportes\/futebol\/flamengo-se-vinga-do-palmeiras-e-se-torna-o-primeiro-brasileiro-tetracampeao-da-libertadores.html\" title=\"Flamengo se vinga do Palmeiras e se torna o primeiro brasileiro tetracampe\u00e3o da Libertadores\"><img decoding=\"async\" src=\"https:\/\/jpimg.com.br\/uploads\/2025\/11\/des20251129018.jpg\"><\/a><\/strong>\n                                        <\/div>\n<p>                                        <span class=\"box-the-title\"><br \/>\n                                            <strong><a href=\"https:\/\/jovempan.com.br\/esportes\/futebol\/flamengo-se-vinga-do-palmeiras-e-se-torna-o-primeiro-brasileiro-tetracampeao-da-libertadores.html\" title=\"Flamengo se vinga do Palmeiras e se torna o primeiro brasileiro tetracampe\u00e3o da Libertadores\">Flamengo se vinga do Palmeiras e se torna o primeiro brasileiro tetracampe\u00e3o da Libertadores<\/a><\/strong><br \/>\n                                        <\/span>\n                                    <\/div>\n<\/p><\/div>\n<\/p><\/div>\n<\/p><\/div>\n<p data-start=\"1755\" data-end=\"1977\">*Reportagem produzida com aux\u00edlio de IA<\/p>\n<\/div>\n","protected":false},"excerpt":{"rendered":"<p>Campe\u00e3o da Libertadores pela quarta vez, o Flamengo j\u00e1 tem novo desafio pela frente: a disputa da Copa Intercontinental 2025, torneio que substitui desde o ano passado o antigo Mundial de Clubes anual. A participa\u00e7\u00e3o rubro-negra come\u00e7a no dia 10 de dezembro, no Catar, contra o Cruz Azul, do M\u00e9xico, no chamado D\u00e9rbi das Am\u00e9ricas. [&hellip;]<\/p>\n","protected":false},"author":260,"featured_media":60670,"comment_status":"closed","ping_status":"closed","sticky":false,"template":"","format":"standard","meta":{"_themeisle_gutenberg_block_has_review":false,"_jetpack_memberships_contains_paid_content":false,"footnotes":""},"categories":[12],"tags":[153],"class_list":{"0":"post-60669","1":"post","2":"type-post","3":"status-publish","4":"format-standard","5":"has-post-thumbnail","7":"category-esportes","8":"tag-esportes"},"jetpack_featured_media_url":"https:\/\/crajubaremacao.com.br\/wp-content\/uploads\/2025\/11\/54953245722_4db353307e_k-750x500-1.jpg","jetpack_sharing_enabled":true,"_links":{"self":[{"href":"https:\/\/crajubaremacao.com.br\/index.php?rest_route=\/wp\/v2\/posts\/60669","targetHints":{"allow":["GET"]}}],"collection":[{"href":"https:\/\/crajubaremacao.com.br\/index.php?rest_route=\/wp\/v2\/posts"}],"about":[{"href":"https:\/\/crajubaremacao.com.br\/index.php?rest_route=\/wp\/v2\/types\/post"}],"author":[{"embeddable":true,"href":"https:\/\/crajubaremacao.com.br\/index.php?rest_route=\/wp\/v2\/users\/260"}],"replies":[{"embeddable":true,"href":"https:\/\/crajubaremacao.com.br\/index.php?rest_route=%2Fwp%2Fv2%2Fcomments&post=60669"}],"version-history":[{"count":0,"href":"https:\/\/crajubaremacao.com.br\/index.php?rest_route=\/wp\/v2\/posts\/60669\/revisions"}],"wp:featuredmedia":[{"embeddable":true,"href":"https:\/\/crajubaremacao.com.br\/index.php?rest_route=\/wp\/v2\/media\/60670"}],"wp:attachment":[{"href":"https:\/\/crajubaremacao.com.br\/index.php?rest_route=%2Fwp%2Fv2%2Fmedia&parent=60669"}],"wp:term":[{"taxonomy":"category","embeddable":true,"href":"https:\/\/crajubaremacao.com.br\/index.php?rest_route=%2Fwp%2Fv2%2Fcategories&post=60669"},{"taxonomy":"post_tag","embeddable":true,"href":"https:\/\/crajubaremacao.com.br\/index.php?rest_route=%2Fwp%2Fv2%2Ftags&post=60669"}],"curies":[{"name":"wp","href":"https:\/\/api.w.org\/{rel}","templated":true}]}}