{"id":60672,"date":"2025-11-30T12:00:30","date_gmt":"2025-11-30T15:00:30","guid":{"rendered":"https:\/\/crajubaremacao.com.br\/?p=60672"},"modified":"2025-11-30T12:00:30","modified_gmt":"2025-11-30T15:00:30","slug":"carmen-lucia-compara-ditadura-a-erva-daninha-e-defende-vigilancia","status":"publish","type":"post","link":"https:\/\/crajubaremacao.com.br\/?p=60672","title":{"rendered":"C\u00e1rmen L\u00facia compara ditadura a \u2018erva daninha\u2019 e defende vigil\u00e2ncia"},"content":{"rendered":"<div>\n<div style=\"margin-bottom: 15px;\"><img decoding=\"async\" class=\"type:primaryImage\" src=\"https:\/\/jpimg.com.br\/uploads\/2025\/11\/design-sem-nome-1-18-750x450.png\"><\/div>\n<p><?xml encoding=\"UTF-8\"><\/p>\n<p>A ministra <a href=\"http:\/\/jovempan.com.br\/tag\/carmen-lucia\"><strong>C\u00e1rmen L\u00facia<\/strong><\/a>, do Supremo Tribunal Federal (<a href=\"http:\/\/jovempan.com.br\/tag\/stf\"><strong>STF<\/strong><\/a>), destacou neste s\u00e1bado (29), em evento liter\u00e1rio no <a href=\"http:\/\/jovempan.com.br\/tag\/rio-de-janeiro\"><strong>Rio de Janeiro<\/strong><\/a>, que a sociedade precisa lutar diariamente para defender a democracia contra iniciativas autorit\u00e1rias. Ela comparou as ditaduras \u00e0s ervas daninhas, que precisam ser cortadas e vigiadas para que n\u00e3o voltem a amea\u00e7ar o pa\u00eds.<\/p>\n<p>A fala acontece dias depois de o STF determinar o in\u00edcio do cumprimento das penas impostas aos condenados do chamado N\u00facleo 1 da tentativa de golpe de estado. O grupo \u00e9 formado pelo ex-presidente <a href=\"http:\/\/jovempan.com.br\/tag\/jair-bolsonaro\"><strong>Jair Bolsonaro<\/strong><\/a>, militares e ex-integrantes do primeiro escal\u00e3o do governo. A ministra comparou regimes de exce\u00e7\u00e3o com plantas que nascem em momentos indesejados e trazem impactos negativos para um determinado ecossistema.<\/p>\n<p>\u201cA erva daninha da ditadura, quando n\u00e3o \u00e9 cuidada e retirada, toma conta do ambiente. Ela surge do nada. Para a gente fazer florescer uma democracia na vida da gente, no espa\u00e7o da gente, \u00e9 preciso construir e trabalhar todo o dia por ela\u201d, defendeu.\u00a0\u201cPor isso, digo que democracia \u00e9 uma experi\u00eancia de vida que se escolhe, que se constr\u00f3i, que se elabora. E a vida com a democracia se faz todo dia. A gente luta por ela, a gente faz com que ela prevale\u00e7a\u201d, complementou.<\/p>\n<p>C\u00e1men L\u00facia relembrou os documentos golpistas que falavam em planos para assassinar l\u00edderes do Executivo e do Judici\u00e1rio. \u201cPrimeira v\u00edtima de qualquer ditadura \u00e9 a Constitui\u00e7\u00e3o. Outro dia algu\u00e9m me perguntava por que julgar uma tentativa de golpe, se foi apenas tentativa. Meu filho, se tivessem dado golpe, eu estava na pris\u00e3o, n\u00e3o poderia nem estar aqui julgando\u201d, ressaltou.<\/p>\n<p>\u201cNesses julgamentos que estamos fazendo no curso deste ano, estava documentado em palavras a tentativa de \u2018neutralizar\u2019 alguns ministros do Supremo. E como eu falei em um dos votos, neutralizar n\u00e3o era harmonizar o rosto, para impedir que apare\u00e7am as rugas. Neutralizar \u00e9 nem poder ter rugas, porque mata a pessoa antes, ainda jovem\u201d.<\/p>\n<h3><strong>Confer\u00eancia Literatura e Democracia<\/strong><\/h3>\n<p>A ministra participou da confer\u00eancia Literatura e Democracia, evento que faz parte da 1\u00aa Festa Liter\u00e1ria da Funda\u00e7\u00e3o Casa de Rui Barbosa (FliRui), no Rio de Janeiro. A programa\u00e7\u00e3o termina neste domingo (30), com a participa\u00e7\u00e3o de nomes ind\u00edgenas de destaque da literatura nacional, como Daniel Munduruku e M\u00e1rcia Kambeba.<\/p>\n<p>Carm\u00e9m L\u00facia ressaltou durante o evento a import\u00e2ncia de aproximar debates sobre democracia de espa\u00e7os culturais mais amplos e acolhedores, como a Funda\u00e7\u00e3o Casa de Rui Barbosa. Segundo a ministra, ambientes liter\u00e1rios oferecem caminhos mais plurais para envolver o p\u00fablico em discuss\u00f5es que muitas vezes ficam restritas ao universo jur\u00eddico.<\/p>\n<p>\u201cEste n\u00e3o \u00e9 um espa\u00e7o pr\u00f3prio exclusivamente de debates da esfera pol\u00edtica formal, oficial do Estado. Aqui \u00e9 um espa\u00e7o que permite que a sociedade se re\u00fana, debata, reflita. E daqui podem sair propostas para que a gente pense que a democracia \u00e9 um modelo de vida para todos n\u00f3s\u201d, disse.<\/p>\n<p>A ministra destacou que a Casa de Rui Barbosa carrega em sua hist\u00f3ria um compromisso com a luta democr\u00e1tica, refletido na trajet\u00f3ria de Rui Barbosa, jurista e pol\u00edtico que enfrentou persegui\u00e7\u00f5es e chegou a ser exilado por defender direitos fundamentais.<\/p>\n<p>\u201cNada mais coerente com as finalidades de uma casa como essa do que manter esse compromisso social, institucional, com a democracia brasileira. Abrir uma casa como essa para o p\u00fablico \u00e9 dar cumprimento com generosidade, com largueza e com o comprometimento que faz com que todos n\u00f3s s\u00f3 tenhamos a agradecer este gesto\u201d, disse C\u00e1rmen L\u00facia.<\/p>\n<h3><strong>Golpe de Estado<\/strong><\/h3>\n<p>O ex-presidente Jair Bolsonaro e mais seis aliados come\u00e7aram a cumprir pena na ter\u00e7a-feira (25) ap\u00f3s o Supremo Tribunal Federal (STF) determinar o fim do processo para os r\u00e9us do N\u00facleo 1 da trama que pretendia impedir a posse do presidente Luiz In\u00e1cio <a href=\"http:\/\/jovempan.com.br\/tag\/lula\"><strong>Lula<\/strong><\/a> da Silva em 2023.<\/p>\n<div class=\"cta-model cta-model2\" name=\"model2\">\n<div class=\"cta-container-general\">\n<div class=\"cta-container-model2\">\n<div class=\"container-image-text\">\n<div class=\"container-img\">\n                    <img decoding=\"async\" id=\"cta-image\" editable=\"true\" name=\"Imagem:\" src=\"https:\/\/s.jpimg.com.br\/wp-content\/plugins\/CTA-posts-selector\/assets\/images\/640_4anos-JPNews.jpg\" alt=\"cta_logo_jp\">\n                <\/div>\n<div class=\"container-title\">\n                    <span id=\"cta-text\" editable=\"true\" name=\"Conte\u00fado:\">Siga o canal da Jovem Pan News e receba as principais not\u00edcias no seu WhatsApp!<\/span>\n                <\/div>\n<\/p><\/div>\n<div class=\"cta-container-link\">\n<div class=\"cta-container-space\"><\/div>\n<p>                <a id=\"cta-link\" editable=\"true\" name=\"Link%20do%20bot%C3%A3o:\" target=\"_blank\" href=\"https:\/\/www.whatsapp.com\/channel\/0029VaAxUvrGJP8Fz9QZH93S\"><\/p>\n<div class=\"container-button\">\n                        <span id=\"cta-text2\" editable=\"true\" name=\"Texto do bot\u00e3o:\">WhatsApp<\/span>\n                    <\/div>\n<div class=\"container-icon\">\n                        <i id=\"cta-icon\" name=\"\u00cdcone do bot\u00e3o:\" editable=\"true\" class=\"fa-brands fa-whatsapp\"><\/i>\n                    <\/div>\n<p>                <\/a>\n            <\/div>\n<\/div>\n<\/div>\n<\/div>\n<p>A condena\u00e7\u00e3o ocorreu no dia 11 de setembro. Por 4 votos a 1, a Primeira Turma do STF condenou os sete r\u00e9us pelos crimes de:<\/p>\n<p>\u2013 Organiza\u00e7\u00e3o criminosa armada, Tentativa de aboli\u00e7\u00e3o violenta do Estado Democr\u00e1tico de Direito;<\/p>\n<p>\u2013 Golpe de Estado;<\/p>\n<p>\u2013 Dano qualificado pela viol\u00eancia e grave amea\u00e7a;<\/p>\n<p>\u2013 Deteriora\u00e7\u00e3o de patrim\u00f4nio tombado;<\/p>\n<p>A Primeira Turma do STF tamb\u00e9m decidiu condenar os r\u00e9us \u00e0 pena de inelegibilidade pelo prazo de oito anos.<\/p>\n<p><em>*Com informa\u00e7\u00f5es da Ag\u00eancia Brasil<br \/>\n<\/em><em>Publicado por N\u00edcolas Robert<\/em><\/p>\n<div class=\"list-related-posts\">\n<h3>Leia tamb\u00e9m<\/h3>\n<div class=\"related-posts-container\">\n<div class=\"related-post-item-container\">\n<div class=\"related-post\">\n<div class=\"img-related-box\">\n                                            <strong><a href=\"https:\/\/jovempan.com.br\/noticias\/politica\/pec-da-seguranca-deve-ser-o-novo-ponto-de-embate-entre-governo-e-congresso.html\" title=\"PEC da Seguran\u00e7a deve ser o novo ponto de embate entre governo e Congresso\"><img decoding=\"async\" src=\"https:\/\/jpimg.com.br\/uploads\/2025\/11\/img20251118191241656med.jpg\"><\/a><\/strong>\n                                        <\/div>\n<p>                                        <span class=\"box-the-title\"><br \/>\n                                            <strong><a href=\"https:\/\/jovempan.com.br\/noticias\/politica\/pec-da-seguranca-deve-ser-o-novo-ponto-de-embate-entre-governo-e-congresso.html\" title=\"PEC da Seguran\u00e7a deve ser o novo ponto de embate entre governo e Congresso\">PEC da Seguran\u00e7a deve ser o novo ponto de embate entre governo e Congresso<\/a><\/strong><br \/>\n                                        <\/span>\n                                    <\/div>\n<div class=\"related-post\">\n<div class=\"img-related-box\">\n                                            <strong><a href=\"https:\/\/jovempan.com.br\/noticias\/politica\/nao-sou-canabizeiro-sou-maconheiro-diz-deputado-estadual-do-pt.html\" title=\"'N\u00e3o sou canabizeiro, sou maconheiro', diz deputado estadual do PT\"><img decoding=\"async\" src=\"https:\/\/jpimg.com.br\/uploads\/2025\/11\/52919521302_610a850e50_k.jpg\"><\/a><\/strong>\n                                        <\/div>\n<p>                                        <span class=\"box-the-title\"><br \/>\n                                            <strong><a href=\"https:\/\/jovempan.com.br\/noticias\/politica\/nao-sou-canabizeiro-sou-maconheiro-diz-deputado-estadual-do-pt.html\" title=\"'N\u00e3o sou canabizeiro, sou maconheiro', diz deputado estadual do PT\">&#8216;N\u00e3o sou canabizeiro, sou maconheiro&#8217;, diz deputado estadual do PT<\/a><\/strong><br \/>\n                                        <\/span>\n                                    <\/div>\n<\/p><\/div>\n<\/p><\/div>\n<\/p><\/div>\n<\/div>\n","protected":false},"excerpt":{"rendered":"<p>A ministra C\u00e1rmen L\u00facia, do Supremo Tribunal Federal (STF), destacou neste s\u00e1bado (29), em evento liter\u00e1rio no Rio de Janeiro, que a sociedade precisa lutar diariamente para defender a democracia contra iniciativas autorit\u00e1rias. Ela comparou as ditaduras \u00e0s ervas daninhas, que precisam ser cortadas e vigiadas para que n\u00e3o voltem a amea\u00e7ar o pa\u00eds. A [&hellip;]<\/p>\n","protected":false},"author":117,"featured_media":60673,"comment_status":"closed","ping_status":"closed","sticky":false,"template":"","format":"standard","meta":{"_themeisle_gutenberg_block_has_review":false,"_jetpack_memberships_contains_paid_content":false,"footnotes":""},"categories":[9],"tags":[129],"class_list":{"0":"post-60672","1":"post","2":"type-post","3":"status-publish","4":"format-standard","5":"has-post-thumbnail","7":"category-politica","8":"tag-politica"},"jetpack_featured_media_url":"https:\/\/crajubaremacao.com.br\/wp-content\/uploads\/2025\/11\/design-sem-nome-1-18-750x450-1.png","jetpack_sharing_enabled":true,"_links":{"self":[{"href":"https:\/\/crajubaremacao.com.br\/index.php?rest_route=\/wp\/v2\/posts\/60672","targetHints":{"allow":["GET"]}}],"collection":[{"href":"https:\/\/crajubaremacao.com.br\/index.php?rest_route=\/wp\/v2\/posts"}],"about":[{"href":"https:\/\/crajubaremacao.com.br\/index.php?rest_route=\/wp\/v2\/types\/post"}],"author":[{"embeddable":true,"href":"https:\/\/crajubaremacao.com.br\/index.php?rest_route=\/wp\/v2\/users\/117"}],"replies":[{"embeddable":true,"href":"https:\/\/crajubaremacao.com.br\/index.php?rest_route=%2Fwp%2Fv2%2Fcomments&post=60672"}],"version-history":[{"count":0,"href":"https:\/\/crajubaremacao.com.br\/index.php?rest_route=\/wp\/v2\/posts\/60672\/revisions"}],"wp:featuredmedia":[{"embeddable":true,"href":"https:\/\/crajubaremacao.com.br\/index.php?rest_route=\/wp\/v2\/media\/60673"}],"wp:attachment":[{"href":"https:\/\/crajubaremacao.com.br\/index.php?rest_route=%2Fwp%2Fv2%2Fmedia&parent=60672"}],"wp:term":[{"taxonomy":"category","embeddable":true,"href":"https:\/\/crajubaremacao.com.br\/index.php?rest_route=%2Fwp%2Fv2%2Fcategories&post=60672"},{"taxonomy":"post_tag","embeddable":true,"href":"https:\/\/crajubaremacao.com.br\/index.php?rest_route=%2Fwp%2Fv2%2Ftags&post=60672"}],"curies":[{"name":"wp","href":"https:\/\/api.w.org\/{rel}","templated":true}]}}