{"id":60682,"date":"2025-11-30T18:06:59","date_gmt":"2025-11-30T21:06:59","guid":{"rendered":"https:\/\/crajubaremacao.com.br\/?p=60682"},"modified":"2025-11-30T18:06:59","modified_gmt":"2025-11-30T21:06:59","slug":"pt-oficializa-candidatura-de-paulo-pimenta-ao-senado-e-mira-reconstrucao-da-esquerda-no-rs","status":"publish","type":"post","link":"https:\/\/crajubaremacao.com.br\/?p=60682","title":{"rendered":"PT oficializa candidatura de Paulo Pimenta ao Senado e mira reconstru\u00e7\u00e3o da esquerda no RS"},"content":{"rendered":"<div>\n<div style=\"margin-bottom: 15px;\"><img decoding=\"async\" class=\"type:primaryImage\" src=\"https:\/\/jpimg.com.br\/uploads\/2025\/11\/img20250709180527728med-1-750x462.jpg\"><\/div>\n<p><?xml encoding=\"UTF-8\"><\/p>\n<p data-start=\"0\" data-end=\"501\">O <a href=\"https:\/\/jovempan.com.br\/tag\/pt\" target=\"_blank\" rel=\"noopener noreferrer\"><strong>PT<\/strong><\/a> oficializou neste s\u00e1bado a pr\u00e9-candidatura do deputado federal <a href=\"https:\/\/jovempan.com.br\/tag\/paulo-pimenta\" target=\"_blank\" rel=\"noopener noreferrer\"><strong>Paulo Pimenta<\/strong><\/a> ao <a href=\"https:\/\/jovempan.com.br\/tag\/senado\" target=\"_blank\" rel=\"noopener noreferrer\"><strong>Senado<\/strong><\/a> pelo Rio Grande do Sul. O evento, realizado em Porto Alegre, marcou o in\u00edcio da articula\u00e7\u00e3o petista para 2026, com foco na disputa por uma das vagas ga\u00fachas. Em discurso, Pimenta afirmou que o principal desafio do pr\u00f3ximo per\u00edodo ser\u00e1 unir a esquerda para impedir que o Estado \u201ccaia na m\u00e3o do fascismo e da extrema-direita\u201d. Ele destacou ainda que o Senado ser\u00e1 um espa\u00e7o central da disputa pol\u00edtica nacional.<\/p>\n<p data-start=\"503\" data-end=\"882\">A cerim\u00f4nia contou com a presen\u00e7a de <a href=\"https:\/\/jovempan.com.br\/tag\/manuela-davila\" target=\"_blank\" rel=\"noopener noreferrer\"><strong>Manuela d\u2019\u00c1vila<\/strong><\/a>, que deixou o PCdoB em novembro e teve sua pr\u00e9-candidatura ao Senado anunciada neste s\u00e1bado pelo <a href=\"https:\/\/jovempan.com.br\/tag\/psol\" target=\"_blank\" rel=\"noopener noreferrer\"><strong>PSOL<\/strong><\/a>. A formaliza\u00e7\u00e3o est\u00e1 prevista para 9 de dezembro, tamb\u00e9m em Porto Alegre. Pimenta enviou um \u201cabra\u00e7o especial\u201d \u00e0 ex-deputada e afirmou estar convencido de que ambos far\u00e3o uma campanha capaz de \u201capaixonar o Rio Grande do Sul\u201d.<\/p>\n<p data-start=\"884\" data-end=\"1172\">O deputado retomou ainda o hist\u00f3rico das \u00faltimas elei\u00e7\u00f5es ao Senado e disse que a esquerda pretende \u201cse vingar\u201d ao eleger representantes do Estado ap\u00f3s derrotas em ciclos anteriores. \u201cN\u00f3s vamos nos vingar elegendo dois senadores \u2014 um senador e uma senadora \u2014 aqui do Rio Grande\u201d, afirmou.<\/p>\n<p data-start=\"884\" data-end=\"1172\">\n<div class=\"cta-model cta-model2\" name=\"model2\">\n<div class=\"cta-container-general\">\n<div class=\"cta-container-model2\">\n<div class=\"container-image-text\">\n<div class=\"container-img\">\n                    <img decoding=\"async\" id=\"cta-image\" editable=\"true\" name=\"Imagem:\" src=\"https:\/\/s.jpimg.com.br\/wp-content\/plugins\/CTA-posts-selector\/assets\/images\/640_4anos-JPNews.jpg\" alt=\"cta_logo_jp\">\n                <\/div>\n<div class=\"container-title\">\n                    <span id=\"cta-text\" editable=\"true\" name=\"Conte\u00fado:\">Siga o canal da Jovem Pan News e receba as principais not\u00edcias no seu WhatsApp!<\/span>\n                <\/div>\n<\/p><\/div>\n<div class=\"cta-container-link\">\n<div class=\"cta-container-space\"><\/div>\n<p>                <a id=\"cta-link\" editable=\"true\" name=\"Link%20do%20bot%C3%A3o:\" target=\"_blank\" href=\"https:\/\/www.whatsapp.com\/channel\/0029VaAxUvrGJP8Fz9QZH93S\"><\/p>\n<div class=\"container-button\">\n                        <span id=\"cta-text2\" editable=\"true\" name=\"Texto do bot\u00e3o:\">WhatsApp<\/span>\n                    <\/div>\n<div class=\"container-icon\">\n                        <i id=\"cta-icon\" name=\"\u00cdcone do bot\u00e3o:\" editable=\"true\" class=\"fa-brands fa-whatsapp\"><\/i>\n                    <\/div>\n<p>                <\/a>\n            <\/div>\n<\/div>\n<\/div>\n<\/div>\n<p data-start=\"1174\" data-end=\"1561\" data-is-last-node=\"\" data-is-only-node=\"\">O PSOL celebrou a chegada de Manuela d\u2019\u00c1vila ao partido e disse, em publica\u00e7\u00e3o nas redes sociais, que sua filia\u00e7\u00e3o fortalece o projeto de \u201cmudan\u00e7as estruturais para o Brasil\u201d e para a constru\u00e7\u00e3o de um mundo \u201cmais justo e fraterno\u201d. Em suas redes, Manuela afirmou que a esquerda brasileira \u00e9 diversa e que essa diversidade deve ser combinada com \u201ca unidade necess\u00e1ria diante do fascismo\u201d.<\/p>\n<p data-start=\"1174\" data-end=\"1561\" data-is-last-node=\"\" data-is-only-node=\"\"><em>*Com informa\u00e7\u00f5es do Estad\u00e3o Conte\u00fado<\/em><\/p>\n<p data-start=\"1174\" data-end=\"1561\" data-is-last-node=\"\" data-is-only-node=\"\">\n<div class=\"list-related-posts\">\n<h3>Leia tamb\u00e9m<\/h3>\n<div class=\"related-posts-container\">\n<div class=\"related-post-item-container\">\n<div class=\"related-post\">\n<div class=\"img-related-box\">\n                                            <strong><a href=\"https:\/\/jovempan.com.br\/noticias\/politica\/alcolumbre-sobe-o-tom-contra-o-governo-apos-lula-segurar-envio-da-indicacao-de-messias.html\" title=\"Alcolumbre sobe o tom contra o governo ap\u00f3s Lula segurar envio da indica\u00e7\u00e3o de Messias\"><img decoding=\"async\" src=\"https:\/\/jpimg.com.br\/uploads\/2025\/03\/enq20250211019.jpg\"><\/a><\/strong>\n                                        <\/div>\n<p>                                        <span class=\"box-the-title\"><br \/>\n                                            <strong><a href=\"https:\/\/jovempan.com.br\/noticias\/politica\/alcolumbre-sobe-o-tom-contra-o-governo-apos-lula-segurar-envio-da-indicacao-de-messias.html\" title=\"Alcolumbre sobe o tom contra o governo ap\u00f3s Lula segurar envio da indica\u00e7\u00e3o de Messias\">Alcolumbre sobe o tom contra o governo ap\u00f3s Lula segurar envio da indica\u00e7\u00e3o de Messias<\/a><\/strong><br \/>\n                                        <\/span>\n                                    <\/div>\n<div class=\"related-post\">\n<div class=\"img-related-box\">\n                                            <strong><a href=\"https:\/\/jovempan.com.br\/noticias\/politica\/lula-fara-pronunciamento-sobre-isencao-do-imposto-de-renda-neste-domingo.html\" title=\"Lula far\u00e1 pronunciamento sobre isen\u00e7\u00e3o do Imposto de Renda neste domingo\"><img decoding=\"async\" src=\"https:\/\/jpimg.com.br\/uploads\/2025\/02\/54349358529_726e8d8615_k.jpg\"><\/a><\/strong>\n                                        <\/div>\n<p>                                        <span class=\"box-the-title\"><br \/>\n                                            <strong><a href=\"https:\/\/jovempan.com.br\/noticias\/politica\/lula-fara-pronunciamento-sobre-isencao-do-imposto-de-renda-neste-domingo.html\" title=\"Lula far\u00e1 pronunciamento sobre isen\u00e7\u00e3o do Imposto de Renda neste domingo\">Lula far\u00e1 pronunciamento sobre isen\u00e7\u00e3o do Imposto de Renda neste domingo<\/a><\/strong><br \/>\n                                        <\/span>\n                                    <\/div>\n<\/p><\/div>\n<\/p><\/div>\n<\/p><\/div>\n<\/div>\n","protected":false},"excerpt":{"rendered":"<p>O PT oficializou neste s\u00e1bado a pr\u00e9-candidatura do deputado federal Paulo Pimenta ao Senado pelo Rio Grande do Sul. O evento, realizado em Porto Alegre, marcou o in\u00edcio da articula\u00e7\u00e3o petista para 2026, com foco na disputa por uma das vagas ga\u00fachas. Em discurso, Pimenta afirmou que o principal desafio do pr\u00f3ximo per\u00edodo ser\u00e1 unir [&hellip;]<\/p>\n","protected":false},"author":117,"featured_media":60683,"comment_status":"closed","ping_status":"closed","sticky":false,"template":"","format":"standard","meta":{"_themeisle_gutenberg_block_has_review":false,"_jetpack_memberships_contains_paid_content":false,"footnotes":""},"categories":[9],"tags":[129],"class_list":{"0":"post-60682","1":"post","2":"type-post","3":"status-publish","4":"format-standard","5":"has-post-thumbnail","7":"category-politica","8":"tag-politica"},"jetpack_featured_media_url":"https:\/\/crajubaremacao.com.br\/wp-content\/uploads\/2025\/11\/img20250709180527728med-1-750x462-1.jpg","jetpack_sharing_enabled":true,"_links":{"self":[{"href":"https:\/\/crajubaremacao.com.br\/index.php?rest_route=\/wp\/v2\/posts\/60682","targetHints":{"allow":["GET"]}}],"collection":[{"href":"https:\/\/crajubaremacao.com.br\/index.php?rest_route=\/wp\/v2\/posts"}],"about":[{"href":"https:\/\/crajubaremacao.com.br\/index.php?rest_route=\/wp\/v2\/types\/post"}],"author":[{"embeddable":true,"href":"https:\/\/crajubaremacao.com.br\/index.php?rest_route=\/wp\/v2\/users\/117"}],"replies":[{"embeddable":true,"href":"https:\/\/crajubaremacao.com.br\/index.php?rest_route=%2Fwp%2Fv2%2Fcomments&post=60682"}],"version-history":[{"count":0,"href":"https:\/\/crajubaremacao.com.br\/index.php?rest_route=\/wp\/v2\/posts\/60682\/revisions"}],"wp:featuredmedia":[{"embeddable":true,"href":"https:\/\/crajubaremacao.com.br\/index.php?rest_route=\/wp\/v2\/media\/60683"}],"wp:attachment":[{"href":"https:\/\/crajubaremacao.com.br\/index.php?rest_route=%2Fwp%2Fv2%2Fmedia&parent=60682"}],"wp:term":[{"taxonomy":"category","embeddable":true,"href":"https:\/\/crajubaremacao.com.br\/index.php?rest_route=%2Fwp%2Fv2%2Fcategories&post=60682"},{"taxonomy":"post_tag","embeddable":true,"href":"https:\/\/crajubaremacao.com.br\/index.php?rest_route=%2Fwp%2Fv2%2Ftags&post=60682"}],"curies":[{"name":"wp","href":"https:\/\/api.w.org\/{rel}","templated":true}]}}