{"id":60702,"date":"2025-12-01T05:02:22","date_gmt":"2025-12-01T08:02:22","guid":{"rendered":"https:\/\/crajubaremacao.com.br\/?p=60702"},"modified":"2025-12-01T05:02:22","modified_gmt":"2025-12-01T08:02:22","slug":"sesa-realiza-dia-d-de-combate-as-arboviroses-com-mobilizacao-em-aquiraz","status":"publish","type":"post","link":"https:\/\/crajubaremacao.com.br\/?p=60702","title":{"rendered":"Sesa realiza Dia D de combate \u00e0s arboviroses com mobiliza\u00e7\u00e3o em Aquiraz"},"content":{"rendered":"<div>\n<p><img fetchpriority=\"high\" fetchpriority=\"high\" decoding=\"async\" class=\"wp-image-303988 size-full aligncenter\" src=\"https:\/\/www.ceara.gov.br\/wp-content\/uploads\/2025\/11\/dia-d-contra-dengue-2.png\" alt=\"\" width=\"775\" height=\"485\" srcset=\"https:\/\/www.ceara.gov.br\/wp-content\/uploads\/2025\/11\/dia-d-contra-dengue-2.png 775w, https:\/\/www.ceara.gov.br\/wp-content\/uploads\/2025\/11\/dia-d-contra-dengue-2-600x375.png 600w, https:\/\/www.ceara.gov.br\/wp-content\/uploads\/2025\/11\/dia-d-contra-dengue-2-768x481.png 768w\" sizes=\"(max-width: 775px) 100vw, 775px\"><\/p>\n<p style=\"text-align: center\"><em>Mobiliza\u00e7\u00e3o finalizou atividades da Semana Estadual de Combate \u00e0s Arboviroses<\/em><\/p>\n<p>A\u00a0<strong>Secretaria da Sa\u00fade do Cear\u00e1 (Sesa)<\/strong>\u00a0realizou, neste s\u00e1bado (29), o\u00a0<strong>Dia D estadual de Combate \u00e0s Arboviroses<\/strong>, em Aquiraz, encerrando a\u00a0<strong>Semana Estadual de Mobiliza\u00e7\u00e3o<\/strong>, que envolveu a\u00e7\u00f5es simult\u00e2neas nos 184 munic\u00edpios cearenses. A programa\u00e7\u00e3o ocorreu na Pra\u00e7a das Flores, no Centro da cidade que faz parte da Regi\u00e3o Metropolitana de Fortaleza. Estiveram reunidos no local, profissionais de sa\u00fade, gestores p\u00fablicos, lideran\u00e7as comunit\u00e1rias, estudantes e usu\u00e1rios do Sistema \u00danico de Sa\u00fade (SUS).<\/p>\n<p>A programa\u00e7\u00e3o contou com a presen\u00e7a de gestores da Sesa, representantes da Secretaria Executiva de Vigil\u00e2ncia em Sa\u00fade (Sevig), da C\u00e9lula de Vigil\u00e2ncia Entomol\u00f3gica e Controle Vetorial (Cevet) e das equipes da Secretaria Municipal de Sa\u00fade de Aquiraz, al\u00e9m de agentes de endemias e popula\u00e7\u00e3o.<\/p>\n<p>O objetivo da mobiliza\u00e7\u00e3o \u00e9 sensibilizar a popula\u00e7\u00e3o para eliminar focos do\u00a0<em>Aedes aegypti<\/em>, mosquito transmissor da dengue, chikungunya e zika, antes da quadra chuvosa, per\u00edodo em que aumentam os riscos para prolifera\u00e7\u00e3o do vetor. O secret\u00e1rio-executivo de Vigil\u00e2ncia em Sa\u00fade da Sesa, Antonio Silva Lima Neto (Tanta), lembra que o trabalho individual \u00e9 de extrema import\u00e2ncia, afinal, boa parte dos focos se encontra dentro dos lares. \u201cAo analisarmos os dados, 85% dos focos de mosquitos est\u00e3o dentro de casa, ent\u00e3o, sem o apoio individual, o v\u00edrus se espalha no ambiente privado e atinge e a popula\u00e7\u00e3o\u201d, comenta.<\/p>\n<p style=\"text-align: center\"><img loading=\"lazy\" loading=\"lazy\" decoding=\"async\" class=\"aligncenter wp-image-149212 size-full\" src=\"https:\/\/www.saude.ce.gov.br\/wp-content\/uploads\/sites\/9\/2025\/11\/dia-d-contra-dengue.png\" alt=\"\" width=\"775\" height=\"485\"><em>Tanta lembra que o trabalho individual \u00e9 de extrema import\u00e2ncia<\/em><\/p>\n<p>O Dia D de mobiliza\u00e7\u00e3o \u00e9 estrategicamente pensado para anteceder a quadra chuvosa, refor\u00e7a Ana Maria Cabral, coordenadora de Vigil\u00e2ncia Epidemiol\u00f3gica (Covep) da Sesa. \u201cEsse \u00e9 um momento importante quando a gente fala de preven\u00e7\u00e3o, j\u00e1 que no in\u00edcio do ano temos as chuvas e maior chance de criadouros de mosquitos. Quanto antes nos mobilizarmos, menos infesta\u00e7\u00e3o e menos adoecimento pelo mosquito Aedes aegypti teremos\u201d, comenta.<\/p>\n<p>O enfrentamento \u00e0s arboviroses s\u00f3 \u00e9 poss\u00edvel gra\u00e7as ao trabalho conjunto entre a Sesa e os 184 munic\u00edpios do Estado. \u00c9 o que ressalta o orientador da C\u00e9lula de Vigil\u00e2ncia Entomol\u00f3gica e Controle de Vetores (Cevet), Luiz Osvaldo Rodrigues, essa atua\u00e7\u00e3o integrada garante que as a\u00e7\u00f5es cheguem de forma efetiva ao territ\u00f3rio. Segundo ele, o Estado trabalha de maneira complementar ao munic\u00edpio, oferecendo apoio t\u00e9cnico, mobiliza\u00e7\u00e3o cont\u00ednua e repasse de insumos para fortalecer o trabalho di\u00e1rio dos agentes. \u201cQuem est\u00e1 na ponta, visitando casas e conversando com a popula\u00e7\u00e3o, s\u00e3o as equipes municipais. Nosso papel \u00e9 orientar, capacitar e incentivar essas a\u00e7\u00f5es para que o usu\u00e1rio perceba o servi\u00e7o e compreenda a import\u00e2ncia da preven\u00e7\u00e3o durante todo o ano\u201d, explica.<\/p>\n<p style=\"text-align: center\"><em><img loading=\"lazy\" loading=\"lazy\" decoding=\"async\" class=\"aligncenter wp-image-149218\" src=\"https:\/\/www.saude.ce.gov.br\/wp-content\/uploads\/sites\/9\/2025\/11\/1000456536-600x450.jpg\" alt=\"\" width=\"775\" height=\"581\">Jogos l\u00fadicos fizeram parte da programa\u00e7\u00e3o<\/em><\/p>\n<p>Durante a cerim\u00f4nia, o p\u00fablico participou de atividades pr\u00e1ticas conduzidas pela equipe de controle de arboviroses do Estado. O mascote \u201cMosquit\u00e3o\u201d estava, de maneira l\u00fadica, representando, o mosquito\u00a0<em>Aedes aegypti.\u00a0<\/em>Houve tamb\u00e9m a montagem de um laborat\u00f3rio de viv\u00eancias, com identifica\u00e7\u00e3o de focos e orienta\u00e7\u00f5es sobre recipientes de risco, e o jogo educativo \u201cTodos Contra a Dengue\u201d.<\/p>\n<p style=\"text-align: center\"><em><img loading=\"lazy\" loading=\"lazy\" decoding=\"async\" class=\"aligncenter wp-image-149213 size-full\" src=\"https:\/\/www.saude.ce.gov.br\/wp-content\/uploads\/sites\/9\/2025\/11\/dia-d-contra-dengue-3.png\" alt=\"\" width=\"775\" height=\"485\">Pra\u00e7a das Flores de Aquiraz recebeu o evento neste s\u00e1bado (29)<\/em><\/p>\n<p>As a\u00e7\u00f5es aproximaram o tema do cotidiano das fam\u00edlias, mostrando pr\u00e1ticas simples que podem ser adotadas diariamente para evitar o nascimento do mosquito.<\/p>\n<p>A articuladora do Grupo T\u00e9cnico de Controle Vetorial das Arboviroses da C\u00e9lula de Vigil\u00e2ncia Entomol\u00f3gica e Controle Vetorial (Cevet), Carla Freitas, orienta que a popula\u00e7\u00e3o elimine qualquer recipiente que possa acumular \u00e1gua, mantenha caixas d\u2019\u00e1gua vedadas, limpe calhas e pratinhos de plantas e realize a higieniza\u00e7\u00e3o semanal de recipientes. \u201cDestaco tamb\u00e9m a import\u00e2ncia de receber os agentes de endemias, que possuem olhar t\u00e9cnico para identificar poss\u00edveis criadouros. A soma dessas pequenas a\u00e7\u00f5es individuais protege toda a comunidade\u201d, afirma.<\/p>\n<p><img loading=\"lazy\" loading=\"lazy\" decoding=\"async\" class=\"aligncenter wp-image-149211 size-full\" src=\"https:\/\/www.saude.ce.gov.br\/wp-content\/uploads\/sites\/9\/2025\/11\/dia-d-contra-dengue-1.png\" alt=\"\" width=\"775\" height=\"485\"><\/p>\n<p style=\"text-align: center\"><em>Gestores e trabalhadores da sa\u00fade estiveram no local<\/em><\/p>\n<h3>Semana Estadual de Combate \u00e0s Arboviroses<\/h3>\n<p>Entre 23 e 29 de novembro, o Governo do Cear\u00e1 realizou a\u00a0<strong>Semana Estadual de Combate \u00e0s Arboviroses<\/strong>, com atividades em Fortaleza e em todos os 184 munic\u00edpios cearenses. As a\u00e7\u00f5es inclu\u00edram palestras, rodas de conversa, mobiliza\u00e7\u00e3o em escolas, orienta\u00e7\u00f5es nas unidades de sa\u00fade e atividades educativas em pontos estrat\u00e9gicos, como pra\u00e7as, terminais e locais de grande circula\u00e7\u00e3o na Capital.<\/p>\n<p>O post <a href=\"https:\/\/www.ceara.gov.br\/2025\/11\/30\/sesa-realiza-dia-d-de-combate-as-arboviroses-com-mobilizacao-em-aquiraz\/\">Sesa realiza Dia D de combate \u00e0s arboviroses com mobiliza\u00e7\u00e3o em Aquiraz<\/a> apareceu primeiro em <a href=\"https:\/\/www.ceara.gov.br\/\">Governo do Estado do Cear\u00e1<\/a>.<\/p>\n<\/div>\n","protected":false},"excerpt":{"rendered":"<p>Mobiliza\u00e7\u00e3o finalizou atividades da Semana Estadual de Combate \u00e0s Arboviroses A\u00a0Secretaria da Sa\u00fade do Cear\u00e1 (Sesa)\u00a0realizou, neste s\u00e1bado (29), o\u00a0Dia D estadual de Combate \u00e0s Arboviroses, em Aquiraz, encerrando a\u00a0Semana Estadual de Mobiliza\u00e7\u00e3o, que envolveu a\u00e7\u00f5es simult\u00e2neas nos 184 munic\u00edpios cearenses. A programa\u00e7\u00e3o ocorreu na Pra\u00e7a das Flores, no Centro da cidade que faz parte [&hellip;]<\/p>\n","protected":false},"author":265,"featured_media":60703,"comment_status":"closed","ping_status":"closed","sticky":false,"template":"","format":"standard","meta":{"_themeisle_gutenberg_block_has_review":false,"_jetpack_memberships_contains_paid_content":false,"footnotes":""},"categories":[4],"tags":[127,130],"class_list":{"0":"post-60702","1":"post","2":"type-post","3":"status-publish","4":"format-standard","5":"has-post-thumbnail","7":"category-regiao","8":"tag-cariri","9":"tag-ceara"},"jetpack_featured_media_url":"https:\/\/crajubaremacao.com.br\/wp-content\/uploads\/2025\/12\/dia-d-contra-dengue-2.png","jetpack_sharing_enabled":true,"_links":{"self":[{"href":"https:\/\/crajubaremacao.com.br\/index.php?rest_route=\/wp\/v2\/posts\/60702","targetHints":{"allow":["GET"]}}],"collection":[{"href":"https:\/\/crajubaremacao.com.br\/index.php?rest_route=\/wp\/v2\/posts"}],"about":[{"href":"https:\/\/crajubaremacao.com.br\/index.php?rest_route=\/wp\/v2\/types\/post"}],"author":[{"embeddable":true,"href":"https:\/\/crajubaremacao.com.br\/index.php?rest_route=\/wp\/v2\/users\/265"}],"replies":[{"embeddable":true,"href":"https:\/\/crajubaremacao.com.br\/index.php?rest_route=%2Fwp%2Fv2%2Fcomments&post=60702"}],"version-history":[{"count":0,"href":"https:\/\/crajubaremacao.com.br\/index.php?rest_route=\/wp\/v2\/posts\/60702\/revisions"}],"wp:featuredmedia":[{"embeddable":true,"href":"https:\/\/crajubaremacao.com.br\/index.php?rest_route=\/wp\/v2\/media\/60703"}],"wp:attachment":[{"href":"https:\/\/crajubaremacao.com.br\/index.php?rest_route=%2Fwp%2Fv2%2Fmedia&parent=60702"}],"wp:term":[{"taxonomy":"category","embeddable":true,"href":"https:\/\/crajubaremacao.com.br\/index.php?rest_route=%2Fwp%2Fv2%2Fcategories&post=60702"},{"taxonomy":"post_tag","embeddable":true,"href":"https:\/\/crajubaremacao.com.br\/index.php?rest_route=%2Fwp%2Fv2%2Ftags&post=60702"}],"curies":[{"name":"wp","href":"https:\/\/api.w.org\/{rel}","templated":true}]}}