{"id":60704,"date":"2025-12-01T06:14:15","date_gmt":"2025-12-01T09:14:15","guid":{"rendered":"https:\/\/crajubaremacao.com.br\/?p=60704"},"modified":"2025-12-01T06:14:15","modified_gmt":"2025-12-01T09:14:15","slug":"senado-deve-votar-nesta-semana-o-pl-antifaccao","status":"publish","type":"post","link":"https:\/\/crajubaremacao.com.br\/?p=60704","title":{"rendered":"Senado deve votar nesta semana o PL Antifac\u00e7\u00e3o"},"content":{"rendered":"<div>\n<div style=\"margin-bottom: 15px;\"><img decoding=\"async\" class=\"type:primaryImage\" src=\"https:\/\/jpimg.com.br\/uploads\/2025\/11\/imagem_materia-2-1-750x497.jpg\"><\/div>\n<p><?xml encoding=\"UTF-8\"><\/p>\n<p>O <a href=\"http:\/\/jovempan.com.br\/tag\/senado-federal\"><strong>Senado Federal<\/strong><\/a> deve votar, nesta semana, o Projeto de Lei que estabelece medidas mais r\u00edgidas para o enfrentamento \u00e0s fac\u00e7\u00f5es criminosas no <a href=\"http:\/\/jovempan.com.br\/tag\/brasil\"><strong>Brasil<\/strong><\/a>. Conhecida como <a href=\"http:\/\/jovempan.com.br\/tag\/pl-antifaccao\"><strong>PL AntiFac\u00e7\u00e3o<\/strong><\/a>, a proposta busca intensificar o combate a organiza\u00e7\u00f5es que atuam no tr\u00e1fico de drogas, no roubo de cargas, no tr\u00e1fico de armas e em outras atividades il\u00edcitas. O tema promete dominar a pauta do Congresso nos pr\u00f3ximos dias.<\/p>\n<p>Assim como ocorreu na <a href=\"http:\/\/jovempan.com.br\/tag\/camara-dos-deputados\"><strong>C\u00e2mara dos Deputados<\/strong><\/a> \u2014 onde o texto passou por seis altera\u00e7\u00f5es \u2014 o projeto tamb\u00e9m divide opini\u00f5es no Senado. Enquanto parlamentares defendem maior rigor no enfrentamento ao <a href=\"http:\/\/jovempan.com.br\/tag\/crime-organizado\"><strong>crime organizado<\/strong><\/a>, especialistas refor\u00e7am que o pa\u00eds precisa, paralelamente, investir em educa\u00e7\u00e3o, preven\u00e7\u00e3o e reintegra\u00e7\u00e3o social para atacar as causas da criminalidade de forma mais ampla.<\/p>\n<p>O relator do projeto na C\u00e2mara, <a href=\"http:\/\/jovempan.com.br\/tag\/guilherme-derrite\"><strong>Guilherme Derrite<\/strong><\/a> (PP-SP), atualmente licenciado do cargo de deputado federal, afirma que o objetivo do texto \u00e9 lidar com o problema de maneira pragm\u00e1tica, combatendo territ\u00f3rios dominados e impedindo a recria\u00e7\u00e3o de n\u00facleos criminosos ap\u00f3s a pris\u00e3o de l\u00edderes. Em entrevista \u00e0 <strong>Jovem Pan<\/strong>, Derrite disse considerar \u201cabsolutamente normal\u201d que o Senado fa\u00e7a altera\u00e7\u00f5es no texto e declarou confian\u00e7a no trabalho do relator da mat\u00e9ria na Casa, <a href=\"http:\/\/jovempan.com.br\/tag\/alessandro-vieira\"><strong>Alessandro Vieira<\/strong><\/a> (MDB-SE).<\/p>\n<p>Ele refor\u00e7ou ainda que, ap\u00f3s a vota\u00e7\u00e3o, o texto retornar\u00e1 \u00e0 C\u00e2mara: \u201cO senador Alessandro Vieira \u00e9 delegado de pol\u00edcia, conhece seguran\u00e7a p\u00fablica, tem bom tr\u00e2nsito no Senado, tenho certeza que vai fazer bom trabalho; quando acontecerem, obrigatoriamente volta pra C\u00e2mara, vamos estudar as altera\u00e7\u00f5es feitas; se as altera\u00e7\u00f5es resultarem em melhorias, a C\u00e2mara aprova e vai enviar para o Presidente da Rep\u00fablica possa sancionar o Marco Legal do Combate ao Crime Organizado no Brasil mesmo o partido dele, o PT, a base do governo, tendo votado contra o endurecimento das penas, mas isso \u00e9 zero surpresa para quem acompanha pol\u00edtica!\u201d.<\/p>\n<div class=\"cta-model cta-model2\" name=\"model2\">\n<div class=\"cta-container-general\">\n<div class=\"cta-container-model2\">\n<div class=\"container-image-text\">\n<div class=\"container-img\">\n                    <img decoding=\"async\" id=\"cta-image\" editable=\"true\" name=\"Imagem:\" src=\"https:\/\/s.jpimg.com.br\/wp-content\/plugins\/CTA-posts-selector\/assets\/images\/640_4anos-JPNews.jpg\" alt=\"cta_logo_jp\">\n                <\/div>\n<div class=\"container-title\">\n                    <span id=\"cta-text\" editable=\"true\" name=\"Conte\u00fado:\">Siga o canal da Jovem Pan News e receba as principais not\u00edcias no seu WhatsApp!<\/span>\n                <\/div>\n<\/p><\/div>\n<div class=\"cta-container-link\">\n<div class=\"cta-container-space\"><\/div>\n<p>                <a id=\"cta-link\" editable=\"true\" name=\"Link%20do%20bot%C3%A3o:\" target=\"_blank\" href=\"https:\/\/www.whatsapp.com\/channel\/0029VaAxUvrGJP8Fz9QZH93S\"><\/p>\n<div class=\"container-button\">\n                        <span id=\"cta-text2\" editable=\"true\" name=\"Texto do bot\u00e3o:\">WhatsApp<\/span>\n                    <\/div>\n<div class=\"container-icon\">\n                        <i id=\"cta-icon\" name=\"\u00cdcone do bot\u00e3o:\" editable=\"true\" class=\"fa-brands fa-whatsapp\"><\/i>\n                    <\/div>\n<p>                <\/a>\n            <\/div>\n<\/div>\n<\/div>\n<\/div>\n<p>Para o diretor da Pol\u00edcia Civil de <a href=\"http:\/\/jovempan.com.br\/tag\/sao-paulo\"><strong>S\u00e3o Paulo<\/strong><\/a>, Artur Dian, o Congresso est\u00e1 alinhado com o tema e a tend\u00eancia \u00e9 que o projeto avance sem grandes modifica\u00e7\u00f5es. Elaborado para enfraquecer fac\u00e7\u00f5es como <a href=\"http:\/\/jovempan.com.br\/tag\/pcc\"><strong>PCC<\/strong><\/a> e <a href=\"http:\/\/jovempan.com.br\/tag\/comando-vermelho\"><strong>Comando Vermelho<\/strong><\/a>, o PL cria um conjunto de medidas legais e operacionais para desmantelar a estrutura dessas organiza\u00e7\u00f5es. A proposta endurece penas para participa\u00e7\u00e3o em fac\u00e7\u00f5es criminosas \u2014 algo que antes ocorria apenas para l\u00edderes \u2014 e estabelece a\u00e7\u00f5es como: aumento geral de penas; transfer\u00eancia de chefes de fac\u00e7\u00f5es para pres\u00eddios de seguran\u00e7a m\u00e1xima e amplia\u00e7\u00e3o da integra\u00e7\u00e3o entre as for\u00e7as de seguran\u00e7a.<\/p>\n<p>Com o crime organizado consolidado como pauta n\u00famero um das elei\u00e7\u00f5es de 2026, autoridades demonstram preocupa\u00e7\u00e3o com o controle de territ\u00f3rios, sobretudo nas grandes cidades, e com as constantes disputas entre fac\u00e7\u00f5es, que t\u00eam ampliado \u00edndices de viol\u00eancia e tr\u00e1fico. O objetivo central do projeto \u00e9 justamente interromper o ciclo de reorganiza\u00e7\u00e3o desses grupos. Para avan\u00e7ar, o texto precisa ser aprovado pelo Senado e, posteriormente, ser sancionado pelo Presidente da Rep\u00fablica.<\/p>\n<div class=\"list-related-posts\">\n<h3>Leia tamb\u00e9m<\/h3>\n<div class=\"related-posts-container\">\n<div class=\"related-post-item-container\">\n<div class=\"related-post\">\n<div class=\"img-related-box\">\n                                            <strong><a href=\"https:\/\/jovempan.com.br\/seguranca\/rio-remove-1-800-toneladas-de-barricadas-em-uma-semana-de-operacao.html\" title=\"Rio remove 1.800 toneladas de barricadas em uma semana de opera\u00e7\u00e3o\"><img decoding=\"async\" src=\"https:\/\/jpimg.com.br\/uploads\/2025\/11\/imagem-jvp-46.png\"><\/a><\/strong>\n                                        <\/div>\n<p>                                        <span class=\"box-the-title\"><br \/>\n                                            <strong><a href=\"https:\/\/jovempan.com.br\/seguranca\/rio-remove-1-800-toneladas-de-barricadas-em-uma-semana-de-operacao.html\" title=\"Rio remove 1.800 toneladas de barricadas em uma semana de opera\u00e7\u00e3o\">Rio remove 1.800 toneladas de barricadas em uma semana de opera\u00e7\u00e3o<\/a><\/strong><br \/>\n                                        <\/span>\n                                    <\/div>\n<div class=\"related-post\">\n<div class=\"img-related-box\">\n                                            <strong><a href=\"https:\/\/jovempan.com.br\/noticias\/politica\/carmen-lucia-compara-ditadura-a-erva-daninha-e-defende-vigilancia.html\" title=\"C\u00e1rmen L\u00facia compara ditadura a 'erva daninha' e defende vigil\u00e2ncia\"><img decoding=\"async\" src=\"https:\/\/jpimg.com.br\/uploads\/2025\/11\/design-sem-nome-1-18.png\"><\/a><\/strong>\n                                        <\/div>\n<p>                                        <span class=\"box-the-title\"><br \/>\n                                            <strong><a href=\"https:\/\/jovempan.com.br\/noticias\/politica\/carmen-lucia-compara-ditadura-a-erva-daninha-e-defende-vigilancia.html\" title=\"C\u00e1rmen L\u00facia compara ditadura a 'erva daninha' e defende vigil\u00e2ncia\">C\u00e1rmen L\u00facia compara ditadura a &#8216;erva daninha&#8217; e defende vigil\u00e2ncia<\/a><\/strong><br \/>\n                                        <\/span>\n                                    <\/div>\n<\/p><\/div>\n<\/p><\/div>\n<\/p><\/div>\n<\/div>\n","protected":false},"excerpt":{"rendered":"<p>O Senado Federal deve votar, nesta semana, o Projeto de Lei que estabelece medidas mais r\u00edgidas para o enfrentamento \u00e0s fac\u00e7\u00f5es criminosas no Brasil. Conhecida como PL AntiFac\u00e7\u00e3o, a proposta busca intensificar o combate a organiza\u00e7\u00f5es que atuam no tr\u00e1fico de drogas, no roubo de cargas, no tr\u00e1fico de armas e em outras atividades il\u00edcitas. [&hellip;]<\/p>\n","protected":false},"author":117,"featured_media":60705,"comment_status":"closed","ping_status":"closed","sticky":false,"template":"","format":"standard","meta":{"_themeisle_gutenberg_block_has_review":false,"_jetpack_memberships_contains_paid_content":false,"footnotes":""},"categories":[9],"tags":[129],"class_list":{"0":"post-60704","1":"post","2":"type-post","3":"status-publish","4":"format-standard","5":"has-post-thumbnail","7":"category-politica","8":"tag-politica"},"jetpack_featured_media_url":"https:\/\/crajubaremacao.com.br\/wp-content\/uploads\/2025\/12\/imagem_materia-2-1-750x497-1.jpg","jetpack_sharing_enabled":true,"_links":{"self":[{"href":"https:\/\/crajubaremacao.com.br\/index.php?rest_route=\/wp\/v2\/posts\/60704","targetHints":{"allow":["GET"]}}],"collection":[{"href":"https:\/\/crajubaremacao.com.br\/index.php?rest_route=\/wp\/v2\/posts"}],"about":[{"href":"https:\/\/crajubaremacao.com.br\/index.php?rest_route=\/wp\/v2\/types\/post"}],"author":[{"embeddable":true,"href":"https:\/\/crajubaremacao.com.br\/index.php?rest_route=\/wp\/v2\/users\/117"}],"replies":[{"embeddable":true,"href":"https:\/\/crajubaremacao.com.br\/index.php?rest_route=%2Fwp%2Fv2%2Fcomments&post=60704"}],"version-history":[{"count":0,"href":"https:\/\/crajubaremacao.com.br\/index.php?rest_route=\/wp\/v2\/posts\/60704\/revisions"}],"wp:featuredmedia":[{"embeddable":true,"href":"https:\/\/crajubaremacao.com.br\/index.php?rest_route=\/wp\/v2\/media\/60705"}],"wp:attachment":[{"href":"https:\/\/crajubaremacao.com.br\/index.php?rest_route=%2Fwp%2Fv2%2Fmedia&parent=60704"}],"wp:term":[{"taxonomy":"category","embeddable":true,"href":"https:\/\/crajubaremacao.com.br\/index.php?rest_route=%2Fwp%2Fv2%2Fcategories&post=60704"},{"taxonomy":"post_tag","embeddable":true,"href":"https:\/\/crajubaremacao.com.br\/index.php?rest_route=%2Fwp%2Fv2%2Ftags&post=60704"}],"curies":[{"name":"wp","href":"https:\/\/api.w.org\/{rel}","templated":true}]}}