{"id":60725,"date":"2025-12-01T15:01:27","date_gmt":"2025-12-01T18:01:27","guid":{"rendered":"https:\/\/crajubaremacao.com.br\/?p=60725"},"modified":"2025-12-01T15:01:27","modified_gmt":"2025-12-01T18:01:27","slug":"ancelotti-nao-descarta-neymar-na-copa-de-2026-mas-da-aviso-tem-que-estar-100","status":"publish","type":"post","link":"https:\/\/crajubaremacao.com.br\/?p=60725","title":{"rendered":"Ancelotti n\u00e3o descarta Neymar na Copa de 2026, mas d\u00e1 aviso: \u2018Tem que estar 100%\u2019"},"content":{"rendered":"<div>\n<div style=\"margin-bottom: 15px;\"><img decoding=\"async\" class=\"type:primaryImage\" src=\"https:\/\/jpimg.com.br\/uploads\/2025\/07\/tn220250611002-750x500.jpg\"><\/div>\n<p><?xml encoding=\"UTF-8\"><\/p>\n<p>O t\u00e9cnico <a href=\"http:\/\/jovempan.com.br\/tag\/carlo-ancelotti\"><strong>Carlo Ancelotti<\/strong><\/a> falou sobre a possibilidade de convocar <a href=\"http:\/\/jovempan.com.br\/tag\/neymar\"><strong>Neymar<\/strong><\/a> para a disputa da <a href=\"http:\/\/jovempan.com.br\/tag\/copa-do-mundo-de-2026\"><strong>Copa do Mundo de 2026<\/strong><\/a>. O comandante da sele\u00e7\u00e3o brasileira n\u00e3o descarta ter o jogador no Mundial. No entanto, Ancelotti deu um aviso para o atleta do Santos. O jogador tem que estar em plenas condi\u00e7\u00f5es f\u00edsicas para ter chances de disputar a Copa do ano que vem.<\/p>\n<p>\u201cEle tem que estar 100%. Tem muitos jogadores muito bons, eu preciso escolher jogadores que est\u00e3o 100%. N\u00e3o \u00e9 s\u00f3 o Neymar, pode ser o Vinicius (Junior). Se o Vinicius est\u00e1 90%, vou chamar outro jogador que est\u00e1 100%, porque \u00e9 uma sele\u00e7\u00e3o que tem uma compet\u00eancia, sobretudo na frente, muito, muito alta. Na frente, temos muitos jogadores, muito bons\u201d, afirmou Carlo Ancelotti em entrevista ao programa \u201cEsporte Record\u201d, da TV Record.<\/p>\n<div class=\"cta-model cta-model2\" name=\"model2\">\n<div class=\"cta-container-general\">\n<div class=\"cta-container-model2\">\n<div class=\"container-image-text\">\n<div class=\"container-img\">\n                    <img decoding=\"async\" id=\"cta-image\" editable=\"true\" name=\"Imagem:\" src=\"https:\/\/s.jpimg.com.br\/wp-content\/plugins\/CTA-posts-selector\/assets\/images\/640_4anos-JPNews.jpg\" alt=\"cta_logo_jp\">\n                <\/div>\n<div class=\"container-title\">\n                    <span id=\"cta-text\" editable=\"true\" name=\"Conte\u00fado:\">Siga o canal da Jovem Pan News e receba as principais not\u00edcias no seu WhatsApp!<\/span>\n                <\/div>\n<\/p><\/div>\n<div class=\"cta-container-link\">\n<div class=\"cta-container-space\"><\/div>\n<p>                <a id=\"cta-link\" editable=\"true\" name=\"Link%20do%20bot%C3%A3o:\" target=\"_blank\" href=\"https:\/\/www.whatsapp.com\/channel\/0029VaAxUvrGJP8Fz9QZH93S\"><\/p>\n<div class=\"container-button\">\n                        <span id=\"cta-text2\" editable=\"true\" name=\"Texto do bot\u00e3o:\">WhatsApp<\/span>\n                    <\/div>\n<div class=\"container-icon\">\n                        <i id=\"cta-icon\" name=\"\u00cdcone do bot\u00e3o:\" editable=\"true\" class=\"fa-brands fa-whatsapp\"><\/i>\n                    <\/div>\n<p>                <\/a>\n            <\/div>\n<\/div>\n<\/div>\n<\/div>\n<p>Neymar n\u00e3o foi convocado por Carlo Ancelotti desde que o italiano assumiu o comando da sele\u00e7\u00e3o brasileira. O atleta tem sofrido com les\u00f5es no Santos. Especulou-se at\u00e9 que Neymar n\u00e3o jogaria mais nessa temporada. \u201cPenso que \u00e9 um grande talento. Teve a m\u00e1 sorte de ter les\u00f5es no nosso per\u00edodo. Ele n\u00e3o p\u00f4de se preparar para estar em uma boa condi\u00e7\u00e3o f\u00edsica por conta das les\u00f5es que teve\u201d, disse Ancelotti, enfatizando a qualidade de Neymar.<\/p>\n<p>\u201cEst\u00e1 no mesmo n\u00edvel dos outros, tendo em conta que Neymar j\u00e1 mostrou um talento extraordin\u00e1rio\u201d, complementou. Nesta temporada de 2025, Neymar realizou 26 partidas, com oito gols marcados e quatro assist\u00eancias distribu\u00eddas para os companheiros.<\/p>\n<p><em>*Com informa\u00e7\u00f5es do Estad\u00e3o Conte\u00fado<\/em><\/p>\n<div class=\"list-related-posts\">\n<h3>Leia tamb\u00e9m<\/h3>\n<div class=\"related-posts-container\">\n<div class=\"related-post-item-container\">\n<div class=\"related-post\">\n<div class=\"img-related-box\">\n                                            <strong><a href=\"https:\/\/jovempan.com.br\/esportes\/outros-esportes\/antonelli-recebe-ameacas-apos-ultrapassagem-de-norris-no-catar.html\" title=\"Antonelli recebe amea\u00e7as ap\u00f3s ultrapassagem de Norris no Catar\"><img decoding=\"async\" src=\"https:\/\/jpimg.com.br\/uploads\/2025\/12\/g68k_3ewaaavhmd.jpg\"><\/a><\/strong>\n                                        <\/div>\n<p>                                        <span class=\"box-the-title\"><br \/>\n                                            <strong><a href=\"https:\/\/jovempan.com.br\/esportes\/outros-esportes\/antonelli-recebe-ameacas-apos-ultrapassagem-de-norris-no-catar.html\" title=\"Antonelli recebe amea\u00e7as ap\u00f3s ultrapassagem de Norris no Catar\">Antonelli recebe amea\u00e7as ap\u00f3s ultrapassagem de Norris no Catar<\/a><\/strong><br \/>\n                                        <\/span>\n                                    <\/div>\n<div class=\"related-post\">\n<div class=\"img-related-box\">\n                                            <strong><a href=\"https:\/\/jovempan.com.br\/esportes\/futebol\/futebol-internacional\/jejum-de-rodrygo-vira-destaque-na-imprensa-espanhola-apos-empate-do-real-madrid.html\" title=\"Jejum de Rodrygo vira destaque na imprensa espanhola ap\u00f3s empate do Real Madrid\"><img decoding=\"async\" src=\"https:\/\/jpimg.com.br\/uploads\/2025\/07\/rodrygo-durante-treino-do-real-madrid-foto-divulgacao.jpg\"><\/a><\/strong>\n                                        <\/div>\n<p>                                        <span class=\"box-the-title\"><br \/>\n                                            <strong><a href=\"https:\/\/jovempan.com.br\/esportes\/futebol\/futebol-internacional\/jejum-de-rodrygo-vira-destaque-na-imprensa-espanhola-apos-empate-do-real-madrid.html\" title=\"Jejum de Rodrygo vira destaque na imprensa espanhola ap\u00f3s empate do Real Madrid\">Jejum de Rodrygo vira destaque na imprensa espanhola ap\u00f3s empate do Real Madrid<\/a><\/strong><br \/>\n                                        <\/span>\n                                    <\/div>\n<div class=\"related-post\">\n<div class=\"img-related-box\">\n                                            <strong><a href=\"https:\/\/jovempan.com.br\/esportes\/futebol\/brasileirao-chega-a-reta-final-com-santos-e-inter-ameacados-de-rebaixamento-veja-chances.html\" title=\"Brasileir\u00e3o chega \u00e0 reta final com Santos e Inter amea\u00e7ados de rebaixamento; veja chances\"><img decoding=\"async\" src=\"https:\/\/jpimg.com.br\/uploads\/2025\/12\/design-sem-nome-15.png\"><\/a><\/strong>\n                                        <\/div>\n<p>                                        <span class=\"box-the-title\"><br \/>\n                                            <strong><a href=\"https:\/\/jovempan.com.br\/esportes\/futebol\/brasileirao-chega-a-reta-final-com-santos-e-inter-ameacados-de-rebaixamento-veja-chances.html\" title=\"Brasileir\u00e3o chega \u00e0 reta final com Santos e Inter amea\u00e7ados de rebaixamento; veja chances\">Brasileir\u00e3o chega \u00e0 reta final com Santos e Inter amea\u00e7ados de rebaixamento; veja chances<\/a><\/strong><br \/>\n                                        <\/span>\n                                    <\/div>\n<\/p><\/div>\n<\/p><\/div>\n<\/p><\/div>\n<\/div>\n","protected":false},"excerpt":{"rendered":"<p>O t\u00e9cnico Carlo Ancelotti falou sobre a possibilidade de convocar Neymar para a disputa da Copa do Mundo de 2026. O comandante da sele\u00e7\u00e3o brasileira n\u00e3o descarta ter o jogador no Mundial. No entanto, Ancelotti deu um aviso para o atleta do Santos. O jogador tem que estar em plenas condi\u00e7\u00f5es f\u00edsicas para ter chances [&hellip;]<\/p>\n","protected":false},"author":260,"featured_media":60726,"comment_status":"closed","ping_status":"closed","sticky":false,"template":"","format":"standard","meta":{"_themeisle_gutenberg_block_has_review":false,"_jetpack_memberships_contains_paid_content":false,"footnotes":""},"categories":[12],"tags":[153],"class_list":{"0":"post-60725","1":"post","2":"type-post","3":"status-publish","4":"format-standard","5":"has-post-thumbnail","7":"category-esportes","8":"tag-esportes"},"jetpack_featured_media_url":"https:\/\/crajubaremacao.com.br\/wp-content\/uploads\/2025\/12\/tn220250611002-750x500-1.jpg","jetpack_sharing_enabled":true,"_links":{"self":[{"href":"https:\/\/crajubaremacao.com.br\/index.php?rest_route=\/wp\/v2\/posts\/60725","targetHints":{"allow":["GET"]}}],"collection":[{"href":"https:\/\/crajubaremacao.com.br\/index.php?rest_route=\/wp\/v2\/posts"}],"about":[{"href":"https:\/\/crajubaremacao.com.br\/index.php?rest_route=\/wp\/v2\/types\/post"}],"author":[{"embeddable":true,"href":"https:\/\/crajubaremacao.com.br\/index.php?rest_route=\/wp\/v2\/users\/260"}],"replies":[{"embeddable":true,"href":"https:\/\/crajubaremacao.com.br\/index.php?rest_route=%2Fwp%2Fv2%2Fcomments&post=60725"}],"version-history":[{"count":0,"href":"https:\/\/crajubaremacao.com.br\/index.php?rest_route=\/wp\/v2\/posts\/60725\/revisions"}],"wp:featuredmedia":[{"embeddable":true,"href":"https:\/\/crajubaremacao.com.br\/index.php?rest_route=\/wp\/v2\/media\/60726"}],"wp:attachment":[{"href":"https:\/\/crajubaremacao.com.br\/index.php?rest_route=%2Fwp%2Fv2%2Fmedia&parent=60725"}],"wp:term":[{"taxonomy":"category","embeddable":true,"href":"https:\/\/crajubaremacao.com.br\/index.php?rest_route=%2Fwp%2Fv2%2Fcategories&post=60725"},{"taxonomy":"post_tag","embeddable":true,"href":"https:\/\/crajubaremacao.com.br\/index.php?rest_route=%2Fwp%2Fv2%2Ftags&post=60725"}],"curies":[{"name":"wp","href":"https:\/\/api.w.org\/{rel}","templated":true}]}}