{"id":60727,"date":"2025-12-01T18:10:20","date_gmt":"2025-12-01T21:10:20","guid":{"rendered":"https:\/\/crajubaremacao.com.br\/?p=60727"},"modified":"2025-12-01T18:10:20","modified_gmt":"2025-12-01T21:10:20","slug":"entenda-o-caso-do-cac-procurado-por-matar-vigia-em-shopping-de-palmas","status":"publish","type":"post","link":"https:\/\/crajubaremacao.com.br\/?p=60727","title":{"rendered":"Entenda o caso do CAC procurado por matar vigia em shopping de Palmas"},"content":{"rendered":"<div>\n<div style=\"margin-bottom: 15px;\"><img decoding=\"async\" class=\"type:primaryImage\" src=\"https:\/\/crajubaremacao.com.br\/wp-content\/uploads\/2025\/12\/dono-de-carro-de-luxo-morte-vigia_redes-sociais_widexl-1-750x422-1.jpg\"><\/div>\n<p><?xml encoding=\"UTF-8\"><\/p>\n<p>O vigia Dhemis Augusto Santos, 35, foi morto ap\u00f3s uma discuss\u00e3o no estacionamento de um shopping na regi\u00e3o central de Palmas, na noite de s\u00e1bado (29). C\u00e2meras registraram o momento em que Waldecir Jos\u00e9 de Lima J\u00fanior, 40, atira na regi\u00e3o abdominal da v\u00edtima. Dhemis foi socorrido, mas n\u00e3o resistiu.<\/p>\n<h3><strong>Quem \u00e9 o suspeito<\/strong><\/h3>\n<p>Waldecir \u00e9 registrado como Colecionador, Atirador Desportivo e Ca\u00e7ador (CAC). Esse registro n\u00e3o autoriza porte de arma em locais p\u00fablicos, apenas transporte para treinos e competi\u00e7\u00f5es. Ele est\u00e1 com pris\u00e3o preventiva decretada e \u00e9 considerado foragido.<\/p>\n<p>Segundo a Pol\u00edcia Militar, o suspeito dirigia um carro de luxo e foi advertido pelo vigia ap\u00f3s estacionar irregularmente e atingir uma baliza do estacionamento. A abordagem gerou a discuss\u00e3o que antecedeu o disparo.<\/p>\n<p>Em 2013, Waldecir foi condenado por porte ilegal de arma ap\u00f3s ser flagrado armado em uma churrascaria de Palmas. Na ocasi\u00e3o, tentou se identificar como policial civil. A condena\u00e7\u00e3o foi definida pelo Tribunal de Justi\u00e7a, e a pena acabou convertida em presta\u00e7\u00e3o de servi\u00e7os \u00e0 comunidade.<\/p>\n<div class=\"cta-model cta-model2\" name=\"model2\">\n<div class=\"cta-container-general\">\n<div class=\"cta-container-model2\">\n<div class=\"container-image-text\">\n<div class=\"container-img\">\n                    <img decoding=\"async\" id=\"cta-image\" editable=\"true\" name=\"Imagem:\" src=\"https:\/\/crajubaremacao.com.br\/wp-content\/uploads\/2025\/12\/640_4anos-JPNews-2.jpg\" alt=\"cta_logo_jp\">\n                <\/div>\n<div class=\"container-title\">\n                    <span id=\"cta-text\" editable=\"true\" name=\"Conte\u00fado:\">Siga o canal da Jovem Pan News e receba as principais not\u00edcias no seu WhatsApp!<\/span>\n                <\/div>\n<\/p><\/div>\n<div class=\"cta-container-link\">\n<div class=\"cta-container-space\"><\/div>\n<p>                <a id=\"cta-link\" editable=\"true\" name=\"Link%20do%20bot%C3%A3o:\" target=\"_blank\" href=\"https:\/\/www.whatsapp.com\/channel\/0029VaAxUvrGJP8Fz9QZH93S\"><\/p>\n<div class=\"container-button\">\n                        <span id=\"cta-text2\" editable=\"true\" name=\"Texto do bot\u00e3o:\">WhatsApp<\/span>\n                    <\/div>\n<div class=\"container-icon\">\n                        <i id=\"cta-icon\" name=\"\u00cdcone do bot\u00e3o:\" editable=\"true\" class=\"fa-brands fa-whatsapp\"><\/i>\n                    <\/div>\n<p>                <\/a>\n            <\/div>\n<\/div>\n<\/div>\n<\/div>\n<p>A Pol\u00edcia Civil investiga o caso na 1\u00aa DHPP, e a pol\u00edcia divulgou um cartaz de procurado para auxiliar nas buscas.<\/p>\n<div class=\"list-related-posts\">\n<h3>Leia tamb\u00e9m<\/h3>\n<div class=\"related-posts-container\">\n<div class=\"related-post-item-container\">\n<div class=\"related-post\">\n<div class=\"img-related-box\">\n                                            <strong><a href=\"https:\/\/jovempan.com.br\/noticias\/brasil\/preso-por-atirar-e-matar-gari-em-bh-diz-que-bala-perdida-atingiu-a-vitima.html\" title=\"Preso por atirar e matar gari em BH diz que 'bala perdida' atingiu a v\u00edtima\"><img decoding=\"async\" src=\"https:\/\/crajubaremacao.com.br\/wp-content\/uploads\/2025\/12\/rene-nogueira-junior.png\"><\/a><\/strong>\n                                        <\/div>\n<p>                                        <span class=\"box-the-title\"><br \/>\n                                            <strong><a href=\"https:\/\/jovempan.com.br\/noticias\/brasil\/preso-por-atirar-e-matar-gari-em-bh-diz-que-bala-perdida-atingiu-a-vitima.html\" title=\"Preso por atirar e matar gari em BH diz que 'bala perdida' atingiu a v\u00edtima\">Preso por atirar e matar gari em BH diz que &#8216;bala perdida&#8217; atingiu a v\u00edtima<\/a><\/strong><br \/>\n                                        <\/span>\n                                    <\/div>\n<div class=\"related-post\">\n<div class=\"img-related-box\">\n                                            <strong><a href=\"https:\/\/jovempan.com.br\/noticias\/brasil\/defesa-civil-de-sp-tera-apoio-de-voluntarios-em-emergencias-climaticas.html\" title=\"Defesa Civil de SP ter\u00e1 apoio de volunt\u00e1rios em emerg\u00eancias clim\u00e1ticas\"><img decoding=\"async\" src=\"https:\/\/crajubaremacao.com.br\/wp-content\/uploads\/2025\/12\/design-sem-nome-77.png\"><\/a><\/strong>\n                                        <\/div>\n<p>                                        <span class=\"box-the-title\"><br \/>\n                                            <strong><a href=\"https:\/\/jovempan.com.br\/noticias\/brasil\/defesa-civil-de-sp-tera-apoio-de-voluntarios-em-emergencias-climaticas.html\" title=\"Defesa Civil de SP ter\u00e1 apoio de volunt\u00e1rios em emerg\u00eancias clim\u00e1ticas\">Defesa Civil de SP ter\u00e1 apoio de volunt\u00e1rios em emerg\u00eancias clim\u00e1ticas<\/a><\/strong><br \/>\n                                        <\/span>\n                                    <\/div>\n<\/p><\/div>\n<\/p><\/div>\n<\/p><\/div>\n<\/div>\n","protected":false},"excerpt":{"rendered":"<p>O vigia Dhemis Augusto Santos, 35, foi morto ap\u00f3s uma discuss\u00e3o no estacionamento de um shopping na regi\u00e3o central de Palmas, na noite de s\u00e1bado (29). C\u00e2meras registraram o momento em que Waldecir Jos\u00e9 de Lima J\u00fanior, 40, atira na regi\u00e3o abdominal da v\u00edtima. Dhemis foi socorrido, mas n\u00e3o resistiu. Quem \u00e9 o suspeito Waldecir [&hellip;]<\/p>\n","protected":false},"author":117,"featured_media":60728,"comment_status":"closed","ping_status":"closed","sticky":false,"template":"","format":"standard","meta":{"_themeisle_gutenberg_block_has_review":false,"_jetpack_memberships_contains_paid_content":false,"footnotes":""},"categories":[2],"tags":[150],"class_list":{"0":"post-60727","1":"post","2":"type-post","3":"status-publish","4":"format-standard","5":"has-post-thumbnail","7":"category-brasil","8":"tag-brasil"},"jetpack_featured_media_url":"https:\/\/crajubaremacao.com.br\/wp-content\/uploads\/2025\/12\/dono-de-carro-de-luxo-morte-vigia_redes-sociais_widexl-1-750x422-1.jpg","jetpack_sharing_enabled":true,"_links":{"self":[{"href":"https:\/\/crajubaremacao.com.br\/index.php?rest_route=\/wp\/v2\/posts\/60727","targetHints":{"allow":["GET"]}}],"collection":[{"href":"https:\/\/crajubaremacao.com.br\/index.php?rest_route=\/wp\/v2\/posts"}],"about":[{"href":"https:\/\/crajubaremacao.com.br\/index.php?rest_route=\/wp\/v2\/types\/post"}],"author":[{"embeddable":true,"href":"https:\/\/crajubaremacao.com.br\/index.php?rest_route=\/wp\/v2\/users\/117"}],"replies":[{"embeddable":true,"href":"https:\/\/crajubaremacao.com.br\/index.php?rest_route=%2Fwp%2Fv2%2Fcomments&post=60727"}],"version-history":[{"count":0,"href":"https:\/\/crajubaremacao.com.br\/index.php?rest_route=\/wp\/v2\/posts\/60727\/revisions"}],"wp:featuredmedia":[{"embeddable":true,"href":"https:\/\/crajubaremacao.com.br\/index.php?rest_route=\/wp\/v2\/media\/60728"}],"wp:attachment":[{"href":"https:\/\/crajubaremacao.com.br\/index.php?rest_route=%2Fwp%2Fv2%2Fmedia&parent=60727"}],"wp:term":[{"taxonomy":"category","embeddable":true,"href":"https:\/\/crajubaremacao.com.br\/index.php?rest_route=%2Fwp%2Fv2%2Fcategories&post=60727"},{"taxonomy":"post_tag","embeddable":true,"href":"https:\/\/crajubaremacao.com.br\/index.php?rest_route=%2Fwp%2Fv2%2Ftags&post=60727"}],"curies":[{"name":"wp","href":"https:\/\/api.w.org\/{rel}","templated":true}]}}