{"id":60729,"date":"2025-12-01T18:10:27","date_gmt":"2025-12-01T21:10:27","guid":{"rendered":"https:\/\/crajubaremacao.com.br\/?p=60729"},"modified":"2025-12-01T18:10:27","modified_gmt":"2025-12-01T21:10:27","slug":"secretario-do-governo-lula-critica-novo-texto-de-projeto-antifaccao","status":"publish","type":"post","link":"https:\/\/crajubaremacao.com.br\/?p=60729","title":{"rendered":"Secret\u00e1rio do governo Lula critica novo texto de projeto Antifac\u00e7\u00e3o"},"content":{"rendered":"<div>\n<div style=\"margin-bottom: 15px;\"><img decoding=\"async\" class=\"type:primaryImage\" src=\"https:\/\/jpimg.com.br\/uploads\/2024\/08\/18062024-pzzb4879-750x500.jpg\"><\/div>\n<p><?xml encoding=\"UTF-8\"><\/p>\n<p>O secret\u00e1rio nacional de Seguran\u00e7a P\u00fablica do Minist\u00e9rio da Justi\u00e7a, <a href=\"http:\/\/jovempan.com.br\/tag\/mario-sarrubbo\"><strong>Mario Sarrubbo<\/strong><\/a>, criticou a nova vers\u00e3o do projeto de lei Antifac\u00e7\u00e3o, aprovada na C\u00e2mara em novembro. O texto havia sido originalmente proposto pelo governo federal, mas foi alterado no Congresso. \u201cN\u00e3o adianta s\u00f3 subir a pena. Faz 30 anos que estamos subindo as penas. A Lei dos Crimes Hediondos j\u00e1 tem mais de uma d\u00e9cada. O crime deixou de ser local e passou a ser transnacional\u201d, afirmou Sarrubbo, em evento em S\u00e3o Paulo nesta segunda-feira, (1). O projeto Antifac\u00e7\u00e3o prev\u00ea aumento de penas para membros de organiza\u00e7\u00f5es criminosas, com reclus\u00e3o de 20 a 40 anos, podendo chegar a 66 anos para lideran\u00e7as. O texto tamb\u00e9m eleva o cumprimento m\u00ednimo de pena em regime fechado (75%).<\/p>\n<div class=\"cta-model cta-model2\" name=\"model2\">\n<div class=\"cta-container-general\">\n<div class=\"cta-container-model2\">\n<div class=\"container-image-text\">\n<div class=\"container-img\">\n                    <img decoding=\"async\" id=\"cta-image\" editable=\"true\" name=\"Imagem:\" src=\"https:\/\/s.jpimg.com.br\/wp-content\/plugins\/CTA-posts-selector\/assets\/images\/640_4anos-JPNews.jpg\" alt=\"cta_logo_jp\">\n                <\/div>\n<div class=\"container-title\">\n                    <span id=\"cta-text\" editable=\"true\" name=\"Conte\u00fado:\">Siga o canal da Jovem Pan News e receba as principais not\u00edcias no seu WhatsApp!<\/span>\n                <\/div>\n<\/p><\/div>\n<div class=\"cta-container-link\">\n<div class=\"cta-container-space\"><\/div>\n<p>                <a id=\"cta-link\" editable=\"true\" name=\"Link%20do%20bot%C3%A3o:\" target=\"_blank\" href=\"https:\/\/www.whatsapp.com\/channel\/0029VaAxUvrGJP8Fz9QZH93S\"><\/p>\n<div class=\"container-button\">\n                        <span id=\"cta-text2\" editable=\"true\" name=\"Texto do bot\u00e3o:\">WhatsApp<\/span>\n                    <\/div>\n<div class=\"container-icon\">\n                        <i id=\"cta-icon\" name=\"\u00cdcone do bot\u00e3o:\" editable=\"true\" class=\"fa-brands fa-whatsapp\"><\/i>\n                    <\/div>\n<p>                <\/a>\n            <\/div>\n<\/div>\n<\/div>\n<\/div>\n<p>Na C\u00e2mara, o PL foi relatado pelo deputado federal <a href=\"http:\/\/jovempan.com.br\/tag\/guilherme-derrite\"><strong>Guilherme Derrite<\/strong><\/a> (PP-SP), que apresentou v\u00e1rias mudan\u00e7as no texto. Parte das vers\u00f5es foi alvo de cr\u00edticas por reduzir o alcance de investiga\u00e7\u00e3o da Pol\u00edcia Federal. Alessandro Vieira (MDB-SE) ser\u00e1 o relator do projeto no Senado. Sarrubbo tamb\u00e9m voltou a criticar a megaopera\u00e7\u00e3o policial no Rio de Janeiro contra o Comando Vermelho, que deixou 122 mortos em outubro. Para ele \u00e9 preciso \u201csubir o morro depois de desidratar as atividades criminosas\u201d.<\/p>\n<p>As declara\u00e7\u00f5es foram feitas em evento promovido pela Transpar\u00eancia Internacional Brasil e o Insper nesta segunda-feira, 1, em S\u00e3o Paulo, para discutir desafios impostos pela corrup\u00e7\u00e3o e pelo crime organizado para os setores p\u00fablico e privado no Pa\u00eds. Sarrubbo participou de um painel ao lado de Ricardo Saadi, presidente do COAF, Samira Bueno, diretora executiva do F\u00f3rum Brasileiro de Seguran\u00e7a P\u00fablica, e Marcia Meng, superintendente da Receita Federal em S\u00e3o Paulo.<\/p>\n<p>Integrante do Minist\u00e9rio da Justi\u00e7a e Seguran\u00e7a P\u00fablica, Sarrubbo defende ampliar o programa piloto do governo federal que visa \u00e0 ocupa\u00e7\u00e3o de \u00e1reas dominadas pelas fac\u00e7\u00f5es. A \u00e1rea escolhida fica em Natal, em um bairro atualmente sob influ\u00eancia do Comando Vermelho. O plano combina a ocupa\u00e7\u00e3o territorial dos agentes de seguran\u00e7a com a\u00e7\u00f5es de cidadania. Os t\u00e9cnicos do governo pretendem lev\u00e1-lo a outros pontos do Pa\u00eds, se for bem-sucedido. De acordo com o secret\u00e1rio, foram realizadas 130 pris\u00f5es.<\/p>\n<p>\u201cEstamos com pol\u00edticas p\u00fablicas equivocadas. Ainda \u00e9 a velha pol\u00edtica de subir o morro e prender, numa resposta midi\u00e1tica. Precisamos de a\u00e7\u00f5es integradas com intelig\u00eancia. Ainda estamos matando as formiguinhas e n\u00e3o entramos no formigueiro\u201d, afirmou Sarrubbo. O secret\u00e1rio acrescentou que n\u00e3o \u00e9 contr\u00e1rio \u00e0s interven\u00e7\u00f5es policiais, mas questiona o momento em que elas ocorrem. \u201cS\u00f3 poderemos subir o morro se desidratarmos a atividade criminosa. Temos de desidratar. Temos de subir, mas quando estiver enfraquecido\u201d.<\/p>\n<p><em>*Com informa\u00e7\u00f5es do Estad\u00e3o Conte\u00fado<\/em><\/p>\n<div class=\"list-related-posts\">\n<h3>Leia tamb\u00e9m<\/h3>\n<div class=\"related-posts-container\">\n<div class=\"related-post-item-container\">\n<div class=\"related-post\">\n<div class=\"img-related-box\">\n                                            <strong><a href=\"https:\/\/jovempan.com.br\/noticias\/politica\/moraes-pede-laudo-apos-contradicoes-de-heleno-sobre-alzheimer.html\" title=\"Moraes pede laudo ap\u00f3s contradi\u00e7\u00f5es de Heleno sobre Alzheimer\"><img decoding=\"async\" src=\"https:\/\/jpimg.com.br\/uploads\/2023\/09\/fup20230926028.jpg\"><\/a><\/strong>\n                                        <\/div>\n<p>                                        <span class=\"box-the-title\"><br \/>\n                                            <strong><a href=\"https:\/\/jovempan.com.br\/noticias\/politica\/moraes-pede-laudo-apos-contradicoes-de-heleno-sobre-alzheimer.html\" title=\"Moraes pede laudo ap\u00f3s contradi\u00e7\u00f5es de Heleno sobre Alzheimer\">Moraes pede laudo ap\u00f3s contradi\u00e7\u00f5es de Heleno sobre Alzheimer<\/a><\/strong><br \/>\n                                        <\/span>\n                                    <\/div>\n<div class=\"related-post\">\n<div class=\"img-related-box\">\n                                            <strong><a href=\"https:\/\/jovempan.com.br\/noticias\/politica\/mendonca-concede-habeas-corpus-a-empresario-que-iria-depor-na-cpmi-do-inss.html\" title=\"Mendon\u00e7a concede Habeas Corpus a empres\u00e1rio que iria depor na CPMI do INSS\"><img decoding=\"async\" src=\"https:\/\/jpimg.com.br\/uploads\/2025\/08\/imagem-jvp-2025-08-26t064452.064.png\"><\/a><\/strong>\n                                        <\/div>\n<p>                                        <span class=\"box-the-title\"><br \/>\n                                            <strong><a href=\"https:\/\/jovempan.com.br\/noticias\/politica\/mendonca-concede-habeas-corpus-a-empresario-que-iria-depor-na-cpmi-do-inss.html\" title=\"Mendon\u00e7a concede Habeas Corpus a empres\u00e1rio que iria depor na CPMI do INSS\">Mendon\u00e7a concede Habeas Corpus a empres\u00e1rio que iria depor na CPMI do INSS<\/a><\/strong><br \/>\n                                        <\/span>\n                                    <\/div>\n<div class=\"related-post\">\n<div class=\"img-related-box\">\n                                            <strong><a href=\"https:\/\/jovempan.com.br\/noticias\/politica\/ministro-de-lula-diz-que-atrito-entre-governo-e-senado-por-indicacao-de-messias-e-pontual.html\" title=\"Ministro de Lula diz que atrito entre governo e Senado por indica\u00e7\u00e3o de Messias \u00e9 \" pontual><img decoding=\"async\" src=\"https:\/\/jpimg.com.br\/uploads\/2023\/01\/coletiva-mme-alexandre-silveira_mcamgo_abr_170120231818-3.jpg\"><\/a><\/strong>\n                                        <\/div>\n<p>                                        <span class=\"box-the-title\"><br \/>\n                                            <strong><a href=\"https:\/\/jovempan.com.br\/noticias\/politica\/ministro-de-lula-diz-que-atrito-entre-governo-e-senado-por-indicacao-de-messias-e-pontual.html\" title=\"Ministro de Lula diz que atrito entre governo e Senado por indica\u00e7\u00e3o de Messias \u00e9 \" pontual>Ministro de Lula diz que atrito entre governo e Senado por indica\u00e7\u00e3o de Messias \u00e9 &#8220;pontual&#8221;<\/a><\/strong><br \/>\n                                        <\/span>\n                                    <\/div>\n<\/p><\/div>\n<\/p><\/div>\n<\/p><\/div>\n<\/div>\n","protected":false},"excerpt":{"rendered":"<p>O secret\u00e1rio nacional de Seguran\u00e7a P\u00fablica do Minist\u00e9rio da Justi\u00e7a, Mario Sarrubbo, criticou a nova vers\u00e3o do projeto de lei Antifac\u00e7\u00e3o, aprovada na C\u00e2mara em novembro. O texto havia sido originalmente proposto pelo governo federal, mas foi alterado no Congresso. \u201cN\u00e3o adianta s\u00f3 subir a pena. Faz 30 anos que estamos subindo as penas. A [&hellip;]<\/p>\n","protected":false},"author":117,"featured_media":60730,"comment_status":"closed","ping_status":"closed","sticky":false,"template":"","format":"standard","meta":{"_themeisle_gutenberg_block_has_review":false,"_jetpack_memberships_contains_paid_content":false,"footnotes":""},"categories":[9],"tags":[129],"class_list":{"0":"post-60729","1":"post","2":"type-post","3":"status-publish","4":"format-standard","5":"has-post-thumbnail","7":"category-politica","8":"tag-politica"},"jetpack_featured_media_url":"https:\/\/crajubaremacao.com.br\/wp-content\/uploads\/2025\/12\/18062024-pzzb4879-750x500-1.jpg","jetpack_sharing_enabled":true,"_links":{"self":[{"href":"https:\/\/crajubaremacao.com.br\/index.php?rest_route=\/wp\/v2\/posts\/60729","targetHints":{"allow":["GET"]}}],"collection":[{"href":"https:\/\/crajubaremacao.com.br\/index.php?rest_route=\/wp\/v2\/posts"}],"about":[{"href":"https:\/\/crajubaremacao.com.br\/index.php?rest_route=\/wp\/v2\/types\/post"}],"author":[{"embeddable":true,"href":"https:\/\/crajubaremacao.com.br\/index.php?rest_route=\/wp\/v2\/users\/117"}],"replies":[{"embeddable":true,"href":"https:\/\/crajubaremacao.com.br\/index.php?rest_route=%2Fwp%2Fv2%2Fcomments&post=60729"}],"version-history":[{"count":0,"href":"https:\/\/crajubaremacao.com.br\/index.php?rest_route=\/wp\/v2\/posts\/60729\/revisions"}],"wp:featuredmedia":[{"embeddable":true,"href":"https:\/\/crajubaremacao.com.br\/index.php?rest_route=\/wp\/v2\/media\/60730"}],"wp:attachment":[{"href":"https:\/\/crajubaremacao.com.br\/index.php?rest_route=%2Fwp%2Fv2%2Fmedia&parent=60729"}],"wp:term":[{"taxonomy":"category","embeddable":true,"href":"https:\/\/crajubaremacao.com.br\/index.php?rest_route=%2Fwp%2Fv2%2Fcategories&post=60729"},{"taxonomy":"post_tag","embeddable":true,"href":"https:\/\/crajubaremacao.com.br\/index.php?rest_route=%2Fwp%2Fv2%2Ftags&post=60729"}],"curies":[{"name":"wp","href":"https:\/\/api.w.org\/{rel}","templated":true}]}}