{"id":60747,"date":"2025-12-02T03:03:13","date_gmt":"2025-12-02T06:03:13","guid":{"rendered":"https:\/\/crajubaremacao.com.br\/?p=60747"},"modified":"2025-12-02T03:03:13","modified_gmt":"2025-12-02T06:03:13","slug":"video-arquiteto-denuncia-falta-de-bancos-e-cadeiras-para-passageiros-no-aeroporto-de-fortaleza","status":"publish","type":"post","link":"https:\/\/crajubaremacao.com.br\/?p=60747","title":{"rendered":"V\u00eddeo: Arquiteto denuncia falta de bancos e cadeiras para passageiros no Aeroporto de Fortaleza"},"content":{"rendered":"<div><img decoding=\"async\" src=\"https:\/\/s2-g1.glbimg.com\/T9wxESerHGj9dOa71B_n3lrPwbk=\/i.s3.glbimg.com\/v1\/AUTH_59edd422c0c84a879bd37670ae4f538a\/internal_photos\/bs\/2025\/D\/3\/mtrOMYTqCsg880k9TIBg\/cadeiras-aeroporto.jpg\"><br \/>     Arquiteto denuncia falta de bancos e cadeiras para passageiros no Aeroporto de Fortaleza.<br \/>\nO arquiteto Lucas Rozzoline publicou nas redes sociais uma den\u00fancia sobre a aus\u00eancia de bancos e cadeiras no Aeroporto de Fortaleza. Ele desembarcou na capital cearense no \u00faltimo s\u00e1bado (29) e, ao procurar um local para sentar, n\u00e3o encontrou os bancos e cadeiras anteriormente dispon\u00edveis para a popula\u00e7\u00e3o.<br \/>\nSegundo Lucas, s\u00f3 havia assentos nas \u00e1reas de embarque e desembarque, que s\u00e3o acess\u00edveis apenas para quem apresenta passagem a\u00e9rea ou chega ao terminal. No sagu\u00e3o e nos locais onde os passageiros aguardam t\u00e1xi ou carros por aplicativo, n\u00e3o havia bancos ou cadeiras.<br \/>\n\u2705 Clique aqui para seguir o canal do g1 Cear\u00e1 no WhatsApp<br \/>\nO g1 entrou em contato com a Fraport Brasil, empresa que administra o Aeroporto de Fortaleza, mas n\u00e3o obteve resposta at\u00e9 a publica\u00e7\u00e3o desta reportagem.<br \/>\n\u201cLegalmente, em espa\u00e7os que s\u00e3o de utiliza\u00e7\u00e3o p\u00fablica e coletiva, voc\u00ea tem que dispor de um m\u00ednimo de conforto. Imagina uma mulher gr\u00e1vida chegar l\u00e1, uma crian\u00e7a, ou um idoso, ou uma pessoa com defici\u00eancia. Ent\u00e3o as pessoas precisam se sentar. Ent\u00e3o a indigna\u00e7\u00e3o pra mim foi ainda maior por causa dessa quest\u00e3o t\u00e9cnica\u201d, explicou o arquiteto, que relatou surpresa e indigna\u00e7\u00e3o com a situa\u00e7\u00e3o.<br \/>\nLEIA TAMB\u00c9M:<br \/>\nOperador \u00e9 arremessado de trator em acidente no aeroporto de Fortaleza<br \/>\n\u00d3rg\u00e3os apontam irregularidades no desmatamento em torno do Aeroporto de Fortaleza e suspendem licen\u00e7as<br \/>\n\u201cEu sou arquiteto urbanista, eu trabalho com acessibilidade, trabalho com patrim\u00f4nio hist\u00f3rico. Ent\u00e3o essas quest\u00f5es de uso de espa\u00e7os est\u00e3o dentro da minha pr\u00f3pria profiss\u00e3o. No v\u00eddeo, ficou parecendo uma opini\u00e3o de uma pessoa chateada, mas ali tem um embasamento at\u00e9 mesmo jur\u00eddico\u201d, complementou.<br \/>\nLucas contou que decidiu procurar um local para sentar enquanto esperava a namorada no aeroporto. \u201cEnt\u00e3o eu fui procurar cadeira pra me sentar, e procurando lugar, n\u00e3o achei. A\u00ed eu pensei: \u2018que estranho, aqui tinha\u2019. Caminhei um pouco mais, e eu vi outro lugar vazio. Eu percebi: \u2018ent\u00e3o, tiraram todas mesmo. Foi planejada essa a\u00e7\u00e3o\u201d, disse o arquiteto.<br \/>\nLucas afirmou que tamb\u00e9m viu dezenas de pessoas em p\u00e9, com bagagens e outros pertences no ch\u00e3o, enquanto aguardavam carros por aplicativo para sair do aeroporto. Segundo ele, todos pareciam incomodados com a situa\u00e7\u00e3o.<br \/>\nArquiteto denuncia aus\u00eancia de cadeiras e bancos no sagu\u00e3o do aeroporto de Fortaleza.<br \/>\nReprodu\u00e7\u00e3o<br \/>\nAssista aos v\u00eddeos mais vistos do Cear\u00e1<\/div>\n","protected":false},"excerpt":{"rendered":"<p>Arquiteto denuncia falta de bancos e cadeiras para passageiros no Aeroporto de Fortaleza. O arquiteto Lucas Rozzoline publicou nas redes sociais uma den\u00fancia sobre a aus\u00eancia de bancos e cadeiras no Aeroporto de Fortaleza. Ele desembarcou na capital cearense no \u00faltimo s\u00e1bado (29) e, ao procurar um local para sentar, n\u00e3o encontrou os bancos e [&hellip;]<\/p>\n","protected":false},"author":264,"featured_media":60748,"comment_status":"closed","ping_status":"closed","sticky":false,"template":"","format":"standard","meta":{"_themeisle_gutenberg_block_has_review":false,"_jetpack_memberships_contains_paid_content":false,"footnotes":""},"categories":[4],"tags":[127,130],"class_list":{"0":"post-60747","1":"post","2":"type-post","3":"status-publish","4":"format-standard","5":"has-post-thumbnail","7":"category-regiao","8":"tag-cariri","9":"tag-ceara"},"jetpack_featured_media_url":"https:\/\/crajubaremacao.com.br\/wp-content\/uploads\/2025\/12\/cadeiras-aeroporto.jpg","jetpack_sharing_enabled":true,"_links":{"self":[{"href":"https:\/\/crajubaremacao.com.br\/index.php?rest_route=\/wp\/v2\/posts\/60747","targetHints":{"allow":["GET"]}}],"collection":[{"href":"https:\/\/crajubaremacao.com.br\/index.php?rest_route=\/wp\/v2\/posts"}],"about":[{"href":"https:\/\/crajubaremacao.com.br\/index.php?rest_route=\/wp\/v2\/types\/post"}],"author":[{"embeddable":true,"href":"https:\/\/crajubaremacao.com.br\/index.php?rest_route=\/wp\/v2\/users\/264"}],"replies":[{"embeddable":true,"href":"https:\/\/crajubaremacao.com.br\/index.php?rest_route=%2Fwp%2Fv2%2Fcomments&post=60747"}],"version-history":[{"count":0,"href":"https:\/\/crajubaremacao.com.br\/index.php?rest_route=\/wp\/v2\/posts\/60747\/revisions"}],"wp:featuredmedia":[{"embeddable":true,"href":"https:\/\/crajubaremacao.com.br\/index.php?rest_route=\/wp\/v2\/media\/60748"}],"wp:attachment":[{"href":"https:\/\/crajubaremacao.com.br\/index.php?rest_route=%2Fwp%2Fv2%2Fmedia&parent=60747"}],"wp:term":[{"taxonomy":"category","embeddable":true,"href":"https:\/\/crajubaremacao.com.br\/index.php?rest_route=%2Fwp%2Fv2%2Fcategories&post=60747"},{"taxonomy":"post_tag","embeddable":true,"href":"https:\/\/crajubaremacao.com.br\/index.php?rest_route=%2Fwp%2Fv2%2Ftags&post=60747"}],"curies":[{"name":"wp","href":"https:\/\/api.w.org\/{rel}","templated":true}]}}