{"id":60749,"date":"2025-12-02T03:03:28","date_gmt":"2025-12-02T06:03:28","guid":{"rendered":"https:\/\/crajubaremacao.com.br\/?p=60749"},"modified":"2025-12-02T03:03:28","modified_gmt":"2025-12-02T06:03:28","slug":"pagamento-por-aproximacao-passa-a-ser-usado-no-metro-de-sao-paulo-passageiros-poderao-pagar-tarifas-com-cartao-de-credito-e-debito","status":"publish","type":"post","link":"https:\/\/crajubaremacao.com.br\/?p=60749","title":{"rendered":"Pagamento por aproxima\u00e7\u00e3o passa a ser usado no Metr\u00f4 de S\u00e3o Paulo Passageiros poder\u00e3o pagar tarifas com cart\u00e3o de cr\u00e9dito e d\u00e9bito"},"content":{"rendered":"<div>\n<p>\u00a0<strong style='box-sizing: border-box; color: #0c1a3d; font-family: \"Tipo Brasil Rounded\", Inter, sans-serif; margin: 0px; padding: 0px;'>A partir desta segunda-feira (1\u00ba), o pagamento da tarifa do Metr\u00f4 em S\u00e3o Paulo poder\u00e1 ser feito por meio de cart\u00f5es f\u00edsicos de d\u00e9bito e cr\u00e9dito com tecnologia de aproxima\u00e7\u00e3o.<\/strong><img decoding=\"async\" src=\"https:\/\/agenciabrasil.ebc.com.br\/ebc.png?id=1670270&amp;o=node\" style='border: 0px; box-sizing: border-box; color: #0c1a3d; display: inline; font-family: \"Tipo Brasil Rounded\", Inter, sans-serif; height: 1px; margin: 0px; padding: 0px; width: 1px;'><img decoding=\"async\" src=\"https:\/\/agenciabrasil.ebc.com.br\/ebc.gif?id=1670270&amp;o=node\" style='border: 0px; box-sizing: border-box; color: #0c1a3d; display: inline; font-family: \"Tipo Brasil Rounded\", Inter, sans-serif; height: 1px; margin: 0px; padding: 0px; width: 1px;'><\/p>\n<p style='background-color: white; box-sizing: border-box; color: #0c1a3d; font-family: \"Tipo Brasil Rounded\", Inter, sans-serif; line-height: 1.5; margin: 1.3rem 0px 0px; padding: 0px;'>A iniciativa faz parte de um novo projeto piloto iniciado nas esta\u00e7\u00f5es das linhas 1-Azul e 3-Vermelha e ao longo de dezembro ser\u00e1 disponibilizado nas linhas 2-Verde e 15-Prata com dura\u00e7\u00e3o inicial de seis meses e possibilidade de prorroga\u00e7\u00e3o. Busca-se avaliar a aceita\u00e7\u00e3o dos passageiros e ajustes que possam ser feitos.<\/p>\n<h2 style='background-color: white; box-sizing: border-box; color: #0c1a3d; font-family: \"Tipo Brasil Rounded\", Inter, sans-serif; margin: 1.25em 0px 0px; padding: 0px;'>Aceitabilidade<\/h2>\n<p style='background-color: white; box-sizing: border-box; color: #0c1a3d; font-family: \"Tipo Brasil Rounded\", Inter, sans-serif; line-height: 1.5; margin: 1.3rem 0px 0px; padding: 0px;'><strong style=\"box-sizing: border-box; margin: 0px; padding: 0px;\">Ser\u00e3o aceitos cart\u00f5es Mastercard, Visa e Elo habilitados para pagamentos por aproxima\u00e7\u00e3o. Neste primeiro momento, n\u00e3o ser\u00e3o aceitos cart\u00f5es virtuais em smartphones ou\u00a0<em style=\"box-sizing: border-box; margin: 0px; padding: 0px;\">smartwatches<\/em>. Durante o per\u00edodo do piloto, ser\u00e1 permitido o pagamento de uma passagem por cart\u00e3o utilizado, sem considerar as regras de integra\u00e7\u00e3o. Quem utilizar o cart\u00e3o, s\u00f3 poder\u00e1 voltar a us\u00e1-lo em uma catraca do Metr\u00f4 ap\u00f3s 30 minutos. Esse per\u00edodo poder\u00e1 ser reduzido ap\u00f3s a an\u00e1lise dos testes.<\/strong><\/p>\n<p style='background-color: white; box-sizing: border-box; color: #0c1a3d; font-family: \"Tipo Brasil Rounded\", Inter, sans-serif; line-height: 1.5; margin: 1.3rem 0px 0px; padding: 0px;'>Segundos informa\u00e7\u00f5es do Metr\u00f4, cada esta\u00e7\u00e3o ter\u00e1 uma catraca exclusiva para o pagamento com cart\u00f5es de d\u00e9bito e cr\u00e9dito. Esses bloqueios estar\u00e3o sinalizados e as esta\u00e7\u00f5es de maior movimento contar\u00e3o com promotores identificados para orientar no uso dos cart\u00f5es.<\/p>\n<blockquote style='background-color: white; border-left: 4.8px solid rgb(30, 51, 148); box-sizing: border-box; display: flex; font-family: \"Tipo Brasil Rounded\", Inter, sans-serif; margin: 1.3rem 0px; padding: 0.6rem 1.3rem; position: relative;'>\n<p style=\"box-sizing: border-box; color: #0c1a3d; font-size: 1.25rem; line-height: 1.5; margin: 0px; padding: 0px;\">\u201cA novidade traz como principais benef\u00edcios aos passageiros a rapidez no embarque, j\u00e1 que o pagamento acontece em segundos; mais conveni\u00eancia, uma vez que dispensa recargas e uso de dinheiro f\u00edsico; integra\u00e7\u00e3o com meios digitais, permitindo utilizar cart\u00f5es cadastrados em carteiras eletr\u00f4nicas ampliando o leque de op\u00e7\u00f5es ao passageiro e melhorando o fluxo nas esta\u00e7\u00f5es\u201d, informa o Metr\u00f4.<\/p>\n<\/blockquote>\n<p style='background-color: white; box-sizing: border-box; color: #0c1a3d; font-family: \"Tipo Brasil Rounded\", Inter, sans-serif; line-height: 1.5; margin: 1.3rem 0px 0px; padding: 0px;'><a href=\"https:\/\/www.whatsapp.com\/channel\/0029VaoRTgrInlqYLSk59B2M\" style=\"box-sizing: border-box; color: #1e3394; font-weight: 700; margin: 0px; padding: 0px; text-decoration-line: none;\" target=\"_blank\">&gt;&gt; Siga o canal da\u00a0<strong style=\"box-sizing: border-box; margin: 0px; padding: 0px;\">Ag\u00eancia Brasil\u00a0<\/strong>no WhatsApp<\/a><\/p>\n<h2 style='background-color: white; box-sizing: border-box; color: #0c1a3d; font-family: \"Tipo Brasil Rounded\", Inter, sans-serif; margin: 1.25em 0px 0px; padding: 0px;'>Esta\u00e7\u00f5es<\/h2>\n<p style='background-color: white; box-sizing: border-box; color: #0c1a3d; font-family: \"Tipo Brasil Rounded\", Inter, sans-serif; line-height: 1.5; margin: 1.3rem 0px 0px; padding: 0px;'><strong style=\"box-sizing: border-box; margin: 0px; padding: 0px;\">As esta\u00e7\u00f5es que j\u00e1 aceitam o pagamento da tarifa por aproxima\u00e7\u00e3o na Linha 1-Azul s\u00e3o: Tucuruvi (esta\u00e7\u00e3o com orientadores), Parada Inglesa, Jardim S\u00e3o Paulo-Ayrton Senna, Santana, Carandiru, Portuguesa-Tiet\u00ea (esta\u00e7\u00e3o com orientadores), Arm\u00eania, Tiradentes, Luz, S\u00e3o Bento (esta\u00e7\u00e3o com orientadores), Liberdade (esta\u00e7\u00e3o com orientadores), S\u00e3o Joaquim, Vergueiro, Para\u00edso (esta\u00e7\u00e3o com orientadores), Ana Rosa, Vila Mariana, Santa Cruz, Pra\u00e7a da \u00c1rvore, Sa\u00fade-Ultrafarma, S\u00e3o Judas, Concei\u00e7\u00e3o.<\/strong><\/p>\n<p style='background-color: white; box-sizing: border-box; color: #0c1a3d; font-family: \"Tipo Brasil Rounded\", Inter, sans-serif; line-height: 1.5; margin: 1.3rem 0px 0px; padding: 0px;'>Na Linha 3-Vermelha aceitam o novo meio de pagamento as esta\u00e7\u00f5es Palmeiras-Barra Funda (esta\u00e7\u00e3o com orientadores), Marechal Deodoro, Santa Cec\u00edlia, Rep\u00fablica (esta\u00e7\u00e3o com orientadores), Anhangaba\u00fa (esta\u00e7\u00e3o com orientadores), S\u00e9, Pedro II, Br\u00e1s, Bresser-Mooca, Tatuap\u00e9 (esta\u00e7\u00e3o com orientadores), Carr\u00e3o-Assa\u00ed Atacadista (esta\u00e7\u00e3o com orientadores), Penha-Lojas Besni, Vila Matilde, Guilhermina-Esperan\u00e7a, Patriarca-Vila R\u00e9, Artur Alvim, Corinthians-Itaquera<\/p>\n<p style='background-color: white; box-sizing: border-box; color: #0c1a3d; font-family: \"Tipo Brasil Rounded\", Inter, sans-serif; line-height: 1.5; margin: 1.3rem 0px 0px; padding: 0px;'><strong style=\"box-sizing: border-box; margin: 0px; padding: 0px;\">Segundo o Metr\u00f4, no decorrer de dezembro passam a integrar o projeto as seguintes esta\u00e7\u00f5es da Linha 2-Verde: Vila Madalena, Sumar\u00e9, Cl\u00ednicas, Brigadeiro, Ch\u00e1cara Klabin, Santos-Imigrantes, Alto do Ipiranga, Sacom\u00e3, Tamanduate\u00ed, Vila Prudente.<\/strong><\/p>\n<p style='background-color: white; box-sizing: border-box; color: #0c1a3d; font-family: \"Tipo Brasil Rounded\", Inter, sans-serif; line-height: 1.5; margin: 1.3rem 0px 0px; padding: 0px;'><strong style=\"box-sizing: border-box; margin: 0px; padding: 0px;\">Na Linha 15-Prata ser\u00e3o as esta\u00e7\u00f5es S\u00e3o Lucas, Camilo Haddad, Vila Tolst\u00f3i, Vila Uni\u00e3o, Jardim Planalto, Sapopemba, Fazenda da Juta, S\u00e3o Mateus, Jardim Colonial.<\/strong><\/p>\n<\/div>\n","protected":false},"excerpt":{"rendered":"<p>\u00a0A partir desta segunda-feira (1\u00ba), o pagamento da tarifa do Metr\u00f4 em S\u00e3o Paulo poder\u00e1 ser feito por meio de cart\u00f5es f\u00edsicos de d\u00e9bito e cr\u00e9dito com tecnologia de aproxima\u00e7\u00e3o. A iniciativa faz parte de um novo projeto piloto iniciado nas esta\u00e7\u00f5es das linhas 1-Azul e 3-Vermelha e ao longo de dezembro ser\u00e1 disponibilizado nas [&hellip;]<\/p>\n","protected":false},"author":88,"featured_media":0,"comment_status":"closed","ping_status":"closed","sticky":false,"template":"","format":"standard","meta":{"_themeisle_gutenberg_block_has_review":false,"_jetpack_memberships_contains_paid_content":false,"footnotes":""},"categories":[4],"tags":[127,130],"class_list":{"0":"post-60749","1":"post","2":"type-post","3":"status-publish","4":"format-standard","6":"category-regiao","7":"tag-cariri","8":"tag-ceara"},"jetpack_featured_media_url":"","jetpack_sharing_enabled":true,"_links":{"self":[{"href":"https:\/\/crajubaremacao.com.br\/index.php?rest_route=\/wp\/v2\/posts\/60749","targetHints":{"allow":["GET"]}}],"collection":[{"href":"https:\/\/crajubaremacao.com.br\/index.php?rest_route=\/wp\/v2\/posts"}],"about":[{"href":"https:\/\/crajubaremacao.com.br\/index.php?rest_route=\/wp\/v2\/types\/post"}],"author":[{"embeddable":true,"href":"https:\/\/crajubaremacao.com.br\/index.php?rest_route=\/wp\/v2\/users\/88"}],"replies":[{"embeddable":true,"href":"https:\/\/crajubaremacao.com.br\/index.php?rest_route=%2Fwp%2Fv2%2Fcomments&post=60749"}],"version-history":[{"count":0,"href":"https:\/\/crajubaremacao.com.br\/index.php?rest_route=\/wp\/v2\/posts\/60749\/revisions"}],"wp:attachment":[{"href":"https:\/\/crajubaremacao.com.br\/index.php?rest_route=%2Fwp%2Fv2%2Fmedia&parent=60749"}],"wp:term":[{"taxonomy":"category","embeddable":true,"href":"https:\/\/crajubaremacao.com.br\/index.php?rest_route=%2Fwp%2Fv2%2Fcategories&post=60749"},{"taxonomy":"post_tag","embeddable":true,"href":"https:\/\/crajubaremacao.com.br\/index.php?rest_route=%2Fwp%2Fv2%2Ftags&post=60749"}],"curies":[{"name":"wp","href":"https:\/\/api.w.org\/{rel}","templated":true}]}}