{"id":60765,"date":"2025-12-02T18:01:36","date_gmt":"2025-12-02T21:01:36","guid":{"rendered":"https:\/\/crajubaremacao.com.br\/?p=60765"},"modified":"2025-12-02T18:01:36","modified_gmt":"2025-12-02T21:01:36","slug":"belmonte-defende-seu-planejamento-para-o-sao-paulo-e-pede-menos-shows-no-morumbi","status":"publish","type":"post","link":"https:\/\/crajubaremacao.com.br\/?p=60765","title":{"rendered":"Belmonte defende seu planejamento para o S\u00e3o Paulo e pede menos shows no Morumbi"},"content":{"rendered":"<div>\n<div style=\"margin-bottom: 15px;\"><img decoding=\"async\" class=\"type:primaryImage\" src=\"https:\/\/jpimg.com.br\/uploads\/2025\/11\/fta20251121025-750x500.jpg\"><\/div>\n<p><?xml encoding=\"UTF-8\"><\/p>\n<p>O ex-diretor de futebol do <a href=\"http:\/\/jovempan.com.br\/tag\/sao-paulo\"><strong>S\u00e3o Paulo<\/strong><\/a>, <a href=\"http:\/\/jovempan.com.br\/tag\/carlos-belmonte\"><strong>Carlos Belmonte<\/strong><\/a>, criticou a quantidade de shows no Morumbi, casa do Tricolor, nesta segunda-feira (2). Em entrevista ao programa Bate Pronto, da <strong>Jovem Pan<\/strong>, o ex-diretor afirmou que entende a medida do presidente Julio Casares, mas disse que \u201cteria mais cuidado\u201d. \u201c\u00c9 imposs\u00edvel voc\u00ea n\u00e3o ter grandes eventos porque eles s\u00e3o importantes para institui\u00e7\u00e3o, mas a gente tem que tomar mais cuidado para que esses eventos n\u00e3o batam com jogos importantes\u201d, disse.<\/p>\n<div class=\"cta-model cta-model3\" name=\"model3\">\n<div class=\"cta-container-general\">\n<div class=\"cta-container-model3\">\n<div class=\"container-image-text\">\n<div class=\"container-img\">\n                    <img decoding=\"async\" id=\"cta-image\" editable=\"true\" name=\"Imagem:\" src=\"https:\/\/s.jpimg.com.br\/wp-content\/plugins\/CTA-posts-selector\/assets\/images\/640_JPEsportes.jpg\" alt=\"cta_logo_jp\">\n                <\/div>\n<div class=\"container-title\">\n                    <span id=\"cta-text\" editable=\"true\" name=\"Conte\u00fado:\">Siga o canal da Jovem Pan Esportes e receba as principais not\u00edcias no seu WhatsApp!<\/span>\n                <\/div>\n<\/p><\/div>\n<div class=\"cta-container-link\">\n<div class=\"cta-container-space\"><\/div>\n<p>                <a id=\"cta-link_3\" editable=\"true\" name=\"Link%20do%20bot%C3%A3o:\" target=\"_blank\" href=\"https:\/\/www.whatsapp.com\/channel\/0029Va9wMgZD8SE3UbBwem2u\"><\/p>\n<div class=\"container-button\">\n                        <span id=\"cta-text2\" editable=\"true\" name=\"Texto do bot\u00e3o:\">WhatsApp<\/span>\n                    <\/div>\n<div class=\"container-icon\">\n                        <i id=\"cta-icon\" name=\"\u00cdcone do bot\u00e3o:\" editable=\"true\" class=\"fa-brands fa-whatsapp\"><\/i>\n                    <\/div>\n<p>                <\/a>\n            <\/div>\n<\/div>\n<\/div>\n<\/div>\n<p>\u201cN\u00e3o d\u00e1 para o S\u00e3o Paulo ficar dois meses fora do Morumbi\u201d, completou. Sobre as contrata\u00e7\u00f5es feitas durante sua gest\u00e3o, com alguns nomes de peso como Lucas e Oscar, Belmonte avalia que o planejamento n\u00e3o foi totalmente equivocado. \u201cEsse ano foi mais dif\u00edcil, n\u00e3o fizemos investimentos e o time sofreu\u201d, analisou.<\/p>\n<p>\u201cEm nenhum momento eu acho que o planejamento desse ano foi totalmente equivocado, teve problemas, \u00e9 obvio, o Oscar \u00e9 claro que n\u00e3o tivemos o resultado\u201d. Belmonte tamb\u00e9m avalia que o time precisa de mais investimento, mas sem aumento de d\u00edvida. Tamb\u00e9m afirmou que a maioria dos jogadores consagrados que foram trazidos n\u00e3o tiveram valor de transfer\u00eancia.<\/p>\n<div class=\"list-related-posts\">\n<h3>Leia tamb\u00e9m<\/h3>\n<div class=\"related-posts-container\">\n<div class=\"related-post-item-container\">\n<div class=\"related-post\">\n<div class=\"img-related-box\">\n                                            <strong><a href=\"https:\/\/jovempan.com.br\/opiniao-jovem-pan\/comentaristas\/wanderley-nogueira-comentaristas\/paqueta-perde-a-cabeca-e-a-inglaterra-a-paciencia.html\" title=\"Paquet\u00e1 perde a cabe\u00e7a (e a Inglaterra a paci\u00eancia)\"><img decoding=\"async\" src=\"https:\/\/jpimg.com.br\/uploads\/2025\/12\/paqueta.png\"><\/a><\/strong>\n                                        <\/div>\n<p>                                        <span class=\"box-the-title\"><br \/>\n                                            <strong><a href=\"https:\/\/jovempan.com.br\/opiniao-jovem-pan\/comentaristas\/wanderley-nogueira-comentaristas\/paqueta-perde-a-cabeca-e-a-inglaterra-a-paciencia.html\" title=\"Paquet\u00e1 perde a cabe\u00e7a (e a Inglaterra a paci\u00eancia)\">Paquet\u00e1 perde a cabe\u00e7a (e a Inglaterra a paci\u00eancia)<\/a><\/strong><br \/>\n                                        <\/span>\n                                    <\/div>\n<div class=\"related-post\">\n<div class=\"img-related-box\">\n                                            <strong><a href=\"https:\/\/jovempan.com.br\/esportes\/futebol\/palmeiras\/fim-de-temporada-do-palmeiras-e-o-pior-em-10-anos-veja-numeros.html\" title=\"Fim de temporada do Palmeiras \u00e9 o pior em 10 anos; veja n\u00fameros\"><img decoding=\"async\" src=\"https:\/\/jpimg.com.br\/uploads\/2025\/12\/design-sem-nome-8.png\"><\/a><\/strong>\n                                        <\/div>\n<p>                                        <span class=\"box-the-title\"><br \/>\n                                            <strong><a href=\"https:\/\/jovempan.com.br\/esportes\/futebol\/palmeiras\/fim-de-temporada-do-palmeiras-e-o-pior-em-10-anos-veja-numeros.html\" title=\"Fim de temporada do Palmeiras \u00e9 o pior em 10 anos; veja n\u00fameros\">Fim de temporada do Palmeiras \u00e9 o pior em 10 anos; veja n\u00fameros<\/a><\/strong><br \/>\n                                        <\/span>\n                                    <\/div>\n<\/p><\/div>\n<\/p><\/div>\n<\/p><\/div>\n<\/div>\n","protected":false},"excerpt":{"rendered":"<p>O ex-diretor de futebol do S\u00e3o Paulo, Carlos Belmonte, criticou a quantidade de shows no Morumbi, casa do Tricolor, nesta segunda-feira (2). Em entrevista ao programa Bate Pronto, da Jovem Pan, o ex-diretor afirmou que entende a medida do presidente Julio Casares, mas disse que \u201cteria mais cuidado\u201d. \u201c\u00c9 imposs\u00edvel voc\u00ea n\u00e3o ter grandes eventos [&hellip;]<\/p>\n","protected":false},"author":260,"featured_media":60766,"comment_status":"closed","ping_status":"closed","sticky":false,"template":"","format":"standard","meta":{"_themeisle_gutenberg_block_has_review":false,"_jetpack_memberships_contains_paid_content":false,"footnotes":""},"categories":[12],"tags":[153],"class_list":{"0":"post-60765","1":"post","2":"type-post","3":"status-publish","4":"format-standard","5":"has-post-thumbnail","7":"category-esportes","8":"tag-esportes"},"jetpack_featured_media_url":"https:\/\/crajubaremacao.com.br\/wp-content\/uploads\/2025\/12\/fta20251121025-750x500-1.jpg","jetpack_sharing_enabled":true,"_links":{"self":[{"href":"https:\/\/crajubaremacao.com.br\/index.php?rest_route=\/wp\/v2\/posts\/60765","targetHints":{"allow":["GET"]}}],"collection":[{"href":"https:\/\/crajubaremacao.com.br\/index.php?rest_route=\/wp\/v2\/posts"}],"about":[{"href":"https:\/\/crajubaremacao.com.br\/index.php?rest_route=\/wp\/v2\/types\/post"}],"author":[{"embeddable":true,"href":"https:\/\/crajubaremacao.com.br\/index.php?rest_route=\/wp\/v2\/users\/260"}],"replies":[{"embeddable":true,"href":"https:\/\/crajubaremacao.com.br\/index.php?rest_route=%2Fwp%2Fv2%2Fcomments&post=60765"}],"version-history":[{"count":0,"href":"https:\/\/crajubaremacao.com.br\/index.php?rest_route=\/wp\/v2\/posts\/60765\/revisions"}],"wp:featuredmedia":[{"embeddable":true,"href":"https:\/\/crajubaremacao.com.br\/index.php?rest_route=\/wp\/v2\/media\/60766"}],"wp:attachment":[{"href":"https:\/\/crajubaremacao.com.br\/index.php?rest_route=%2Fwp%2Fv2%2Fmedia&parent=60765"}],"wp:term":[{"taxonomy":"category","embeddable":true,"href":"https:\/\/crajubaremacao.com.br\/index.php?rest_route=%2Fwp%2Fv2%2Fcategories&post=60765"},{"taxonomy":"post_tag","embeddable":true,"href":"https:\/\/crajubaremacao.com.br\/index.php?rest_route=%2Fwp%2Fv2%2Ftags&post=60765"}],"curies":[{"name":"wp","href":"https:\/\/api.w.org\/{rel}","templated":true}]}}