{"id":60793,"date":"2025-12-03T06:07:16","date_gmt":"2025-12-03T09:07:16","guid":{"rendered":"https:\/\/crajubaremacao.com.br\/?p=60793"},"modified":"2025-12-03T09:36:36","modified_gmt":"2025-12-03T12:36:36","slug":"instituicao-desenvolve-dinamica-culinaria-com-empreendedores","status":"publish","type":"post","link":"https:\/\/crajubaremacao.com.br\/?p=60793","title":{"rendered":"*Institui\u00e7\u00e3o desenvolve din\u00e2mica culin\u00e1ria com empreendedores"},"content":{"rendered":"<p>&nbsp;<\/p>\n<p>*Imagem: L\u00edvia Monteiro\/UNINASSAU_<\/p>\n<p>_S\u00e3o dois dias de atividades que fortalecem e exaltam a gastronomia da regi\u00e3o do Cariri_<\/p>\n<p>O UNINASSAU \u2013 Centro Universit\u00e1rio Maur\u00edcio de Nassau Juazeiro do Norte, em parceria com a Escola de Empreendedores (ICARIR) do SEBRAE, realiza um desafio gastron\u00f4mico inspirado em uma famosa s\u00e9rie culin\u00e1ria brasileira. A ideia \u00e9 fortalecer os la\u00e7os entre ensino e mercado, valorizando o empreendedorismo e a inova\u00e7\u00e3o.<\/p>\n<p>No dia 06 de dezembro, aproximadamente 16 empres\u00e1rios do setor de Alimentos e Bebidas preparam um tradicional \u201cpratinho nordestino\u201d com ingredientes sorteados na hora. O evento \u00e9 mediado pelos chefs Sinara Xenofonte e Anderson Rodrigues (egresso da UNINASSAU) e acontece no laborat\u00f3rio de gastronomia da Institui\u00e7\u00e3o de Ensino Superior, localizado no 2\u00ba andar do Bloco I, no Campus S\u00e3o Miguel.<\/p>\n<p>No dia 10 do mesmo m\u00eas, acontece o Jantar \u00e0s Cegas, conduzido pelas chefs e docentes da Institui\u00e7\u00e3o de Ensino Superior: Allane Costa, Evannia Benjamim e Izabel Cristina. Cada profissional \u00e9 respons\u00e1vel por uma prepara\u00e7\u00e3o, sendo entrada, prato principal e sobremesa. Nesse momento, os empres\u00e1rios convidados s\u00e3o vendados e precisam adivinhar os ingredientes e insumos utilizados.<\/p>\n<p>Para Janeanne Nascimento, coordenadora do curso de Gastronomia da UNINASSAU Juazeiro do Norte, essa \u00e9 uma oportunidade de fortalecer os v\u00ednculos entre Institui\u00e7\u00e3o e estabelecimentos locais, ajudando a difundir ainda mais a culin\u00e1ria do Cariri. \u201cMomentos como este celebram nossa cultura, nossos sabores e o potencial criativo da regi\u00e3o. Aprendemos que gastronomia tamb\u00e9m \u00e9 reconhecer o territ\u00f3rio, valorizar nossas ra\u00edzes e criar oportunidades reais de crescimento profissional\u201d, declara.<\/p>\n<p>&nbsp;<\/p>\n<p>Pauta L\u00edvia Monteiro, assessora de imprensa da UNINASSAU Juazeiro do Norte.<\/p>\n","protected":false},"excerpt":{"rendered":"<p>&nbsp; *Imagem: L\u00edvia Monteiro\/UNINASSAU_ _S\u00e3o dois dias de atividades que fortalecem e exaltam a gastronomia da regi\u00e3o do Cariri_ O UNINASSAU \u2013 Centro Universit\u00e1rio Maur\u00edcio de Nassau Juazeiro do Norte, em parceria com a Escola de Empreendedores (ICARIR) do SEBRAE, realiza um desafio gastron\u00f4mico inspirado em uma famosa s\u00e9rie culin\u00e1ria brasileira. A ideia \u00e9 fortalecer [&hellip;]<\/p>\n","protected":false},"author":130,"featured_media":60794,"comment_status":"open","ping_status":"open","sticky":false,"template":"","format":"standard","meta":{"_themeisle_gutenberg_block_has_review":false,"_jetpack_memberships_contains_paid_content":false,"footnotes":""},"categories":[4,123,1],"tags":[],"class_list":{"0":"post-60793","1":"post","2":"type-post","3":"status-publish","4":"format-standard","5":"has-post-thumbnail","7":"category-regiao","8":"category-educacao","9":"category-todas-noticias"},"jetpack_featured_media_url":"https:\/\/crajubaremacao.com.br\/wp-content\/uploads\/2025\/12\/IMG-20251202-WA0637.jpg","jetpack_sharing_enabled":true,"_links":{"self":[{"href":"https:\/\/crajubaremacao.com.br\/index.php?rest_route=\/wp\/v2\/posts\/60793","targetHints":{"allow":["GET"]}}],"collection":[{"href":"https:\/\/crajubaremacao.com.br\/index.php?rest_route=\/wp\/v2\/posts"}],"about":[{"href":"https:\/\/crajubaremacao.com.br\/index.php?rest_route=\/wp\/v2\/types\/post"}],"author":[{"embeddable":true,"href":"https:\/\/crajubaremacao.com.br\/index.php?rest_route=\/wp\/v2\/users\/130"}],"replies":[{"embeddable":true,"href":"https:\/\/crajubaremacao.com.br\/index.php?rest_route=%2Fwp%2Fv2%2Fcomments&post=60793"}],"version-history":[{"count":3,"href":"https:\/\/crajubaremacao.com.br\/index.php?rest_route=\/wp\/v2\/posts\/60793\/revisions"}],"predecessor-version":[{"id":60797,"href":"https:\/\/crajubaremacao.com.br\/index.php?rest_route=\/wp\/v2\/posts\/60793\/revisions\/60797"}],"wp:featuredmedia":[{"embeddable":true,"href":"https:\/\/crajubaremacao.com.br\/index.php?rest_route=\/wp\/v2\/media\/60794"}],"wp:attachment":[{"href":"https:\/\/crajubaremacao.com.br\/index.php?rest_route=%2Fwp%2Fv2%2Fmedia&parent=60793"}],"wp:term":[{"taxonomy":"category","embeddable":true,"href":"https:\/\/crajubaremacao.com.br\/index.php?rest_route=%2Fwp%2Fv2%2Fcategories&post=60793"},{"taxonomy":"post_tag","embeddable":true,"href":"https:\/\/crajubaremacao.com.br\/index.php?rest_route=%2Fwp%2Fv2%2Ftags&post=60793"}],"curies":[{"name":"wp","href":"https:\/\/api.w.org\/{rel}","templated":true}]}}