{"id":60828,"date":"2025-12-04T00:01:30","date_gmt":"2025-12-04T03:01:30","guid":{"rendered":"https:\/\/crajubaremacao.com.br\/?p=60828"},"modified":"2025-12-04T00:01:30","modified_gmt":"2025-12-04T03:01:30","slug":"agu-pede-que-gilmar-reconsidere-decisao-sobre-impeachment-de-ministros","status":"publish","type":"post","link":"https:\/\/crajubaremacao.com.br\/?p=60828","title":{"rendered":"AGU pede que Gilmar reconsidere decis\u00e3o sobre impeachment de ministros"},"content":{"rendered":"<div>\n<div style=\"margin-bottom: 15px;\"><img decoding=\"async\" class=\"type:primaryImage\" src=\"https:\/\/jpimg.com.br\/uploads\/2025\/12\/imagem-jvp-91-750x450.png\"><\/div>\n<p><?xml encoding=\"UTF-8\"><\/p>\n<p>A Advocacia-Geral da Uni\u00e3o (<a href=\"http:\/\/jovempan.com.br\/tag\/agu\"><strong>AGU<\/strong><\/a>) pediu nesta quarta-feira (3) ao ministro <a href=\"http:\/\/jovempan.com.br\/tag\/gilmar-mendes\"><strong>Gilmar Mendes<\/strong><\/a>, do Supremo Tribunal Federal (<a href=\"http:\/\/jovempan.com.br\/tag\/stf\"><strong>STF<\/strong><\/a>), a reconsidera\u00e7\u00e3o de decis\u00e3o que entendeu que somente a Procuradoria-Geral da Rep\u00fablica (<a href=\"http:\/\/jovempan.com.br\/tag\/pgr\"><strong>PGR<\/strong><\/a>) pode entrar com pedidos de impeachment de integrantes da Corte.<\/p>\n<p>Na manifesta\u00e7\u00e3o, o advogado-geral da Uni\u00e3o,<a href=\"http:\/\/jovempan.com.br\/tag\/jorge-messias\"><strong> Jorge Messias<\/strong><\/a>, sustenta que a possibilidade de abertura de processo de impeachment pelo Senado faz parte de uma \u201crela\u00e7\u00e3o de equil\u00edbrio\u201d entre os poderes.<\/p>\n<p>\u201cAs alega\u00e7\u00f5es devem ser acolhidas em parte, como imposi\u00e7\u00e3o do sistema de garantias institucionais estabelecido na Constitui\u00e7\u00e3o Federal em favor da independ\u00eancia do Poder Judici\u00e1rio, arquitetura que n\u00e3o se volta a esconder privil\u00e9gios, mas a viabilizar a prote\u00e7\u00e3o adequada de direitos fundamentais e a plena realiza\u00e7\u00e3o do princ\u00edpio democr\u00e1tico\u201d, disse a AGU.<\/p>\n<p>A decis\u00e3o de Gilmar Mendes foi tomada a partir de uma a\u00e7\u00e3o protocolada pelo partido Solidariedade e a Associa\u00e7\u00e3o dos Magistrados Brasileiros (AMB).<\/p>\n<div class=\"cta-model cta-model2\" name=\"model2\">\n<div class=\"cta-container-general\">\n<div class=\"cta-container-model2\">\n<div class=\"container-image-text\">\n<div class=\"container-img\">\n                    <img decoding=\"async\" id=\"cta-image\" editable=\"true\" name=\"Imagem:\" src=\"https:\/\/s.jpimg.com.br\/wp-content\/plugins\/CTA-posts-selector\/assets\/images\/640_4anos-JPNews.jpg\" alt=\"cta_logo_jp\">\n                <\/div>\n<div class=\"container-title\">\n                    <span id=\"cta-text\" editable=\"true\" name=\"Conte\u00fado:\">Siga o canal da Jovem Pan News e receba as principais not\u00edcias no seu WhatsApp!<\/span>\n                <\/div>\n<\/p><\/div>\n<div class=\"cta-container-link\">\n<div class=\"cta-container-space\"><\/div>\n<p>                <a id=\"cta-link\" editable=\"true\" name=\"Link%20do%20bot%C3%A3o:\" target=\"_blank\" href=\"https:\/\/www.whatsapp.com\/channel\/0029VaAxUvrGJP8Fz9QZH93S\"><\/p>\n<div class=\"container-button\">\n                        <span id=\"cta-text2\" editable=\"true\" name=\"Texto do bot\u00e3o:\">WhatsApp<\/span>\n                    <\/div>\n<div class=\"container-icon\">\n                        <i id=\"cta-icon\" name=\"\u00cdcone do bot\u00e3o:\" editable=\"true\" class=\"fa-brands fa-whatsapp\"><\/i>\n                    <\/div>\n<p>                <\/a>\n            <\/div>\n<\/div>\n<\/div>\n<\/div>\n<p>Ap\u00f3s a decis\u00e3o, o presidente do Senado, <a href=\"http:\/\/jovempan.com.br\/tag\/davi-alcolumbre\"><strong>Davi Alcolumbre<\/strong><\/a>, criticou a decis\u00e3o e disse que o STF tenta \u201cusurpar\u201d as compet\u00eancias da Casa.<\/p>\n<div class=\"list-related-posts\">\n<h3>Leia tamb\u00e9m<\/h3>\n<div class=\"related-posts-container\">\n<div class=\"related-post-item-container\">\n<div class=\"related-post\">\n<div class=\"img-related-box\">\n                                            <strong><a href=\"https:\/\/jovempan.com.br\/noticias\/politica\/marco-aurelio-mello-sobre-decisao-de-gilmar-pessimo-em-credibilidade-e-cidadania.html\" title=\"Marco Aur\u00e9lio Mello sobre decis\u00e3o de Gilmar: 'P\u00e9ssimo em credibilidade e cidadania'\"><img decoding=\"async\" src=\"https:\/\/jpimg.com.br\/uploads\/2022\/08\/bancoimagemfotoaudiencia_ap_358658.jpg\"><\/a><\/strong>\n                                        <\/div>\n<p>                                        <span class=\"box-the-title\"><br \/>\n                                            <strong><a href=\"https:\/\/jovempan.com.br\/noticias\/politica\/marco-aurelio-mello-sobre-decisao-de-gilmar-pessimo-em-credibilidade-e-cidadania.html\" title=\"Marco Aur\u00e9lio Mello sobre decis\u00e3o de Gilmar: 'P\u00e9ssimo em credibilidade e cidadania'\">Marco Aur\u00e9lio Mello sobre decis\u00e3o de Gilmar: &#8216;P\u00e9ssimo em credibilidade e cidadania&#8217;<\/a><\/strong><br \/>\n                                        <\/span>\n                                    <\/div>\n<div class=\"related-post\">\n<div class=\"img-related-box\">\n                                            <strong><a href=\"https:\/\/jovempan.com.br\/judiciario\/trama-golpista-anderson-torres-desiste-de-apresentar-recurso-contra-condenacao.html\" title=\"Trama golpista: Anderson Torres desiste de apresentar recurso contra condena\u00e7\u00e3o\"><img decoding=\"async\" src=\"https:\/\/jpimg.com.br\/uploads\/2023\/08\/img20230808112911818.jpg\"><\/a><\/strong>\n                                        <\/div>\n<p>                                        <span class=\"box-the-title\"><br \/>\n                                            <strong><a href=\"https:\/\/jovempan.com.br\/judiciario\/trama-golpista-anderson-torres-desiste-de-apresentar-recurso-contra-condenacao.html\" title=\"Trama golpista: Anderson Torres desiste de apresentar recurso contra condena\u00e7\u00e3o\">Trama golpista: Anderson Torres desiste de apresentar recurso contra condena\u00e7\u00e3o<\/a><\/strong><br \/>\n                                        <\/span>\n                                    <\/div>\n<\/p><\/div>\n<\/p><\/div>\n<\/p><\/div>\n<p><em>*Com informa\u00e7\u00f5es da Ag\u00eancia Brasil<\/em><\/p>\n<\/div>\n","protected":false},"excerpt":{"rendered":"<p>A Advocacia-Geral da Uni\u00e3o (AGU) pediu nesta quarta-feira (3) ao ministro Gilmar Mendes, do Supremo Tribunal Federal (STF), a reconsidera\u00e7\u00e3o de decis\u00e3o que entendeu que somente a Procuradoria-Geral da Rep\u00fablica (PGR) pode entrar com pedidos de impeachment de integrantes da Corte. Na manifesta\u00e7\u00e3o, o advogado-geral da Uni\u00e3o, Jorge Messias, sustenta que a possibilidade de abertura [&hellip;]<\/p>\n","protected":false},"author":117,"featured_media":60829,"comment_status":"closed","ping_status":"closed","sticky":false,"template":"","format":"standard","meta":{"_themeisle_gutenberg_block_has_review":false,"_jetpack_memberships_contains_paid_content":false,"footnotes":""},"categories":[9],"tags":[129],"class_list":{"0":"post-60828","1":"post","2":"type-post","3":"status-publish","4":"format-standard","5":"has-post-thumbnail","7":"category-politica","8":"tag-politica"},"jetpack_featured_media_url":"https:\/\/crajubaremacao.com.br\/wp-content\/uploads\/2025\/12\/imagem-jvp-91-750x450-1.png","jetpack_sharing_enabled":true,"_links":{"self":[{"href":"https:\/\/crajubaremacao.com.br\/index.php?rest_route=\/wp\/v2\/posts\/60828","targetHints":{"allow":["GET"]}}],"collection":[{"href":"https:\/\/crajubaremacao.com.br\/index.php?rest_route=\/wp\/v2\/posts"}],"about":[{"href":"https:\/\/crajubaremacao.com.br\/index.php?rest_route=\/wp\/v2\/types\/post"}],"author":[{"embeddable":true,"href":"https:\/\/crajubaremacao.com.br\/index.php?rest_route=\/wp\/v2\/users\/117"}],"replies":[{"embeddable":true,"href":"https:\/\/crajubaremacao.com.br\/index.php?rest_route=%2Fwp%2Fv2%2Fcomments&post=60828"}],"version-history":[{"count":0,"href":"https:\/\/crajubaremacao.com.br\/index.php?rest_route=\/wp\/v2\/posts\/60828\/revisions"}],"wp:featuredmedia":[{"embeddable":true,"href":"https:\/\/crajubaremacao.com.br\/index.php?rest_route=\/wp\/v2\/media\/60829"}],"wp:attachment":[{"href":"https:\/\/crajubaremacao.com.br\/index.php?rest_route=%2Fwp%2Fv2%2Fmedia&parent=60828"}],"wp:term":[{"taxonomy":"category","embeddable":true,"href":"https:\/\/crajubaremacao.com.br\/index.php?rest_route=%2Fwp%2Fv2%2Fcategories&post=60828"},{"taxonomy":"post_tag","embeddable":true,"href":"https:\/\/crajubaremacao.com.br\/index.php?rest_route=%2Fwp%2Fv2%2Ftags&post=60828"}],"curies":[{"name":"wp","href":"https:\/\/api.w.org\/{rel}","templated":true}]}}