{"id":60856,"date":"2025-12-04T14:13:10","date_gmt":"2025-12-04T17:13:10","guid":{"rendered":"https:\/\/crajubaremacao.com.br\/?p=60856"},"modified":"2025-12-04T14:13:10","modified_gmt":"2025-12-04T17:13:10","slug":"uninassau-e-premiada-com-selo-instituicao-socialmente-responsavel","status":"publish","type":"post","link":"https:\/\/crajubaremacao.com.br\/?p=60856","title":{"rendered":"*UNINASSAU \u00e9 premiada com Selo Institui\u00e7\u00e3o Socialmente Respons\u00e1vel*"},"content":{"rendered":"<p>&nbsp;<\/p>\n<p>_Imagem: L\u00edvia Monteiro\/UNINASSAU_<\/p>\n<p>_A Institui\u00e7\u00e3o de Ensino Superior se destacou pelo papel socioambiental desenvolvido ao longo do ano_<\/p>\n<p>O UNINASSAU \u2013 Centro Universit\u00e1rio Maur\u00edcio de Nassau Juazeiro do Norte foi agraciado, mais uma vez, com o \u201cSelo Institui\u00e7\u00e3o Socialmente Respons\u00e1vel\u201d, concedido pela Associa\u00e7\u00e3o Brasileira de Mantenedoras de Ensino Superior (ABMES), referente \u00e0 21\u00aa Campanha da Responsabilidade Social do Ensino Superior Particular. A Institui\u00e7\u00e3o se destacou por seus projetos de responsabilidade social e extens\u00e3o, como Trote Legal, N\u00facleo de Aten\u00e7\u00e3o \u00e0 Pessoa com Transtorno do Espectro Autista (NATEA), Ser Recicla, Discrimina\u00e7\u00e3o Jamais, Faculdade na Comunidade, entre outros.<\/p>\n<p>Por meio do calend\u00e1rio de Responsabilidade Social, a UNINASSAU Juazeiro do Norte realiza atividades que mobilizam as comunidades acad\u00eamica e externa a doarem alimentos e brinquedos, por exemplo. Neste ano, o destaque foi a implanta\u00e7\u00e3o do Projeto Ser Recicla, com pontos de coleta para materiais recicl\u00e1veis. Ao longo de seis meses, j\u00e1 foi arrecadado mais de uma tonelada de res\u00edduos para a Associa\u00e7\u00e3o de Catadores Kariri Ambiental.<\/p>\n<p>Outro exemplo do compromisso da Institui\u00e7\u00e3o de Ensino Superior foi a inaugura\u00e7\u00e3o do Espa\u00e7o Seguro, uma sala de acolhimento a v\u00edtimas de viol\u00eancia dom\u00e9stica. O local possui uma rede de apoio integrada, incluindo aconselhamento jur\u00eddico gratuito, oferecido pelo N\u00facleo de Pr\u00e1ticas Jur\u00eddicas (NPJ), e direcionamento aos \u00f3rg\u00e3os oficiais de prote\u00e7\u00e3o. Al\u00e9m disso, h\u00e1 atendimento psicol\u00f3gico e suporte emocional a v\u00edtimas e crian\u00e7as, por meio da Cl\u00ednica-Escola de Psicologia.<\/p>\n<p>Em paralelo, a Institui\u00e7\u00e3o tamb\u00e9m lan\u00e7ou o projeto Cadeira Vazia, com a distribui\u00e7\u00e3o de cadeiras simbolizando v\u00edtimas de feminic\u00eddio que poderiam estar ocupando um espa\u00e7o na sala de aula. H\u00e1 ainda um QR Code para uma cartilha informativa e orienta\u00e7\u00f5es acerca dos tipos de viol\u00eancia e canais de den\u00fancia. Destaque tamb\u00e9m para a implanta\u00e7\u00e3o do N\u00facleo de Aten\u00e7\u00e3o \u00e0 Pessoa com Transtorno do Espectro Autista &#8211; NATEA, cujo objetivo \u00e9 acolher os cuidadores e familiares de pessoas com Transtorno do Espectro Autista (TEA).<\/p>\n<p>Para Milana Drumond, reitora da UNINASSAU Juazeiro do Norte, cada a\u00e7\u00e3o social desenvolvida refor\u00e7a o compromisso da Institui\u00e7\u00e3o com a cidadania, a dignidade e a constru\u00e7\u00e3o de um futuro mais justo. \u201cSeguiremos firmes, incentivando e fortalecendo iniciativas que promovam solidariedade, inclus\u00e3o e desenvolvimento social. Quando a Universidade estende a m\u00e3o, toda a comunidade avan\u00e7a junto\u201d.<\/p>\n<p>&nbsp;<\/p>\n<p>Pauta L\u00edvia Monteiro, assessora de imprensa da UNINASSAU Juazeiro do Norte.<\/p>\n","protected":false},"excerpt":{"rendered":"<p>&nbsp; _Imagem: L\u00edvia Monteiro\/UNINASSAU_ _A Institui\u00e7\u00e3o de Ensino Superior se destacou pelo papel socioambiental desenvolvido ao longo do ano_ O UNINASSAU \u2013 Centro Universit\u00e1rio Maur\u00edcio de Nassau Juazeiro do Norte foi agraciado, mais uma vez, com o \u201cSelo Institui\u00e7\u00e3o Socialmente Respons\u00e1vel\u201d, concedido pela Associa\u00e7\u00e3o Brasileira de Mantenedoras de Ensino Superior (ABMES), referente \u00e0 21\u00aa Campanha [&hellip;]<\/p>\n","protected":false},"author":130,"featured_media":60857,"comment_status":"open","ping_status":"open","sticky":false,"template":"","format":"standard","meta":{"_themeisle_gutenberg_block_has_review":false,"_jetpack_memberships_contains_paid_content":false,"footnotes":""},"categories":[4,123,1],"tags":[],"class_list":{"0":"post-60856","1":"post","2":"type-post","3":"status-publish","4":"format-standard","5":"has-post-thumbnail","7":"category-regiao","8":"category-educacao","9":"category-todas-noticias"},"jetpack_featured_media_url":"https:\/\/crajubaremacao.com.br\/wp-content\/uploads\/2025\/12\/IMG-20251204-WA16581.jpg","jetpack_sharing_enabled":true,"_links":{"self":[{"href":"https:\/\/crajubaremacao.com.br\/index.php?rest_route=\/wp\/v2\/posts\/60856","targetHints":{"allow":["GET"]}}],"collection":[{"href":"https:\/\/crajubaremacao.com.br\/index.php?rest_route=\/wp\/v2\/posts"}],"about":[{"href":"https:\/\/crajubaremacao.com.br\/index.php?rest_route=\/wp\/v2\/types\/post"}],"author":[{"embeddable":true,"href":"https:\/\/crajubaremacao.com.br\/index.php?rest_route=\/wp\/v2\/users\/130"}],"replies":[{"embeddable":true,"href":"https:\/\/crajubaremacao.com.br\/index.php?rest_route=%2Fwp%2Fv2%2Fcomments&post=60856"}],"version-history":[{"count":1,"href":"https:\/\/crajubaremacao.com.br\/index.php?rest_route=\/wp\/v2\/posts\/60856\/revisions"}],"predecessor-version":[{"id":60858,"href":"https:\/\/crajubaremacao.com.br\/index.php?rest_route=\/wp\/v2\/posts\/60856\/revisions\/60858"}],"wp:featuredmedia":[{"embeddable":true,"href":"https:\/\/crajubaremacao.com.br\/index.php?rest_route=\/wp\/v2\/media\/60857"}],"wp:attachment":[{"href":"https:\/\/crajubaremacao.com.br\/index.php?rest_route=%2Fwp%2Fv2%2Fmedia&parent=60856"}],"wp:term":[{"taxonomy":"category","embeddable":true,"href":"https:\/\/crajubaremacao.com.br\/index.php?rest_route=%2Fwp%2Fv2%2Fcategories&post=60856"},{"taxonomy":"post_tag","embeddable":true,"href":"https:\/\/crajubaremacao.com.br\/index.php?rest_route=%2Fwp%2Fv2%2Ftags&post=60856"}],"curies":[{"name":"wp","href":"https:\/\/api.w.org\/{rel}","templated":true}]}}