{"id":60859,"date":"2025-12-04T15:00:37","date_gmt":"2025-12-04T18:00:37","guid":{"rendered":"https:\/\/crajubaremacao.com.br\/?p=60859"},"modified":"2025-12-04T15:00:37","modified_gmt":"2025-12-04T18:00:37","slug":"flamengo-provoca-palmeiras-nas-redes-sociais-apos-titulo-do-brasileirao-vice-de-novo","status":"publish","type":"post","link":"https:\/\/crajubaremacao.com.br\/?p=60859","title":{"rendered":"Flamengo provoca Palmeiras nas redes sociais ap\u00f3s t\u00edtulo do Brasileir\u00e3o: \u2018Vice de novo\u2019"},"content":{"rendered":"<div>\n<div style=\"margin-bottom: 15px;\"><img decoding=\"async\" class=\"type:primaryImage\" src=\"https:\/\/jpimg.com.br\/uploads\/2025\/11\/54953984636_5da063503d_k-750x500.jpg\"><\/div>\n<p><?xml encoding=\"UTF-8\"><\/p>\n<p><a href=\"https:\/\/jovempan.com.br\/esportes\/futebol\/confira-como-foi-o-jogo-que-trouxe-mais-um-titulo-para-o-flamengo.html\">Campe\u00e3o do Campeonato Brasileiro<\/a> com uma rodada de antecipa\u00e7\u00e3o dias depois de faturar o trof\u00e9u da Libertadores em final contra o Palmeiras, o Flamengo usou as redes sociais para provocar o time paulista.<\/p>\n<p>A zoa\u00e7\u00e3o foi feita em uma <a href=\"https:\/\/x.com\/Flamengo\/status\/1996408143858041166?s=20\">postagem no X<\/a> (antigo Twitter), ap\u00f3s a equipe verde publicar uma imagem de Flaco L\u00f3pez comemorando o gol na <a href=\"https:\/\/jovempan.com.br\/esportes\/futebol\/palmeiras\/palmeiras-faz-3-a-0-no-atletico-mas-reage-tarde-no-brasileirao-e-ve-o-flamengo-ser-campeao.html\">vit\u00f3ria de 3 a 0 sobre o Atl\u00e9tico-MG<\/a>. Em um tom de goza\u00e7\u00e3o, os rubro-negros responderam com um gif de um porco caindo e usou a inscri\u00e7\u00e3o \u201cvice de novo\u201d.<\/p>\n<p>A onda de provoca\u00e7\u00f5es, no entanto, n\u00e3o ficou s\u00f3 nisso. O clube carioca aproveitou uma outra postagem publicada do rival, que mostrou uma tabela com o Palmeiras na lideran\u00e7a, para dar uma nova cutucada.<\/p>\n<p>Ap\u00f3s o triunfo de 1 a 0 sobre o Cear\u00e1, o <a href=\"https:\/\/x.com\/Flamengo\/status\/1996410744871731360?s=20\">Flamengo respondeu com a classifica\u00e7\u00e3o atualizada<\/a>, onde aparece com os 78 pontos, seguido pelo rival, com 73, restando apenas uma rodada. O toque final da provoca\u00e7\u00e3o veio com a inscri\u00e7\u00e3o: \u201cPra quem ainda n\u00e3o viu, t\u00e1 a\u00ed: A TABELA 100% ATUALIZADA!<\/p>\n<p>Sob o comando de Filipe Lu\u00eds, o Flamengo ganhou nesta temporada a Supercopa do Brasil, o Campeonato Carioca, a Copa Libertadores e agora o Brasileir\u00e3o, sendo que os dois \u00faltimos trof\u00e9us foram conquistados em cima do Palmeiras do t\u00e9cnico Abel Ferreira.<\/p>\n<p><em>*Com informa\u00e7\u00f5es de Estad\u00e3o Conte\u00fado<\/em><\/p>\n<\/div>\n","protected":false},"excerpt":{"rendered":"<p>Campe\u00e3o do Campeonato Brasileiro com uma rodada de antecipa\u00e7\u00e3o dias depois de faturar o trof\u00e9u da Libertadores em final contra o Palmeiras, o Flamengo usou as redes sociais para provocar o time paulista. A zoa\u00e7\u00e3o foi feita em uma postagem no X (antigo Twitter), ap\u00f3s a equipe verde publicar uma imagem de Flaco L\u00f3pez comemorando [&hellip;]<\/p>\n","protected":false},"author":260,"featured_media":60860,"comment_status":"closed","ping_status":"closed","sticky":false,"template":"","format":"standard","meta":{"_themeisle_gutenberg_block_has_review":false,"_jetpack_memberships_contains_paid_content":false,"footnotes":""},"categories":[12],"tags":[153],"class_list":{"0":"post-60859","1":"post","2":"type-post","3":"status-publish","4":"format-standard","5":"has-post-thumbnail","7":"category-esportes","8":"tag-esportes"},"jetpack_featured_media_url":"https:\/\/crajubaremacao.com.br\/wp-content\/uploads\/2025\/12\/54953984636_5da063503d_k-750x500-1.jpg","jetpack_sharing_enabled":true,"_links":{"self":[{"href":"https:\/\/crajubaremacao.com.br\/index.php?rest_route=\/wp\/v2\/posts\/60859","targetHints":{"allow":["GET"]}}],"collection":[{"href":"https:\/\/crajubaremacao.com.br\/index.php?rest_route=\/wp\/v2\/posts"}],"about":[{"href":"https:\/\/crajubaremacao.com.br\/index.php?rest_route=\/wp\/v2\/types\/post"}],"author":[{"embeddable":true,"href":"https:\/\/crajubaremacao.com.br\/index.php?rest_route=\/wp\/v2\/users\/260"}],"replies":[{"embeddable":true,"href":"https:\/\/crajubaremacao.com.br\/index.php?rest_route=%2Fwp%2Fv2%2Fcomments&post=60859"}],"version-history":[{"count":0,"href":"https:\/\/crajubaremacao.com.br\/index.php?rest_route=\/wp\/v2\/posts\/60859\/revisions"}],"wp:featuredmedia":[{"embeddable":true,"href":"https:\/\/crajubaremacao.com.br\/index.php?rest_route=\/wp\/v2\/media\/60860"}],"wp:attachment":[{"href":"https:\/\/crajubaremacao.com.br\/index.php?rest_route=%2Fwp%2Fv2%2Fmedia&parent=60859"}],"wp:term":[{"taxonomy":"category","embeddable":true,"href":"https:\/\/crajubaremacao.com.br\/index.php?rest_route=%2Fwp%2Fv2%2Fcategories&post=60859"},{"taxonomy":"post_tag","embeddable":true,"href":"https:\/\/crajubaremacao.com.br\/index.php?rest_route=%2Fwp%2Fv2%2Ftags&post=60859"}],"curies":[{"name":"wp","href":"https:\/\/api.w.org\/{rel}","templated":true}]}}