{"id":62457,"date":"2025-12-07T00:02:30","date_gmt":"2025-12-07T03:02:30","guid":{"rendered":"https:\/\/crajubaremacao.com.br\/?p=62457"},"modified":"2025-12-07T00:02:30","modified_gmt":"2025-12-07T03:02:30","slug":"moraes-nega-uso-de-slides-pela-defesa-de-filipe-martins","status":"publish","type":"post","link":"https:\/\/crajubaremacao.com.br\/?p=62457","title":{"rendered":"Moraes nega uso de slides pela defesa de Filipe Martins"},"content":{"rendered":"<div>\n<div style=\"margin-bottom: 15px;\"><img decoding=\"async\" class=\"type:primaryImage\" src=\"https:\/\/jpimg.com.br\/uploads\/2025\/10\/54869974569_91eb7fa8c8_k-750x462.jpg\"><\/div>\n<p><?xml encoding=\"UTF-8\"><\/p>\n<p>O ministro <a href=\"http:\/\/jovempan.com.br\/tag\/alexandre-de-moraes\"><strong>Alexandre de Moraes<\/strong><\/a>, do Supremo Tribunal Federal (<a href=\"http:\/\/jovempan.com.br\/tag\/stf\"><strong>STF<\/strong><\/a>), rejeitou apresenta\u00e7\u00e3o em slides que a defesa do ex-assessor do ex-presidente <a href=\"http:\/\/jovempan.com.br\/tag\/jair-bolsonaro\"><strong>Jair Bolsonaro<\/strong><\/a> (PL) Filipe Martins usaria em sustenta\u00e7\u00e3o oral na ter\u00e7a-feira (9), no julgamento dele e outros integrantes do chamado \u201cn\u00facleo 2\u201d que teria tentado um golpe de Estado no Brasil. Segundo despacho do ministro, os materiais apresentados pela defesa de Martins continham documentos e imagens sem rela\u00e7\u00e3o com a a\u00e7\u00e3o penal em an\u00e1lise. Moraes, contudo, liberou o material dos r\u00e9us Fernando de Sousa Oliveira, M\u00e1rio Fernandes e Mar\u00edlia Ferreira de Alencar, que foram considerados \u201cpertinentes\u201d.<\/p>\n<div class=\"cta-model cta-model2\" name=\"model2\">\n<div class=\"cta-container-general\">\n<div class=\"cta-container-model2\">\n<div class=\"container-image-text\">\n<div class=\"container-img\">\n                    <img decoding=\"async\" id=\"cta-image\" editable=\"true\" name=\"Imagem:\" src=\"https:\/\/s.jpimg.com.br\/wp-content\/plugins\/CTA-posts-selector\/assets\/images\/640_4anos-JPNews.jpg\" alt=\"cta_logo_jp\">\n                <\/div>\n<div class=\"container-title\">\n                    <span id=\"cta-text\" editable=\"true\" name=\"Conte\u00fado:\">Siga o canal da Jovem Pan News e receba as principais not\u00edcias no seu WhatsApp!<\/span>\n                <\/div>\n<\/p><\/div>\n<div class=\"cta-container-link\">\n<div class=\"cta-container-space\"><\/div>\n<p>                <a id=\"cta-link\" editable=\"true\" name=\"Link%20do%20bot%C3%A3o:\" target=\"_blank\" href=\"https:\/\/www.whatsapp.com\/channel\/0029VaAxUvrGJP8Fz9QZH93S\"><\/p>\n<div class=\"container-button\">\n                        <span id=\"cta-text2\" editable=\"true\" name=\"Texto do bot\u00e3o:\">WhatsApp<\/span>\n                    <\/div>\n<div class=\"container-icon\">\n                        <i id=\"cta-icon\" name=\"\u00cdcone do bot\u00e3o:\" editable=\"true\" class=\"fa-brands fa-whatsapp\"><\/i>\n                    <\/div>\n<p>                <\/a>\n            <\/div>\n<\/div>\n<\/div>\n<\/div>\n<p>\u201cOs materiais audiovisuais encaminhados pelas Defesas de Fernando de Sousa Oliveira, M\u00e1rio Fernandes e Mar\u00edlia Ferreira de Alencar, s\u00e3o pertinentes e relevantes, diferentemente do material apresentado pela Defesa de Filipe Garcia Martins Pereira, que \u00e9 parcialmente impertinente, constituindo-se de diversos documentos e imagens que n\u00e3o est\u00e3o juntadas aos autos e n\u00e3o dizem respeito ao objeto da presente A\u00e7\u00e3o Penal 2.693\/DF, nem tampouco comas teses defensivas trazidas nas alega\u00e7\u00f5es finais\u201d, disse Moraes.<\/p>\n<h3><strong>Defesa vai oficiar a OAB<\/strong><\/h3>\n<p>Para os advogados de Martins, ao contr\u00e1rio, o material reunia \u201ctrechos dos autos, decis\u00f5es j\u00e1 proferidas e pontos debatidos ao longo da investiga\u00e7\u00e3o, funcionando como um resumo visual das provas e teses reunidas nas alega\u00e7\u00f5es finais\u201d. Segundo a defesa, os slides sintetizavam conte\u00fados e serviriam para organizar a exposi\u00e7\u00e3o durante o julgamento.<\/p>\n<p>\u201cMoraes pediu os slides que ser\u00e3o utilizados na sustenta\u00e7\u00e3o oral previamente, para \u2018verificar adequa\u00e7\u00e3o t\u00e9cnica\u2019, mas ele queria mesmo era avaliar o que ser\u00e1 apresentado na sustenta\u00e7\u00e3o antes do dia, exercendo uma tutela indevida da advocacia\u201d, afirmaram em nota.<\/p>\n<p>A defesa pretende oficiar a Ordem dos Advogados do Brasil (OAB) e protocolar novamente os slides, \u201cagora com indica\u00e7\u00e3o expressa das refer\u00eancias de cada documento, imagem e v\u00eddeo nos autos\u201d. A decis\u00e3o do ministro foi publicada na sexta-feira (5) e notificada \u00e0 defesa na manh\u00e3 deste s\u00e1bado, 6. Procurado pela reportagem, o STF n\u00e3o comentou sobre os pontos colocados pela defesa. Se o fizer, o texto ser\u00e1 atualizado.<\/p>\n<p>\u201cAlexandre de Moraes est\u00e1 querendo dizer o que a defesa pode ou n\u00e3o apresentar na defesa de seu cliente\u201d, disseram os advogados. Os defensores afirmam ainda que o ministro n\u00e3o especificou quais trechos seriam impertinentes.<\/p>\n<p>\u201cTodo o conte\u00fado contido nos slides est\u00e1 nos autos processuais, foi objeto de debate e at\u00e9 de decis\u00f5es do pr\u00f3prio ministro. Com essa decis\u00e3o, Moraes admite desconhecer os autos e ainda querer tutelar a defesa\u201d, sustentaram. Moraes pediu para que a defesa apresente os novos slides at\u00e9 o dia 8, \u00e0s 15h.<\/p>\n<p><em>*Com informa\u00e7\u00f5es do Estad\u00e3o Conte\u00fado<\/em><\/p>\n<div class=\"list-related-posts\">\n<h3>Leia tamb\u00e9m<\/h3>\n<div class=\"related-posts-container\">\n<div class=\"related-post-item-container\">\n<div class=\"related-post\">\n<div class=\"img-related-box\">\n                                            <strong><a href=\"https:\/\/jovempan.com.br\/noticias\/politica\/lider-do-governo-diz-que-confusao-na-familia-bolsonaro-ajuda-lula.html\" title=\"L\u00edder do governo diz que confus\u00e3o na fam\u00edlia Bolsonaro ajuda Lula\"><img decoding=\"async\" src=\"https:\/\/jpimg.com.br\/uploads\/2025\/10\/img20250716214848409med.jpg\"><\/a><\/strong>\n                                        <\/div>\n<p>                                        <span class=\"box-the-title\"><br \/>\n                                            <strong><a href=\"https:\/\/jovempan.com.br\/noticias\/politica\/lider-do-governo-diz-que-confusao-na-familia-bolsonaro-ajuda-lula.html\" title=\"L\u00edder do governo diz que confus\u00e3o na fam\u00edlia Bolsonaro ajuda Lula\">L\u00edder do governo diz que confus\u00e3o na fam\u00edlia Bolsonaro ajuda Lula<\/a><\/strong><br \/>\n                                        <\/span>\n                                    <\/div>\n<div class=\"related-post\">\n<div class=\"img-related-box\">\n                                            <strong><a href=\"https:\/\/jovempan.com.br\/noticias\/politica\/valdemar-rebate-caciques-do-centrao-insatisfeitos-bolsonaro-e-uma-maquina-de-transferir-votos.html\" title=\"Valdemar rebate caciques do Centr\u00e3o insatisfeitos: 'Bolsonaro \u00e9 uma m\u00e1quina de transferir votos'\"><img decoding=\"async\" src=\"https:\/\/jpimg.com.br\/uploads\/2025\/10\/imagem-jvp-34-1.png\"><\/a><\/strong>\n                                        <\/div>\n<p>                                        <span class=\"box-the-title\"><br \/>\n                                            <strong><a href=\"https:\/\/jovempan.com.br\/noticias\/politica\/valdemar-rebate-caciques-do-centrao-insatisfeitos-bolsonaro-e-uma-maquina-de-transferir-votos.html\" title=\"Valdemar rebate caciques do Centr\u00e3o insatisfeitos: 'Bolsonaro \u00e9 uma m\u00e1quina de transferir votos'\">Valdemar rebate caciques do Centr\u00e3o insatisfeitos: &#8216;Bolsonaro \u00e9 uma m\u00e1quina de transferir votos&#8217;<\/a><\/strong><br \/>\n                                        <\/span>\n                                    <\/div>\n<div class=\"related-post\">\n<div class=\"img-related-box\">\n                                            <strong><a href=\"https:\/\/jovempan.com.br\/noticias\/politica\/flavio-bolsonaro-participa-de-culto-neste-domingo.html\" title=\"Fl\u00e1vio Bolsonaro participa de culto neste domingo\"><img decoding=\"async\" src=\"https:\/\/jpimg.com.br\/uploads\/2025\/09\/design-sem-nome-2025-09-09t185120.901.png\"><\/a><\/strong>\n                                        <\/div>\n<p>                                        <span class=\"box-the-title\"><br \/>\n                                            <strong><a href=\"https:\/\/jovempan.com.br\/noticias\/politica\/flavio-bolsonaro-participa-de-culto-neste-domingo.html\" title=\"Fl\u00e1vio Bolsonaro participa de culto neste domingo\">Fl\u00e1vio Bolsonaro participa de culto neste domingo<\/a><\/strong><br \/>\n                                        <\/span>\n                                    <\/div>\n<\/p><\/div>\n<\/p><\/div>\n<\/p><\/div>\n<\/div>\n","protected":false},"excerpt":{"rendered":"<p>O ministro Alexandre de Moraes, do Supremo Tribunal Federal (STF), rejeitou apresenta\u00e7\u00e3o em slides que a defesa do ex-assessor do ex-presidente Jair Bolsonaro (PL) Filipe Martins usaria em sustenta\u00e7\u00e3o oral na ter\u00e7a-feira (9), no julgamento dele e outros integrantes do chamado \u201cn\u00facleo 2\u201d que teria tentado um golpe de Estado no Brasil. Segundo despacho do [&hellip;]<\/p>\n","protected":false},"author":117,"featured_media":62458,"comment_status":"closed","ping_status":"closed","sticky":false,"template":"","format":"standard","meta":{"_themeisle_gutenberg_block_has_review":false,"_jetpack_memberships_contains_paid_content":false,"footnotes":""},"categories":[9],"tags":[129],"class_list":{"0":"post-62457","1":"post","2":"type-post","3":"status-publish","4":"format-standard","5":"has-post-thumbnail","7":"category-politica","8":"tag-politica"},"jetpack_featured_media_url":"https:\/\/crajubaremacao.com.br\/wp-content\/uploads\/2025\/12\/54869974569_91eb7fa8c8_k-750x462-1.jpg","jetpack_sharing_enabled":true,"_links":{"self":[{"href":"https:\/\/crajubaremacao.com.br\/index.php?rest_route=\/wp\/v2\/posts\/62457","targetHints":{"allow":["GET"]}}],"collection":[{"href":"https:\/\/crajubaremacao.com.br\/index.php?rest_route=\/wp\/v2\/posts"}],"about":[{"href":"https:\/\/crajubaremacao.com.br\/index.php?rest_route=\/wp\/v2\/types\/post"}],"author":[{"embeddable":true,"href":"https:\/\/crajubaremacao.com.br\/index.php?rest_route=\/wp\/v2\/users\/117"}],"replies":[{"embeddable":true,"href":"https:\/\/crajubaremacao.com.br\/index.php?rest_route=%2Fwp%2Fv2%2Fcomments&post=62457"}],"version-history":[{"count":0,"href":"https:\/\/crajubaremacao.com.br\/index.php?rest_route=\/wp\/v2\/posts\/62457\/revisions"}],"wp:featuredmedia":[{"embeddable":true,"href":"https:\/\/crajubaremacao.com.br\/index.php?rest_route=\/wp\/v2\/media\/62458"}],"wp:attachment":[{"href":"https:\/\/crajubaremacao.com.br\/index.php?rest_route=%2Fwp%2Fv2%2Fmedia&parent=62457"}],"wp:term":[{"taxonomy":"category","embeddable":true,"href":"https:\/\/crajubaremacao.com.br\/index.php?rest_route=%2Fwp%2Fv2%2Fcategories&post=62457"},{"taxonomy":"post_tag","embeddable":true,"href":"https:\/\/crajubaremacao.com.br\/index.php?rest_route=%2Fwp%2Fv2%2Ftags&post=62457"}],"curies":[{"name":"wp","href":"https:\/\/api.w.org\/{rel}","templated":true}]}}