{"id":62504,"date":"2025-12-08T12:05:13","date_gmt":"2025-12-08T15:05:13","guid":{"rendered":"https:\/\/crajubaremacao.com.br\/?p=62504"},"modified":"2025-12-08T12:05:13","modified_gmt":"2025-12-08T15:05:13","slug":"exclusivo-reducao-das-penas-do-8-de-janeiro-so-vai-a-voto-se-o-pl-nao-alterar-o-texto-afirma-relator","status":"publish","type":"post","link":"https:\/\/crajubaremacao.com.br\/?p=62504","title":{"rendered":"Exclusivo: Redu\u00e7\u00e3o das penas do 8 de Janeiro s\u00f3 vai a voto se o PL n\u00e3o alterar o texto, afirma relator"},"content":{"rendered":"<div>\n<div style=\"margin-bottom: 15px;\"><img decoding=\"async\" class=\"type:primaryImage\" src=\"https:\/\/jpimg.com.br\/uploads\/2025\/12\/img20251028150408919med-750x462.jpg\"><\/div>\n<p>\n<?xml encoding=\"UTF-8\"><\/p>\n<p>A vota\u00e7\u00e3o do projeto que reduz penas dos condenados pelos atos de <a href=\"https:\/\/jovempan.com.br\/tag\/8-de-janeiro\" target=\"_blank\" rel=\"noopener noreferrer\"><strong>8 de Janeiro<\/strong><\/a> depende exclusivamente do <a href=\"https:\/\/jovempan.com.br\/tag\/pl\" target=\"_blank\" rel=\"noopener noreferrer\"><strong>PL<\/strong><\/a>, partido do ex-presidente Jair Bolsonaro. Segundo o relator da proposta, deputado <a href=\"https:\/\/jovempan.com.br\/tag\/paulinho-da-forca\" target=\"_blank\" rel=\"noopener noreferrer\"><strong>Paulinho da For\u00e7a<\/strong><\/a> (Solidariedade-SP), o texto do PL conhecido como da dosimetria s\u00f3 ir\u00e1 ao plen\u00e1rio se houver consenso, o que significa o PL desistir de apresentar mudan\u00e7as.<\/p>\n<p>\u201cA proposta s\u00f3 vai ser votada se tiver consenso, ou seja, se o PL topar votar. O PL est\u00e1 querendo mexer no texto e n\u00f3s n\u00e3o temos condi\u00e7\u00e3o de mexer no texto. Se eles toparem o meu texto, vamos votar\u201d, afirmou Paulinho \u00e0 <strong>Jovem Pan<\/strong>.<\/p>\n<p>A press\u00e3o pela vota\u00e7\u00e3o aumentou ap\u00f3s declara\u00e7\u00f5es do senador <a href=\"https:\/\/jovempan.com.br\/tag\/flavio-bolsonaro\" target=\"_blank\" rel=\"noopener noreferrer\"><strong>Fl\u00e1vio Bolsonaro<\/strong><\/a>, escolhido pelo pai como pr\u00e9-candidato \u00e0 Presid\u00eancia em 2026. No domingo, ele afirmou que teria \u201cum pre\u00e7o\u201d para desistir da disputa, inicialmente citando a anistia, e, mais tarde, em entrevista \u00e0 Record, dizendo que o pre\u00e7o seria Jair Bolsonaro fora da cadeia e com o nome nas urnas em 2026.<\/p>\n<p>A urg\u00eancia da anistia foi aprovada em setembro, mas a vota\u00e7\u00e3o segue travada por falta de acordo. O impasse central est\u00e1 no destaque de prefer\u00eancia que o PL quer apresentar para resgatar o texto original do deputado <a href=\"https:\/\/jovempan.com.br\/tag\/marcelo-crivella\" target=\"_blank\" rel=\"noopener noreferrer\"><strong>Marcelo Crivella<\/strong><\/a> (Republicanos-RJ), que concede anistia \u201campla, geral e irrestrita\u201d aos condenados pelos ataques e por toda a articula\u00e7\u00e3o golpista.<\/p>\n<\/p>\n<div class=\"cta-model cta-model2\" name=\"model2\">\n<div class=\"cta-container-general\">\n<div class=\"cta-container-model2\">\n<div class=\"container-image-text\">\n<div class=\"container-img\">\n                    <img decoding=\"async\" id=\"cta-image\" editable=\"true\" name=\"Imagem:\" src=\"https:\/\/s.jpimg.com.br\/wp-content\/plugins\/CTA-posts-selector\/assets\/images\/640_4anos-JPNews.jpg\" alt=\"cta_logo_jp\">\n                <\/div>\n<div class=\"container-title\">\n                    <span id=\"cta-text\" editable=\"true\" name=\"Conte\u00fado:\">Siga o canal da Jovem Pan News e receba as principais not\u00edcias no seu WhatsApp!<\/span>\n                <\/div>\n<\/p><\/div>\n<div class=\"cta-container-link\">\n<div class=\"cta-container-space\"><\/div>\n<p>                <a id=\"cta-link\" editable=\"true\" name=\"Link%20do%20bot%C3%A3o:\" target=\"_blank\" href=\"https:\/\/www.whatsapp.com\/channel\/0029VaAxUvrGJP8Fz9QZH93S\"><\/p>\n<div class=\"container-button\">\n                        <span id=\"cta-text2\" editable=\"true\" name=\"Texto do bot\u00e3o:\">WhatsApp<\/span>\n                    <\/div>\n<div class=\"container-icon\">\n                        <i id=\"cta-icon\" name=\"\u00cdcone do bot\u00e3o:\" editable=\"true\" class=\"fa-brands fa-whatsapp\"><\/i>\n                    <\/div>\n<p>                <\/a>\n            <\/div>\n<\/div>\n<\/div>\n<\/div>\n<p>Como a reportagem j\u00e1 havia mostrado, essa proposta n\u00e3o tem apoio da maioria do centro. Os partidos do bloco defendem apenas a redu\u00e7\u00e3o das penas e rejeitam uma anistia total.<\/p>\n<p>Outro obst\u00e1culo \u00e9 o presidente do <a href=\"https:\/\/jovempan.com.br\/tag\/senado\" target=\"_blank\" rel=\"noopener noreferrer\"><strong>Senado<\/strong><\/a>, Davi Alcolumbre (Uni\u00e3o-AP), que n\u00e3o concorda com o texto inicial. Sem garantia de que o Senado votaria a proposta, l\u00edderes da C\u00e2mara temem desgaste semelhante ao ocorrido com a chamada <a href=\"https:\/\/jovempan.com.br\/tag\/pec-da-blindagem\" target=\"_blank\" rel=\"noopener noreferrer\"><strong>\u201cPEC da Blindagem\u201d<\/strong><\/a>, aprovada pelos deputados, mas derrubada pelos senadores ap\u00f3s forte rea\u00e7\u00e3o p\u00fablica. Por isso, o recado do relator \u00e9 direto: a vota\u00e7\u00e3o s\u00f3 acontecer\u00e1 se o PL aceitar o texto como est\u00e1. Sem isso, n\u00e3o haver\u00e1 acordo para levar o tema ao plen\u00e1rio.<\/p>\n<\/p>\n<div class=\"list-related-posts\">\n<h3>Leia tamb\u00e9m<\/h3>\n<div class=\"related-posts-container\">\n<div class=\"related-post-item-container\">\n<div class=\"related-post\">\n<div class=\"img-related-box\">\n                                            <strong><a href=\"https:\/\/jovempan.com.br\/opiniao-jovem-pan\/comentaristas\/beatriz-manfredini\/chantagem-pura-diz-lider-petista-sobre-candidatura-de-flavio.html\" title=\"'Chantagem pura', diz l\u00edder petista sobre candidatura de Flavio\"><img decoding=\"async\" src=\"https:\/\/jpimg.com.br\/uploads\/2023\/07\/img20230614200144159med.jpg\"><\/a><\/strong>\n                                        <\/div>\n<p>                                        <span class=\"box-the-title\"><br \/>\n                                            <strong><a href=\"https:\/\/jovempan.com.br\/opiniao-jovem-pan\/comentaristas\/beatriz-manfredini\/chantagem-pura-diz-lider-petista-sobre-candidatura-de-flavio.html\" title=\"'Chantagem pura', diz l\u00edder petista sobre candidatura de Flavio\">&#8216;Chantagem pura&#8217;, diz l\u00edder petista sobre candidatura de Flavio<\/a><\/strong><br \/>\n                                        <\/span>\n                                    <\/div>\n<div class=\"related-post\">\n<div class=\"img-related-box\">\n                                            <strong><a href=\"https:\/\/jovempan.com.br\/noticias\/politica\/reducao-das-penas-do-8-de-janeiro-so-vai-a-voto-se-o-pl-nao-alterar-o-texto-afirma-relator.html\" title=\"Exclusivo: Redu\u00e7\u00e3o das penas do 8 de Janeiro s\u00f3 vai a voto se o PL n\u00e3o alterar o texto, afirma relator\"><img decoding=\"async\" src=\"https:\/\/jpimg.com.br\/uploads\/2025\/12\/img20251028150408919med.jpg\"><\/a><\/strong>\n                                        <\/div>\n<p>                                        <span class=\"box-the-title\"><br \/>\n                                            <strong><a href=\"https:\/\/jovempan.com.br\/noticias\/politica\/reducao-das-penas-do-8-de-janeiro-so-vai-a-voto-se-o-pl-nao-alterar-o-texto-afirma-relator.html\" title=\"Exclusivo: Redu\u00e7\u00e3o das penas do 8 de Janeiro s\u00f3 vai a voto se o PL n\u00e3o alterar o texto, afirma relator\">Exclusivo: Redu\u00e7\u00e3o das penas do 8 de Janeiro s\u00f3 vai a voto se o PL n\u00e3o alterar o texto, afirma relator<\/a><\/strong><br \/>\n                                        <\/span>\n                                    <\/div>\n<\/p><\/div>\n<\/p><\/div>\n<\/p><\/div>\n<\/p>\n<\/div>\n","protected":false},"excerpt":{"rendered":"<p>A vota\u00e7\u00e3o do projeto que reduz penas dos condenados pelos atos de 8 de Janeiro depende exclusivamente do PL, partido do ex-presidente Jair Bolsonaro. Segundo o relator da proposta, deputado Paulinho da For\u00e7a (Solidariedade-SP), o texto do PL conhecido como da dosimetria s\u00f3 ir\u00e1 ao plen\u00e1rio se houver consenso, o que significa o PL desistir [&hellip;]<\/p>\n","protected":false},"author":117,"featured_media":62505,"comment_status":"closed","ping_status":"closed","sticky":false,"template":"","format":"standard","meta":{"_themeisle_gutenberg_block_has_review":false,"_jetpack_memberships_contains_paid_content":false,"footnotes":""},"categories":[9],"tags":[129],"class_list":{"0":"post-62504","1":"post","2":"type-post","3":"status-publish","4":"format-standard","5":"has-post-thumbnail","7":"category-politica","8":"tag-politica"},"jetpack_featured_media_url":"https:\/\/crajubaremacao.com.br\/wp-content\/uploads\/2025\/12\/img20251028150408919med-750x462-1.jpg","jetpack_sharing_enabled":true,"_links":{"self":[{"href":"https:\/\/crajubaremacao.com.br\/index.php?rest_route=\/wp\/v2\/posts\/62504","targetHints":{"allow":["GET"]}}],"collection":[{"href":"https:\/\/crajubaremacao.com.br\/index.php?rest_route=\/wp\/v2\/posts"}],"about":[{"href":"https:\/\/crajubaremacao.com.br\/index.php?rest_route=\/wp\/v2\/types\/post"}],"author":[{"embeddable":true,"href":"https:\/\/crajubaremacao.com.br\/index.php?rest_route=\/wp\/v2\/users\/117"}],"replies":[{"embeddable":true,"href":"https:\/\/crajubaremacao.com.br\/index.php?rest_route=%2Fwp%2Fv2%2Fcomments&post=62504"}],"version-history":[{"count":0,"href":"https:\/\/crajubaremacao.com.br\/index.php?rest_route=\/wp\/v2\/posts\/62504\/revisions"}],"wp:featuredmedia":[{"embeddable":true,"href":"https:\/\/crajubaremacao.com.br\/index.php?rest_route=\/wp\/v2\/media\/62505"}],"wp:attachment":[{"href":"https:\/\/crajubaremacao.com.br\/index.php?rest_route=%2Fwp%2Fv2%2Fmedia&parent=62504"}],"wp:term":[{"taxonomy":"category","embeddable":true,"href":"https:\/\/crajubaremacao.com.br\/index.php?rest_route=%2Fwp%2Fv2%2Fcategories&post=62504"},{"taxonomy":"post_tag","embeddable":true,"href":"https:\/\/crajubaremacao.com.br\/index.php?rest_route=%2Fwp%2Fv2%2Ftags&post=62504"}],"curies":[{"name":"wp","href":"https:\/\/api.w.org\/{rel}","templated":true}]}}