{"id":62558,"date":"2025-12-09T15:10:48","date_gmt":"2025-12-09T18:10:48","guid":{"rendered":"https:\/\/crajubaremacao.com.br\/?p=62558"},"modified":"2025-12-09T15:10:48","modified_gmt":"2025-12-09T18:10:48","slug":"mano-menezes-anuncia-saida-do-gremio","status":"publish","type":"post","link":"https:\/\/crajubaremacao.com.br\/?p=62558","title":{"rendered":"Mano Menezes anuncia sa\u00edda do Gr\u00eamio"},"content":{"rendered":"<div>\n<div style=\"margin-bottom: 15px;\"><img decoding=\"async\" class=\"type:primaryImage\" src=\"https:\/\/jpimg.com.br\/uploads\/2025\/08\/mano-menezes-em-treinamento-do-gremio-foto-lucas-uebel-gremio-fbpa-750x469.jpg\"><\/div>\n<p><?xml encoding=\"UTF-8\"><\/p>\n<p>O t\u00e9cnico Mano Menezes anunciou nesta ter\u00e7a-feira (9), por meio de postagem em suas redes sociais, a sua sa\u00edda do <a href=\"http:\/\/jovempan.com.br\/tag\/gremio\"><strong>Gr\u00eamio<\/strong><\/a> <strong>(veja o an\u00fancio abaixo)<\/strong>. Longe de fazer uma campanha brilhante, o time ga\u00facho encerrou o <a href=\"http:\/\/jovempan.com.br\/tag\/campeonato-brasileiro\"><strong>Campeonato Brasileiro<\/strong><\/a> na nona coloca\u00e7\u00e3o e garantiu uma vaga na Copa Sul-americana.<\/p>\n<p>Na publica\u00e7\u00e3o, ele comentou sobre o momento dif\u00edcil que o clube viveu desde a sua chegada e se despediu e usando um discurso protocolar nessa sua despedida.\u00a0\u201cEm abril deste ano, o Gr\u00eamio vivia um momento muito dif\u00edcil. Aceitei e aceitarei sempre que o Gr\u00eamio precisar. Nossa rela\u00e7\u00e3o \u00e9 de gratid\u00e3o m\u00fatua. Passados quase oito meses, devolvemos o clube \u00e0 Copa sul-americana com a nona coloca\u00e7\u00e3o\u201d, diz parte do texto.<\/p>\n<p>A postagem do profissional foi exibida antes do an\u00fancio oficial do clube. Mano agradeceu \u00e0 diretoria por mais uma oportunidade e disse confiar em um 2026 mais promissor.\u00a0\u201cSei que \u00e9 pouco (o 9\u00ba lugar no Nacional) para a ambi\u00e7\u00e3o do torcedor, mas \u00e9 um alicerce para uma nova equipe e para novas conquistas. Em meu nome e de minha comiss\u00e3o t\u00e9cnica, agrade\u00e7o a maneira como fomos tratados pela quase totalidade dos funcion\u00e1rios, dirigentes, jogadores e torcedores\u201d, completou na postagem.<\/p>\n<p>O treinador foi comunicado da decis\u00e3o do clube na manh\u00e3 desta ter\u00e7a-feira pelo vice-presidente de futebol Antonio Dutra Jr. Ao optar pela mudan\u00e7a de comando no futebol, a nova dire\u00e7\u00e3o vai em busca de outros nomes. O t\u00e9cnico portugu\u00eas Lu\u00eds Castro, que dirigiu o Botafogo, est\u00e1 no radar do Gr\u00eamio.<\/p>\n<div class=\"cta-model cta-model3\" name=\"model3\">\n<div class=\"cta-container-general\">\n<div class=\"cta-container-model3\">\n<div class=\"container-image-text\">\n<div class=\"container-img\">\n                    <img decoding=\"async\" id=\"cta-image\" editable=\"true\" name=\"Imagem:\" src=\"https:\/\/s.jpimg.com.br\/wp-content\/plugins\/CTA-posts-selector\/assets\/images\/640_JPEsportes.jpg\" alt=\"cta_logo_jp\">\n                <\/div>\n<div class=\"container-title\">\n                    <span id=\"cta-text\" editable=\"true\" name=\"Conte\u00fado:\">Siga o canal da Jovem Pan Esportes e receba as principais not\u00edcias no seu WhatsApp!<\/span>\n                <\/div>\n<\/p><\/div>\n<div class=\"cta-container-link\">\n<div class=\"cta-container-space\"><\/div>\n<p>                <a id=\"cta-link_3\" editable=\"true\" name=\"Link%20do%20bot%C3%A3o:\" target=\"_blank\" href=\"https:\/\/www.whatsapp.com\/channel\/0029Va9wMgZD8SE3UbBwem2u\"><\/p>\n<div class=\"container-button\">\n                        <span id=\"cta-text2\" editable=\"true\" name=\"Texto do bot\u00e3o:\">WhatsApp<\/span>\n                    <\/div>\n<div class=\"container-icon\">\n                        <i id=\"cta-icon\" name=\"\u00cdcone do bot\u00e3o:\" editable=\"true\" class=\"fa-brands fa-whatsapp\"><\/i>\n                    <\/div>\n<p>                <\/a>\n            <\/div>\n<\/div>\n<\/div>\n<\/div>\n<p>Neste \u00faltimo ciclo, Mano assumiu o time no dia 22 de abril em substitui\u00e7\u00e3o ao argentino Gustavo Quinteros. Ele comandou a equipe em 39 partidas, obteve 14 vit\u00f3rias, empatou 12 jogos e sofreu 13 derrotas, com um aproveitamento de 46%.<\/p>\n<h3><strong>Veja o an\u00fancio de Mano Menezes:<\/strong><\/h3>\n<blockquote class=\"instagram-media\" style=\"background: #FFF; border: 0; border-radius: 3px; box-shadow: 0 0 1px 0 rgba(0,0,0,0.5),0 1px 10px 0 rgba(0,0,0,0.15); margin: 1px; max-width: 540px; min-width: 326px; padding: 0; width: calc(100% - 2px);\" data-instgrm-captioned=\"\" data-instgrm-permalink=\"https:\/\/www.instagram.com\/p\/DSC5xgEjmg9\/?utm_source=ig_embed&amp;utm_campaign=loading\" data-instgrm-version=\"14\">\n<div style=\"padding: 16px;\">\n\u00a0<\/p>\n<div style=\"display: flex; flex-direction: row; align-items: center;\">\n<div style=\"background-color: #f4f4f4; border-radius: 50%; flex-grow: 0; height: 40px; margin-right: 14px; width: 40px;\"><\/div>\n<div style=\"display: flex; flex-direction: column; flex-grow: 1; justify-content: center;\">\n<div style=\"background-color: #f4f4f4; border-radius: 4px; flex-grow: 0; height: 14px; margin-bottom: 6px; width: 100px;\"><\/div>\n<div style=\"background-color: #f4f4f4; border-radius: 4px; flex-grow: 0; height: 14px; width: 60px;\"><\/div>\n<\/div>\n<\/div>\n<div style=\"padding: 19% 0;\"><\/div>\n<div style=\"display: block; height: 50px; margin: 0 auto 12px; width: 50px;\"><\/div>\n<div style=\"padding-top: 8px;\">\n<div style=\"color: #3897f0; font-family: Arial,sans-serif; font-size: 14px; font-style: normal; font-weight: 550; line-height: 18px;\">Ver essa foto no Instagram<\/div>\n<\/div>\n<div style=\"padding: 12.5% 0;\"><\/div>\n<div style=\"display: flex; flex-direction: row; margin-bottom: 14px; align-items: center;\">\n<div>\n<div style=\"background-color: #f4f4f4; border-radius: 50%; height: 12.5px; width: 12.5px; transform: translateX(0px) translateY(7px);\"><\/div>\n<div style=\"background-color: #f4f4f4; height: 12.5px; transform: rotate(-45deg) translateX(3px) translateY(1px); width: 12.5px; flex-grow: 0; margin-right: 14px; margin-left: 2px;\"><\/div>\n<div style=\"background-color: #f4f4f4; border-radius: 50%; height: 12.5px; width: 12.5px; transform: translateX(9px) translateY(-18px);\"><\/div>\n<\/div>\n<div style=\"margin-left: 8px;\">\n<div style=\"background-color: #f4f4f4; border-radius: 50%; flex-grow: 0; height: 20px; width: 20px;\"><\/div>\n<div style=\"width: 0; height: 0; border-top: 2px solid transparent; border-left: 6px solid #f4f4f4; border-bottom: 2px solid transparent; transform: translateX(16px) translateY(-4px) rotate(30deg);\"><\/div>\n<\/div>\n<div style=\"margin-left: auto;\">\n<div style=\"width: 0px; border-top: 8px solid #F4F4F4; border-right: 8px solid transparent; transform: translateY(16px);\"><\/div>\n<div style=\"background-color: #f4f4f4; flex-grow: 0; height: 12px; width: 16px; transform: translateY(-4px);\"><\/div>\n<div style=\"width: 0; height: 0; border-top: 8px solid #F4F4F4; border-left: 8px solid transparent; transform: translateY(-4px) translateX(8px);\"><\/div>\n<\/div>\n<\/div>\n<div style=\"display: flex; flex-direction: column; flex-grow: 1; justify-content: center; margin-bottom: 24px;\">\n<div style=\"background-color: #f4f4f4; border-radius: 4px; flex-grow: 0; height: 14px; margin-bottom: 6px; width: 224px;\"><\/div>\n<div style=\"background-color: #f4f4f4; border-radius: 4px; flex-grow: 0; height: 14px; width: 144px;\"><\/div>\n<\/div>\n<p>\u00a0<br \/>\nUm post compartilhado por Mano Menezes (@manomenezes_oficial)\n<\/p><\/div>\n<\/blockquote>\n<p><script async src=\"\/\/www.instagram.com\/embed.js\"><\/script><\/p>\n<p>\u00a0<\/p>\n<p><em>*Com informa\u00e7\u00f5es do Estad\u00e3o Conte\u00fado<br \/>\n<\/em><em>Publicado por N\u00edcolas Robert<\/em><\/p>\n<div class=\"list-related-posts\">\n<h3>Leia tamb\u00e9m<\/h3>\n<div class=\"related-posts-container\">\n<div class=\"related-post-item-container\">\n<div class=\"related-post\">\n<div class=\"img-related-box\">\n                                            <strong><a href=\"https:\/\/jovempan.com.br\/opiniao-jovem-pan\/comentaristas\/thiago-uberreich-comentaristas\/a-ultima-vez-em-que-a-selecao-estreou-as-19h-na-copa-no-horario-de-brasilia-foi-em-70.html\" title=\"A \u00faltima vez em que a sele\u00e7\u00e3o estreou \u00e0s 19h na Copa, no hor\u00e1rio de Bras\u00edlia, foi em 70\"><img decoding=\"async\" src=\"https:\/\/jpimg.com.br\/uploads\/2025\/04\/jairzinho2.161501.jpg\"><\/a><\/strong>\n                                        <\/div>\n<p>                                        <span class=\"box-the-title\"><br \/>\n                                            <strong><a href=\"https:\/\/jovempan.com.br\/opiniao-jovem-pan\/comentaristas\/thiago-uberreich-comentaristas\/a-ultima-vez-em-que-a-selecao-estreou-as-19h-na-copa-no-horario-de-brasilia-foi-em-70.html\" title=\"A \u00faltima vez em que a sele\u00e7\u00e3o estreou \u00e0s 19h na Copa, no hor\u00e1rio de Bras\u00edlia, foi em 70\">A \u00faltima vez em que a sele\u00e7\u00e3o estreou \u00e0s 19h na Copa, no hor\u00e1rio de Bras\u00edlia, foi em 70<\/a><\/strong><br \/>\n                                        <\/span>\n                                    <\/div>\n<div class=\"related-post\">\n<div class=\"img-related-box\">\n                                            <strong><a href=\"https:\/\/jovempan.com.br\/esportes\/outros-esportes\/fonseca-encanta-torcida-mas-alcaraz-confirma-favoritismo-e-vence-exibicao-em-miami.html\" title=\"Fonseca encanta torcida, mas Alcaraz confirma favoritismo e vence exibi\u00e7\u00e3o em Miami\"><img decoding=\"async\" src=\"https:\/\/jpimg.com.br\/uploads\/2025\/12\/design-sem-nome-20.png\"><\/a><\/strong>\n                                        <\/div>\n<p>                                        <span class=\"box-the-title\"><br \/>\n                                            <strong><a href=\"https:\/\/jovempan.com.br\/esportes\/outros-esportes\/fonseca-encanta-torcida-mas-alcaraz-confirma-favoritismo-e-vence-exibicao-em-miami.html\" title=\"Fonseca encanta torcida, mas Alcaraz confirma favoritismo e vence exibi\u00e7\u00e3o em Miami\">Fonseca encanta torcida, mas Alcaraz confirma favoritismo e vence exibi\u00e7\u00e3o em Miami<\/a><\/strong><br \/>\n                                        <\/span>\n                                    <\/div>\n<\/p><\/div>\n<\/p><\/div>\n<\/p><\/div>\n<\/div>\n","protected":false},"excerpt":{"rendered":"<p>O t\u00e9cnico Mano Menezes anunciou nesta ter\u00e7a-feira (9), por meio de postagem em suas redes sociais, a sua sa\u00edda do Gr\u00eamio (veja o an\u00fancio abaixo). Longe de fazer uma campanha brilhante, o time ga\u00facho encerrou o Campeonato Brasileiro na nona coloca\u00e7\u00e3o e garantiu uma vaga na Copa Sul-americana. Na publica\u00e7\u00e3o, ele comentou sobre o momento [&hellip;]<\/p>\n","protected":false},"author":260,"featured_media":62559,"comment_status":"closed","ping_status":"closed","sticky":false,"template":"","format":"standard","meta":{"_themeisle_gutenberg_block_has_review":false,"_jetpack_memberships_contains_paid_content":false,"footnotes":""},"categories":[12],"tags":[153],"class_list":{"0":"post-62558","1":"post","2":"type-post","3":"status-publish","4":"format-standard","5":"has-post-thumbnail","7":"category-esportes","8":"tag-esportes"},"jetpack_featured_media_url":"https:\/\/crajubaremacao.com.br\/wp-content\/uploads\/2025\/12\/mano-menezes-em-treinamento-do-gremio-foto-lucas-uebel-gremio-fbpa-750x469-1.jpg","jetpack_sharing_enabled":true,"_links":{"self":[{"href":"https:\/\/crajubaremacao.com.br\/index.php?rest_route=\/wp\/v2\/posts\/62558","targetHints":{"allow":["GET"]}}],"collection":[{"href":"https:\/\/crajubaremacao.com.br\/index.php?rest_route=\/wp\/v2\/posts"}],"about":[{"href":"https:\/\/crajubaremacao.com.br\/index.php?rest_route=\/wp\/v2\/types\/post"}],"author":[{"embeddable":true,"href":"https:\/\/crajubaremacao.com.br\/index.php?rest_route=\/wp\/v2\/users\/260"}],"replies":[{"embeddable":true,"href":"https:\/\/crajubaremacao.com.br\/index.php?rest_route=%2Fwp%2Fv2%2Fcomments&post=62558"}],"version-history":[{"count":0,"href":"https:\/\/crajubaremacao.com.br\/index.php?rest_route=\/wp\/v2\/posts\/62558\/revisions"}],"wp:featuredmedia":[{"embeddable":true,"href":"https:\/\/crajubaremacao.com.br\/index.php?rest_route=\/wp\/v2\/media\/62559"}],"wp:attachment":[{"href":"https:\/\/crajubaremacao.com.br\/index.php?rest_route=%2Fwp%2Fv2%2Fmedia&parent=62558"}],"wp:term":[{"taxonomy":"category","embeddable":true,"href":"https:\/\/crajubaremacao.com.br\/index.php?rest_route=%2Fwp%2Fv2%2Fcategories&post=62558"},{"taxonomy":"post_tag","embeddable":true,"href":"https:\/\/crajubaremacao.com.br\/index.php?rest_route=%2Fwp%2Fv2%2Ftags&post=62558"}],"curies":[{"name":"wp","href":"https:\/\/api.w.org\/{rel}","templated":true}]}}