{"id":62560,"date":"2025-12-09T18:36:08","date_gmt":"2025-12-09T21:36:08","guid":{"rendered":"https:\/\/crajubaremacao.com.br\/?p=62560"},"modified":"2025-12-09T18:36:08","modified_gmt":"2025-12-09T21:36:08","slug":"filipe-luis-critica-grama-sintetica-e-praticas-do-futebol-brasileiro-ninguem-respeita","status":"publish","type":"post","link":"https:\/\/crajubaremacao.com.br\/?p=62560","title":{"rendered":"Filipe Lu\u00eds critica grama sint\u00e9tica e pr\u00e1ticas do futebol brasileiro: \u2018Ningu\u00e9m respeita\u2019"},"content":{"rendered":"<div>\n<div style=\"margin-bottom: 15px;\"><img decoding=\"async\" class=\"type:primaryImage\" src=\"https:\/\/jpimg.com.br\/uploads\/2025\/07\/agf20250712096-750x500.jpg\"><\/div>\n<p><?xml encoding=\"UTF-8\"><\/p>\n<p>O t\u00e9cnico do <strong><a href=\"https:\/\/jovempan.com.br\/tag\/Flamengo\" target=\"_blank\" rel=\"noopener noreferrer\">Flamengo<\/a><\/strong>, <a href=\"https:\/\/jovempan.com.br\/tag\/Filipe-Luis\" target=\"_blank\" rel=\"noopener noreferrer\"><strong>Filipe Lu\u00eds<\/strong><\/a>, fez cr\u00edticas a grama sint\u00e9tica na v\u00e9spera da estreia do <a href=\"https:\/\/jovempan.com.br\/tag\/flamengo\" target=\"_blank\" rel=\"noopener noreferrer\"><strong>Flamengo<\/strong><\/a> na Copa Intercontinental. \u201cQue campeonato da Europa tem seis clubes que v\u00e3o jogar no campo sint\u00e9tico? Isso desvaloriza o produto, faz com que menos espectadores ao redor do mundo queiram assistir (aos jogos). Para a sa\u00fade dos atletas, o ideal \u00e9 que eles joguem em gramados naturais de boa qualidade\u201d, afirmou, nesta ter\u00e7a-feira (9).<\/p>\n<p>Com uma carreira constru\u00edda com passagens por grandes clubes da Espanha, Holanda e Inglaterra, o ex-lateral-esquerdo defendeu a utiliza\u00e7\u00e3o da grama natural de uma maneira geral. \u201cNa final da <a href=\"https:\/\/jovempan.com.br\/tag\/Libertadores\" target=\"_blank\" rel=\"noopener noreferrer\"><strong>Libertadores<\/strong><\/a>, em Lima, uma cidade que quase n\u00e3o chove, talvez tenha sido o melhor gramado onde jogamos no ano. Aqui, n\u00e3o entrei no est\u00e1dio ainda, mas tenho certeza que encontraremos um campo nas melhores condi\u00e7\u00f5es\u201d, disse Filipe Lu\u00eds para refor\u00e7ar a sua linha de pensamento, o treinador rubro-negro destacou a qualidade do campo da final da Libertadores e tamb\u00e9m dos est\u00e1dios do Catar a fim de justificar a sua opini\u00e3o.<\/p>\n<div class=\"cta-model cta-model3\" name=\"model3\">\n<div class=\"cta-container-general\">\n<div class=\"cta-container-model3\">\n<div class=\"container-image-text\">\n<div class=\"container-img\">\n                    <img decoding=\"async\" id=\"cta-image\" editable=\"true\" name=\"Imagem:\" src=\"https:\/\/s.jpimg.com.br\/wp-content\/plugins\/CTA-posts-selector\/assets\/images\/640_JPEsportes.jpg\" alt=\"cta_logo_jp\">\n                <\/div>\n<div class=\"container-title\">\n                    <span id=\"cta-text\" editable=\"true\" name=\"Conte\u00fado:\">Siga o canal da Jovem Pan Esportes e receba as principais not\u00edcias no seu WhatsApp!<\/span>\n                <\/div>\n<\/p><\/div>\n<div class=\"cta-container-link\">\n<div class=\"cta-container-space\"><\/div>\n<p>                <a id=\"cta-link_3\" editable=\"true\" name=\"Link%20do%20bot%C3%A3o:\" target=\"_blank\" href=\"https:\/\/www.whatsapp.com\/channel\/0029Va9wMgZD8SE3UbBwem2u\"><\/p>\n<div class=\"container-button\">\n                        <span id=\"cta-text2\" editable=\"true\" name=\"Texto do bot\u00e3o:\">WhatsApp<\/span>\n                    <\/div>\n<div class=\"container-icon\">\n                        <i id=\"cta-icon\" name=\"\u00cdcone do bot\u00e3o:\" editable=\"true\" class=\"fa-brands fa-whatsapp\"><\/i>\n                    <\/div>\n<p>                <\/a>\n            <\/div>\n<\/div>\n<\/div>\n<\/div>\n<p>Al\u00e9m do gramado, o comandante rubro-negro criticou ainda algumas pr\u00e1ticas que comp\u00f5em a cultura do futebol nos est\u00e1dios. \u201cTemos que come\u00e7ar pelo b\u00e1sico. Porque ningu\u00e9m respeita e canta o hino nacional antes dos jogos? Os torcedores d\u00e3o risada, cantam outra m\u00fasica por cima. Ningu\u00e9m respeita o minuto de sil\u00eancio\u201d, pontuou<\/p>\n<p>O Flamengo estreia, nesta quarta-feira (10), na Copa Intercontinental contra o Cruz Azul, do M\u00e9xico. Em caso de vit\u00f3ria, o time carioca segue vivo no torneio e encara o Pyramids, do Egito, na semifinal. J\u00e1 garantido na decis\u00e3o, o Paris Saint-Germain \u00e9 finalista na disputa do trof\u00e9u, em duelo marcado para o pr\u00f3ximo dia 17 deste m\u00eas.<\/p>\n<div class=\"list-related-posts\">\n<h3>Leia tamb\u00e9m<\/h3>\n<div class=\"related-posts-container\">\n<div class=\"related-post-item-container\">\n<div class=\"related-post\">\n<div class=\"img-related-box\">\n                                            <strong><a href=\"https:\/\/jovempan.com.br\/esportes\/futebol\/corinthians-tem-retornos-importantes-antes-da-semifinal-da-copa-do-brasil.html\" title=\"Corinthians tem retornos importantes antes da semifinal da Copa do Brasil\"><img decoding=\"async\" src=\"https:\/\/jpimg.com.br\/uploads\/2025\/05\/agf20250518244.jpg\"><\/a><\/strong>\n                                        <\/div>\n<p>                                        <span class=\"box-the-title\"><br \/>\n                                            <strong><a href=\"https:\/\/jovempan.com.br\/esportes\/futebol\/corinthians-tem-retornos-importantes-antes-da-semifinal-da-copa-do-brasil.html\" title=\"Corinthians tem retornos importantes antes da semifinal da Copa do Brasil\">Corinthians tem retornos importantes antes da semifinal da Copa do Brasil<\/a><\/strong><br \/>\n                                        <\/span>\n                                    <\/div>\n<div class=\"related-post\">\n<div class=\"img-related-box\">\n                                            <strong><a href=\"https:\/\/jovempan.com.br\/esportes\/futebol\/derrota-do-boca-juniors-deixa-o-river-plate-fora-da-libertadores-apos-12-anos.html\" title=\"Derrota do Boca Juniors deixa o River Plate fora da Libertadores ap\u00f3s 12 anos\"><img decoding=\"async\" src=\"https:\/\/jpimg.com.br\/uploads\/2025\/12\/afp__20251116__84878uh__v1__highres__fblargvelezriver.jpg\"><\/a><\/strong>\n                                        <\/div>\n<p>                                        <span class=\"box-the-title\"><br \/>\n                                            <strong><a href=\"https:\/\/jovempan.com.br\/esportes\/futebol\/derrota-do-boca-juniors-deixa-o-river-plate-fora-da-libertadores-apos-12-anos.html\" title=\"Derrota do Boca Juniors deixa o River Plate fora da Libertadores ap\u00f3s 12 anos\">Derrota do Boca Juniors deixa o River Plate fora da Libertadores ap\u00f3s 12 anos<\/a><\/strong><br \/>\n                                        <\/span>\n                                    <\/div>\n<\/p><\/div>\n<\/p><\/div>\n<\/p><\/div>\n<\/div>\n","protected":false},"excerpt":{"rendered":"<p>O t\u00e9cnico do Flamengo, Filipe Lu\u00eds, fez cr\u00edticas a grama sint\u00e9tica na v\u00e9spera da estreia do Flamengo na Copa Intercontinental. \u201cQue campeonato da Europa tem seis clubes que v\u00e3o jogar no campo sint\u00e9tico? Isso desvaloriza o produto, faz com que menos espectadores ao redor do mundo queiram assistir (aos jogos). Para a sa\u00fade dos atletas, [&hellip;]<\/p>\n","protected":false},"author":260,"featured_media":62561,"comment_status":"closed","ping_status":"closed","sticky":false,"template":"","format":"standard","meta":{"_themeisle_gutenberg_block_has_review":false,"_jetpack_memberships_contains_paid_content":false,"footnotes":""},"categories":[12],"tags":[153],"class_list":{"0":"post-62560","1":"post","2":"type-post","3":"status-publish","4":"format-standard","5":"has-post-thumbnail","7":"category-esportes","8":"tag-esportes"},"jetpack_featured_media_url":"https:\/\/crajubaremacao.com.br\/wp-content\/uploads\/2025\/12\/agf20250712096-750x500-1.jpg","jetpack_sharing_enabled":true,"_links":{"self":[{"href":"https:\/\/crajubaremacao.com.br\/index.php?rest_route=\/wp\/v2\/posts\/62560","targetHints":{"allow":["GET"]}}],"collection":[{"href":"https:\/\/crajubaremacao.com.br\/index.php?rest_route=\/wp\/v2\/posts"}],"about":[{"href":"https:\/\/crajubaremacao.com.br\/index.php?rest_route=\/wp\/v2\/types\/post"}],"author":[{"embeddable":true,"href":"https:\/\/crajubaremacao.com.br\/index.php?rest_route=\/wp\/v2\/users\/260"}],"replies":[{"embeddable":true,"href":"https:\/\/crajubaremacao.com.br\/index.php?rest_route=%2Fwp%2Fv2%2Fcomments&post=62560"}],"version-history":[{"count":0,"href":"https:\/\/crajubaremacao.com.br\/index.php?rest_route=\/wp\/v2\/posts\/62560\/revisions"}],"wp:featuredmedia":[{"embeddable":true,"href":"https:\/\/crajubaremacao.com.br\/index.php?rest_route=\/wp\/v2\/media\/62561"}],"wp:attachment":[{"href":"https:\/\/crajubaremacao.com.br\/index.php?rest_route=%2Fwp%2Fv2%2Fmedia&parent=62560"}],"wp:term":[{"taxonomy":"category","embeddable":true,"href":"https:\/\/crajubaremacao.com.br\/index.php?rest_route=%2Fwp%2Fv2%2Fcategories&post=62560"},{"taxonomy":"post_tag","embeddable":true,"href":"https:\/\/crajubaremacao.com.br\/index.php?rest_route=%2Fwp%2Fv2%2Ftags&post=62560"}],"curies":[{"name":"wp","href":"https:\/\/api.w.org\/{rel}","templated":true}]}}