{"id":62563,"date":"2025-12-09T18:36:26","date_gmt":"2025-12-09T21:36:26","guid":{"rendered":"https:\/\/crajubaremacao.com.br\/?p=62563"},"modified":"2025-12-09T18:36:26","modified_gmt":"2025-12-09T21:36:26","slug":"ameacado-de-cassacao-glauber-braga-ocupa-mesa-da-camara-e-e-retirado-a-forca","status":"publish","type":"post","link":"https:\/\/crajubaremacao.com.br\/?p=62563","title":{"rendered":"Amea\u00e7ado de cassa\u00e7\u00e3o, Glauber Braga ocupa mesa da C\u00e2mara e \u00e9 retirado \u00e0 for\u00e7a"},"content":{"rendered":"<div>\n<div style=\"margin-bottom: 15px;\"><img decoding=\"async\" class=\"type:primaryImage\" src=\"https:\/\/jpimg.com.br\/uploads\/2025\/12\/screenshot-2025-12-09-at-18.19.22-750x396.png\"><\/div>\n<p><?xml encoding=\"UTF-8\"><\/p>\n<p>O deputado federal <strong><a href=\"https:\/\/jovempan.com.br\/tag\/glauber-braga\">Glauber Braga<\/a><\/strong> ocupou nesta ter\u00e7a-feira (9) a mesa diretora da C\u00e2mara dos Deputados. O parlamentar <strong><a href=\"https:\/\/jovempan.com.br\/noticias\/politica\/motta-diz-que-plenario-vai-decidir-sobre-mandatos-de-eduardo-ramagem-zambelli-e-glauber.html\">amea\u00e7ado de cassa\u00e7\u00e3o<\/a><\/strong> protesta contra a aprova\u00e7\u00e3o do projeto de lei da dosimetria, que est\u00e1 na agenda de vota\u00e7\u00e3o do plen\u00e1rio.<\/p>\n<p>\u00a0<\/p>\n<p>O deputado federal Glauber Braga (Psol-RJ) foi retirado \u00e0 for\u00e7a do Plen\u00e1rio da C\u00e2mara dos<\/p>\n<p>\u201cEu vou ficar aqui calmamente, com toda a tranquilidade, exercendo o meu leg\u00edtimo direito pol\u00edtico de n\u00e3o aceitar de fato consumado uma anistia para um conjunto de golpistas, diminui\u00e7\u00e3o da pena de Bolsonaro para dois anos, manuten\u00e7\u00e3o da mesma situa\u00e7\u00e3o pol\u00edtica, mantendo os direitos pol\u00edticos de Eduardo Bolsonaro e gerando para mim, que fiz esse enfrentamento, oito anos de ilegibilidade\u201d, declarou o deputado.<\/p>\n<hr>\n<p><em>Reportagem em atualiza\u00e7\u00e3o<\/em><\/p>\n<\/div>\n","protected":false},"excerpt":{"rendered":"<p>O deputado federal Glauber Braga ocupou nesta ter\u00e7a-feira (9) a mesa diretora da C\u00e2mara dos Deputados. O parlamentar amea\u00e7ado de cassa\u00e7\u00e3o protesta contra a aprova\u00e7\u00e3o do projeto de lei da dosimetria, que est\u00e1 na agenda de vota\u00e7\u00e3o do plen\u00e1rio. \u00a0 O deputado federal Glauber Braga (Psol-RJ) foi retirado \u00e0 for\u00e7a do Plen\u00e1rio da C\u00e2mara dos [&hellip;]<\/p>\n","protected":false},"author":117,"featured_media":62564,"comment_status":"closed","ping_status":"closed","sticky":false,"template":"","format":"standard","meta":{"_themeisle_gutenberg_block_has_review":false,"_jetpack_memberships_contains_paid_content":false,"footnotes":""},"categories":[9],"tags":[129],"class_list":{"0":"post-62563","1":"post","2":"type-post","3":"status-publish","4":"format-standard","5":"has-post-thumbnail","7":"category-politica","8":"tag-politica"},"jetpack_featured_media_url":"https:\/\/crajubaremacao.com.br\/wp-content\/uploads\/2025\/12\/screenshot-2025-12-09-at-181922-750x396-1.png","jetpack_sharing_enabled":true,"_links":{"self":[{"href":"https:\/\/crajubaremacao.com.br\/index.php?rest_route=\/wp\/v2\/posts\/62563","targetHints":{"allow":["GET"]}}],"collection":[{"href":"https:\/\/crajubaremacao.com.br\/index.php?rest_route=\/wp\/v2\/posts"}],"about":[{"href":"https:\/\/crajubaremacao.com.br\/index.php?rest_route=\/wp\/v2\/types\/post"}],"author":[{"embeddable":true,"href":"https:\/\/crajubaremacao.com.br\/index.php?rest_route=\/wp\/v2\/users\/117"}],"replies":[{"embeddable":true,"href":"https:\/\/crajubaremacao.com.br\/index.php?rest_route=%2Fwp%2Fv2%2Fcomments&post=62563"}],"version-history":[{"count":0,"href":"https:\/\/crajubaremacao.com.br\/index.php?rest_route=\/wp\/v2\/posts\/62563\/revisions"}],"wp:featuredmedia":[{"embeddable":true,"href":"https:\/\/crajubaremacao.com.br\/index.php?rest_route=\/wp\/v2\/media\/62564"}],"wp:attachment":[{"href":"https:\/\/crajubaremacao.com.br\/index.php?rest_route=%2Fwp%2Fv2%2Fmedia&parent=62563"}],"wp:term":[{"taxonomy":"category","embeddable":true,"href":"https:\/\/crajubaremacao.com.br\/index.php?rest_route=%2Fwp%2Fv2%2Fcategories&post=62563"},{"taxonomy":"post_tag","embeddable":true,"href":"https:\/\/crajubaremacao.com.br\/index.php?rest_route=%2Fwp%2Fv2%2Ftags&post=62563"}],"curies":[{"name":"wp","href":"https:\/\/api.w.org\/{rel}","templated":true}]}}