{"id":62569,"date":"2025-12-09T18:36:43","date_gmt":"2025-12-09T21:36:43","guid":{"rendered":"https:\/\/crajubaremacao.com.br\/?p=62569"},"modified":"2025-12-09T18:36:43","modified_gmt":"2025-12-09T21:36:43","slug":"jovens-sao-os-que-mais-se-internam-por-saude-mental-e-os-que-menos-procuram-ajuda-aponta-fiocruz","status":"publish","type":"post","link":"https:\/\/crajubaremacao.com.br\/?p=62569","title":{"rendered":"Jovens s\u00e3o os que mais se internam por sa\u00fade mental e os que menos procuram ajuda, aponta Fiocruz"},"content":{"rendered":"<div><img decoding=\"async\" src=\"https:\/\/s2-g1.glbimg.com\/Jrp45gSeaim7Mg9IwKCdWd3voDE=\/i.s3.glbimg.com\/v1\/AUTH_59edd422c0c84a879bd37670ae4f538a\/internal_photos\/bs\/2025\/p\/i\/M0Mk4ITL2zUjc5EbkFHw\/adobestock-1535275269-1-.jpeg\"><br \/>     Jovens s\u00e3o os que mais se internam por sa\u00fade mental e os que menos procuram ajuda, aponta Fiocruz<br \/>\nAdobe Stock<br \/>\nA popula\u00e7\u00e3o jovem \u00e9 a que mais sofre interna\u00e7\u00f5es relacionadas a problemas de sa\u00fade mental no Brasil, mas tamb\u00e9m \u00e9 a que menos busca atendimento na Aten\u00e7\u00e3o Prim\u00e1ria \u00e0 Sa\u00fade (APS). A conclus\u00e3o \u00e9 do Informe II: Sa\u00fade Mental, segunda publica\u00e7\u00e3o do Ciclo de Informes sobre a situa\u00e7\u00e3o da juventude brasileira, produzido por pesquisadores da Fiocruz.<br \/>\nO estudo analisou dados do Sistema \u00danico de Sa\u00fade (SUS) entre 2022 e 2024 e tra\u00e7ou o perfil de interna\u00e7\u00f5es, \u00f3bitos e atendimentos na APS de jovens de 15 a 29 anos. Informa\u00e7\u00f5es do Censo 2022, do IBGE, tamb\u00e9m foram usadas para calcular taxas de mortalidade e interna\u00e7\u00e3o.<br \/>\nMenos busca por atendimento, mais interna\u00e7\u00f5es<br \/>\nEntre 2022 e 2024, apenas 11,3% dos atendimentos de jovens na APS estavam relacionados \u00e0 sa\u00fade mental. Na popula\u00e7\u00e3o geral, o \u00edndice \u00e9 mais que o dobro: 24,3%.<br \/>\nVeja os v\u00eddeos que est\u00e3o em alta no g1<br \/>\nApesar disso, a juventude lidera as interna\u00e7\u00f5es: 579,5 casos por 100 mil habitantes.<br \/>\nEntre os subgrupos de 20 a 24 anos e de 25 a 29 anos, as taxas sobem para 624,8 e 719,7, respectivamente \u2014 todas superiores \u00e0s registradas entre adultos com mais de 30 anos (599,4).<br \/>\n\u201cOs jovens s\u00e3o aqueles que mais sofrem com sa\u00fade mental, viol\u00eancias e acidentes de trabalho, mas s\u00e3o tamb\u00e9m os que menos procuram e encontram cuidados\u201d, afirma Andr\u00e9 Sobrinho, coordenador da Agenda Jovem Fiocruz (AJF). \u201cMuitas vezes a sociedade age como se eles tivessem que aguentar qualquer coisa exatamente por serem jovens\u201d.<br \/>\nGames n\u00e3o s\u00e3o o problema: por que as redes sociais podem piorar concentra\u00e7\u00e3o de adolescentes<br \/>\nHomens jovens lideram interna\u00e7\u00f5es; abuso de drogas \u00e9 principal causa<br \/>\nHomens de 15 a 29 anos representam 61,3% das interna\u00e7\u00f5es por motivos de sa\u00fade mental. A taxa deles \u00e9 de 708,4 interna\u00e7\u00f5es por 100 mil habitantes \u2014 57% maior que a das mulheres, que \u00e9 de 450.<br \/>\nO principal motivo \u00e9 o abuso de subst\u00e2ncias psicoativas, respons\u00e1vel por 38,4% das interna\u00e7\u00f5es masculinas. Em 68,7% desses casos, h\u00e1 uso de m\u00faltiplas drogas. Depois aparecem coca\u00edna (13,2%) e \u00e1lcool (11,5%).<br \/>\nNa juventude como um todo, o abuso de drogas (31%) e os transtornos esquizofr\u00eanicos (32%) t\u00eam pesos semelhantes nas interna\u00e7\u00f5es. Em seguida, aparecem os transtornos de humor, 23%.<br \/>\nSegundo a pesquisadora Luciane Ferrareto, da EPSJV\/Fiocruz, fatores sociais e culturais ajudam a explicar o cen\u00e1rio entre os homens.<br \/>\nPara ela, a falta de oportunidades e a instabilidade econ\u00f4mica aumentam o risco de uso de drogas como forma de escape. Al\u00e9m disso, a press\u00e3o por um ideal de masculinidade que valoriza for\u00e7a e autossufici\u00eancia dificulta que muitos busquem ajuda emocional, segundo Ferrareto.<br \/>\nJuventude ind\u00edgena tem maior taxa de suic\u00eddios do pa\u00eds<br \/>\nO estudo tamb\u00e9m mostra que jovens s\u00e3o o grupo com maior risco de suic\u00eddio no Brasil: 31,2 mortes por 100 mil habitantes, acima da taxa geral de 24,7. Entre homens jovens, o risco sobe para 36,8.<br \/>\nMas \u00e9 entre a juventude ind\u00edgena que o problema se torna mais grave. O relat\u00f3rio aponta que \u201co suic\u00eddio \u00e9 um problema de sa\u00fade sobretudo entre a juventude ind\u00edgena\u201d. A taxa chega a 62,7 mortes por 100 mil habitantes \u2014 a maior do pa\u00eds.<br \/>\nEntre homens ind\u00edgenas de 20 a 24 anos, o \u00edndice atinge 107,9 suic\u00eddios por 100 mil habitantes. As mulheres ind\u00edgenas jovens tamb\u00e9m apresentam taxas mais altas que as demais, especialmente as de 15 a 19 anos (46,2).<br \/>\nRegi\u00e3o Sul concentra as maiores taxas<br \/>\nOs estados com maiores taxas de interna\u00e7\u00f5es por transtornos mentais s\u00e3o:<br \/>\nRio Grande do Sul: 1.615,6 por 100 mil<br \/>\nParan\u00e1: 1.170,5<br \/>\nSanta Catarina: 963,3<br \/>\nTamb\u00e9m est\u00e3o acima da m\u00e9dia nacional os estados do Acre, Cear\u00e1, Para\u00edba, Alagoas, S\u00e3o Paulo, Distrito Federal e Goi\u00e1s.<br \/>\nNa Aten\u00e7\u00e3o Prim\u00e1ria \u00e0 Sa\u00fade (APS), apenas 11,3% dos atendimentos de jovens s\u00e3o por sa\u00fade mental (menos da metade da popula\u00e7\u00e3o geral).<br \/>\nCerca de 50% das consultas s\u00e3o por demanda espont\u00e2nea. E mulheres jovens procuram mais a APS, mas quando homens jovens procuram, \u00e9 mais prov\u00e1vel que seja por raz\u00e3o mental (26,1%).<br \/>\nBrancos s\u00e3o os mais internados<br \/>\nO estudo apontou ainda que:<br \/>\nJovens brancos foram mais internados (615 por 100 mil).<br \/>\nPardos representam 43% das interna\u00e7\u00f5es.<br \/>\nMenos da metade dos jovens com diagn\u00f3stico mental faz acompanhamento regular.<br \/>\nEntre 20 e 25 anos, esse acompanhamento \u00e9 o mais baixo: 33,9%.<br \/>\nJovens enfrentam barreiras no acesso ao SUS: burocracia, desconhecimento e dificuldades de acolhimento.<\/div>\n","protected":false},"excerpt":{"rendered":"<p>Jovens s\u00e3o os que mais se internam por sa\u00fade mental e os que menos procuram ajuda, aponta Fiocruz Adobe Stock A popula\u00e7\u00e3o jovem \u00e9 a que mais sofre interna\u00e7\u00f5es relacionadas a problemas de sa\u00fade mental no Brasil, mas tamb\u00e9m \u00e9 a que menos busca atendimento na Aten\u00e7\u00e3o Prim\u00e1ria \u00e0 Sa\u00fade (APS). A conclus\u00e3o \u00e9 do [&hellip;]<\/p>\n","protected":false},"author":261,"featured_media":62570,"comment_status":"closed","ping_status":"closed","sticky":false,"template":"","format":"standard","meta":{"_themeisle_gutenberg_block_has_review":false,"_jetpack_memberships_contains_paid_content":false,"footnotes":""},"categories":[10],"tags":[156],"class_list":{"0":"post-62569","1":"post","2":"type-post","3":"status-publish","4":"format-standard","5":"has-post-thumbnail","7":"category-saude","8":"tag-saude"},"jetpack_featured_media_url":"https:\/\/crajubaremacao.com.br\/wp-content\/uploads\/2025\/12\/adobestock-1535275269-1--scaled.jpeg","jetpack_sharing_enabled":true,"_links":{"self":[{"href":"https:\/\/crajubaremacao.com.br\/index.php?rest_route=\/wp\/v2\/posts\/62569","targetHints":{"allow":["GET"]}}],"collection":[{"href":"https:\/\/crajubaremacao.com.br\/index.php?rest_route=\/wp\/v2\/posts"}],"about":[{"href":"https:\/\/crajubaremacao.com.br\/index.php?rest_route=\/wp\/v2\/types\/post"}],"author":[{"embeddable":true,"href":"https:\/\/crajubaremacao.com.br\/index.php?rest_route=\/wp\/v2\/users\/261"}],"replies":[{"embeddable":true,"href":"https:\/\/crajubaremacao.com.br\/index.php?rest_route=%2Fwp%2Fv2%2Fcomments&post=62569"}],"version-history":[{"count":0,"href":"https:\/\/crajubaremacao.com.br\/index.php?rest_route=\/wp\/v2\/posts\/62569\/revisions"}],"wp:featuredmedia":[{"embeddable":true,"href":"https:\/\/crajubaremacao.com.br\/index.php?rest_route=\/wp\/v2\/media\/62570"}],"wp:attachment":[{"href":"https:\/\/crajubaremacao.com.br\/index.php?rest_route=%2Fwp%2Fv2%2Fmedia&parent=62569"}],"wp:term":[{"taxonomy":"category","embeddable":true,"href":"https:\/\/crajubaremacao.com.br\/index.php?rest_route=%2Fwp%2Fv2%2Fcategories&post=62569"},{"taxonomy":"post_tag","embeddable":true,"href":"https:\/\/crajubaremacao.com.br\/index.php?rest_route=%2Fwp%2Fv2%2Ftags&post=62569"}],"curies":[{"name":"wp","href":"https:\/\/api.w.org\/{rel}","templated":true}]}}