{"id":62571,"date":"2025-12-09T18:37:34","date_gmt":"2025-12-09T21:37:34","guid":{"rendered":"https:\/\/crajubaremacao.com.br\/?p=62571"},"modified":"2025-12-09T18:37:34","modified_gmt":"2025-12-09T21:37:34","slug":"congresso-promulga-isencao-de-ipva-para-veiculos-com-mais-de-20-anos-ate-77-milhoes-podem-ser-beneficiados","status":"publish","type":"post","link":"https:\/\/crajubaremacao.com.br\/?p=62571","title":{"rendered":"Congresso promulga isen\u00e7\u00e3o de IPVA para ve\u00edculos com mais de 20 anos; at\u00e9 7,7 milh\u00f5es podem ser beneficiados"},"content":{"rendered":"<div><img decoding=\"async\" src=\"https:\/\/s2-g1.glbimg.com\/L7o50TkAmbWLVFY9X5AoprNML8s=\/i.s3.glbimg.com\/v1\/AUTH_59edd422c0c84a879bd37670ae4f538a\/internal_photos\/bs\/2025\/M\/A\/8lXzjqQqSjw57eoSKyng\/canva-2025-11-12t103008.755.jpg\"><br \/>     O Congresso Nacional promulgou nesta ter\u00e7a-feira (9) uma proposta de emenda \u00e0 Constitui\u00e7\u00e3o (PEC) que isenta ve\u00edculos fabricados a mais de 20 anos de pagar IPVA.<br \/>\nA medida \u2014 que pode beneficiar at\u00e9 7,7 milh\u00f5es de ve\u00edculos \u2014 tem como objetivo padronizar a possibilidade de isen\u00e7\u00e3o no pagamento do imposto entre todas as unidades federativas do pa\u00eds, j\u00e1 que, hoje, cada uma escolhe a forma como aplicar a regra (leia mais abaixo).<br \/>\nEstados como Amap\u00e1 e Roraima permitem a isen\u00e7\u00e3o do IPVA de qualquer ve\u00edculo fabricado at\u00e9 2015. Ou seja, para esses, a nova regra poderia acabar prejudicando alguns motoristas.<br \/>\nVeja os v\u00eddeos que est\u00e3o em alta no g1<br \/>\nPor isso, o relator da PEC no Senado, senador Marcos Rog\u00e9rio (PL-RO), fez uma modifica\u00e7\u00e3o na reda\u00e7\u00e3o que prev\u00ea que os estados que j\u00e1 possuem prazos menores para a isen\u00e7\u00e3o do tributo est\u00e3o fora da mudan\u00e7a. A altera\u00e7\u00e3o foi mantida pela C\u00e2mara dos Deputados.<br \/>\nMG e PE mais afetados<br \/>\nAo todo, cinco estados ser\u00e3o atingidos pela PEC, por n\u00e3o terem prazo definido ou terem prazo maior para isen\u00e7\u00e3o comparado ao da proposta.<br \/>\nEsses s\u00e3o os casos de Santa Catarina e Tocantins \u2013 que preveem o benef\u00edcio apenas para ve\u00edculos com mais de 30 anos de fabrica\u00e7\u00e3o \u2013 e Alagoas, que concede a isen\u00e7\u00e3o para ve\u00edculos fabricados at\u00e9 2002.<br \/>\nPEC isenta ve\u00edculos com mais de 20 anos de pagar IPVA.<br \/>\nReprodu\u00e7\u00e3o<br \/>\nSegundo o autor da proposta, senador Cleitinho (Republicanos-MG), a escolha do prazo de 20 anos se deu devido ao aumento da frota de ve\u00edculos nessa faixa ap\u00f3s a pandemia de covid-19.<br \/>\n&#8220;Esse cen\u00e1rio se deveu, principalmente, \u00e0 pandemia da Covid-19, que ocasionou um aumento consider\u00e1vel no pre\u00e7o dos ve\u00edculos, inclusive em rela\u00e7\u00e3o aos usados, e \u00e0 queda do poder aquisitivo da popula\u00e7\u00e3o&#8221;, afirmou.<br \/>\nOs dois estados mais afetados, no entanto, s\u00e3o Minas Gerais e Pernambuco, que n\u00e3o possuem hoje a possibilidade de isen\u00e7\u00e3o no IPVA por tempo de fabrica\u00e7\u00e3o do ve\u00edculo.<br \/>\nEm Minas Gerais, a regra atual prev\u00ea a isen\u00e7\u00e3o apenas para ve\u00edculos que utilizam placa preta \u2013 reconhecido como valor hist\u00f3rico.<br \/>\nDe acordo com a Secretaria Nacional de Tr\u00e2nsito (Senatran), se a proposta for promulgada, s\u00f3 nesses dois estados, 6,2 milh\u00f5es de ve\u00edculos podem passar a ser beneficiados com a isen\u00e7\u00e3o do imposto. E, ao todo, cerca de at\u00e9 7,7 milh\u00f5es.<br \/>\nAt\u00e9 outubro de 2025, o Brasil registrava 47,5 milh\u00f5es de ve\u00edculos isentos por tempo de fabrica\u00e7\u00e3o. O estado de S\u00e3o Paulo lidera entre as unidades federativas, com 14,6 milh\u00f5es.<br \/>\nVe\u00edculos isentos de IPVA por Estado<\/div>\n","protected":false},"excerpt":{"rendered":"<p>O Congresso Nacional promulgou nesta ter\u00e7a-feira (9) uma proposta de emenda \u00e0 Constitui\u00e7\u00e3o (PEC) que isenta ve\u00edculos fabricados a mais de 20 anos de pagar IPVA. A medida \u2014 que pode beneficiar at\u00e9 7,7 milh\u00f5es de ve\u00edculos \u2014 tem como objetivo padronizar a possibilidade de isen\u00e7\u00e3o no pagamento do imposto entre todas as unidades federativas [&hellip;]<\/p>\n","protected":false},"author":261,"featured_media":62572,"comment_status":"closed","ping_status":"closed","sticky":false,"template":"","format":"standard","meta":{"_themeisle_gutenberg_block_has_review":false,"_jetpack_memberships_contains_paid_content":false,"footnotes":""},"categories":[6],"tags":[158,159],"class_list":{"0":"post-62571","1":"post","2":"type-post","3":"status-publish","4":"format-standard","5":"has-post-thumbnail","7":"category-carros","8":"tag-carros","9":"tag-motos"},"jetpack_featured_media_url":"https:\/\/crajubaremacao.com.br\/wp-content\/uploads\/2025\/12\/canva-2025-11-12t103008755.jpg","jetpack_sharing_enabled":true,"_links":{"self":[{"href":"https:\/\/crajubaremacao.com.br\/index.php?rest_route=\/wp\/v2\/posts\/62571","targetHints":{"allow":["GET"]}}],"collection":[{"href":"https:\/\/crajubaremacao.com.br\/index.php?rest_route=\/wp\/v2\/posts"}],"about":[{"href":"https:\/\/crajubaremacao.com.br\/index.php?rest_route=\/wp\/v2\/types\/post"}],"author":[{"embeddable":true,"href":"https:\/\/crajubaremacao.com.br\/index.php?rest_route=\/wp\/v2\/users\/261"}],"replies":[{"embeddable":true,"href":"https:\/\/crajubaremacao.com.br\/index.php?rest_route=%2Fwp%2Fv2%2Fcomments&post=62571"}],"version-history":[{"count":0,"href":"https:\/\/crajubaremacao.com.br\/index.php?rest_route=\/wp\/v2\/posts\/62571\/revisions"}],"wp:featuredmedia":[{"embeddable":true,"href":"https:\/\/crajubaremacao.com.br\/index.php?rest_route=\/wp\/v2\/media\/62572"}],"wp:attachment":[{"href":"https:\/\/crajubaremacao.com.br\/index.php?rest_route=%2Fwp%2Fv2%2Fmedia&parent=62571"}],"wp:term":[{"taxonomy":"category","embeddable":true,"href":"https:\/\/crajubaremacao.com.br\/index.php?rest_route=%2Fwp%2Fv2%2Fcategories&post=62571"},{"taxonomy":"post_tag","embeddable":true,"href":"https:\/\/crajubaremacao.com.br\/index.php?rest_route=%2Fwp%2Fv2%2Ftags&post=62571"}],"curies":[{"name":"wp","href":"https:\/\/api.w.org\/{rel}","templated":true}]}}