{"id":62585,"date":"2025-12-10T03:06:14","date_gmt":"2025-12-10T06:06:14","guid":{"rendered":"https:\/\/crajubaremacao.com.br\/?p=62585"},"modified":"2025-12-10T03:06:14","modified_gmt":"2025-12-10T06:06:14","slug":"deputados-aprovam-texto-base-de-projeto-que-reduz-penas-dos-condenados-pelo-8-de-janeiro-acompanhe-estao-em-analise-os-destaques-que-podem-alterar-pontos-da-proposta-fonte-agencia-camara-de-noticia","status":"publish","type":"post","link":"https:\/\/crajubaremacao.com.br\/?p=62585","title":{"rendered":"Deputados aprovam texto-base de projeto que reduz penas dos condenados pelo 8 de janeiro; acompanhe Est\u00e3o em an\u00e1lise os destaques que podem alterar pontos da proposta  Fonte: Ag\u00eancia C\u00e2mara de Not\u00edcias"},"content":{"rendered":"<div>\n<p>\u00a0<img decoding=\"async\" alt=\"Discuss\u00e3o e vota\u00e7\u00e3o de propostas legislativas. Dep. Paulinho da For\u00e7a (SOLIDARIEDADE - SP)\" src=\"https:\/\/www.camara.leg.br\/midias\/image\/2025\/12\/img20251209235939265-768x473.jpg\" style=\"height: auto; width: 100%;\"><\/p>\n<div class=\"image-container\" data-midia=\"1231568\" id=\"image-container-1231568\" style=\"float: none; margin: 45px 0px; width: 100%;\">\n<div class=\"midia-legenda\">Deputados na sess\u00e3o do Plen\u00e1rio<\/div>\n<\/p><\/div>\n<p>A C\u00e2mara dos Deputados aprovou, por <a href=\"https:\/\/www.camara.leg.br\/presenca-comissoes\/votacao-portal?reuniao=80746&amp;itemVotacao=13428\">291 votos a 148<\/a>, o texto-base do projeto de lei que reduz penas de pessoas condenadas pelos atos antidemocr\u00e1ticos de 8 de janeiro de 2023 e pela tentativa de golpe de Estado, como o ex-presidente Jair Bolsonaro.<\/p>\n<p>O texto-base \u00e9 um <span class=\"termoGlossario\" contenteditable=\"false\" data-original-title=\"Nome que se d\u00e1 ao texto que altera substancialmente o conte\u00fado original da proposta. O substitutivo \u00e9 apresentado pelo relator e tem prefer\u00eancia na vota\u00e7\u00e3o sobre o projeto original.\" data-placement=\"top\" data-toggle=\"tooltip\" id=\"4098\" title=\"\">substitutivo<\/span> do relator, deputado Paulinho da For\u00e7a (Solidariedade-SP), ao Projeto de Lei 2162\/23, do deputado Marcelo Crivella (Republicanos-RJ) e outros. O Plen\u00e1rio analisa agora os <span class=\"termoGlossario\" contenteditable=\"false\" data-original-title=\"Pedido feito por deputado ou l\u00edder de partido para votar, de forma separada, emenda ou parte do texto. A vota\u00e7\u00e3o ocorre ap\u00f3s a aprova\u00e7\u00e3o do texto principal.\" data-placement=\"top\" data-toggle=\"tooltip\" id=\"4027\" title=\"\">destaques<\/span> apresentados pelo PSB e pelas federa\u00e7\u00f5es Psol-Rede e PT-PCdoB-PV na tentativa de mudar trechos do texto.<\/p>\n<p><strong>Uma s\u00f3 pena<\/strong><br \/>\n        Um dos pontos objeto de destaque \u00e9 o que prev\u00ea o uso da pena mais grave, em vez da soma de ambas as penas, quando os crimes de tentativa de acabar com o Estado Democr\u00e1tico de Direito e de golpe de Estado forem praticados no mesmo contexto.<\/p>\n<p><strong>Redu\u00e7\u00e3o de penas<\/strong><br \/>\n        A nova forma de soma de penas deve beneficiar todos os condenados da tentativa de golpe de Estado, como aqueles do grupo principal condenados pelo Supremo Tribunal Federal (STF):<\/p>\n<ul>\n<li>Jair Bolsonaro, ex-presidente da Rep\u00fablica;<\/li>\n<li>Almir Garnier, ex-comandante da Marinha;<\/li>\n<li>Paulo S\u00e9rgio Nogueira, ex-ministro da Defesa;<\/li>\n<li>Walter Braga Netto, ex-ministro da Casa Civil;<\/li>\n<li>Augusto Heleno, ex-chefe do Gabinete de Seguran\u00e7a Institucional (GSI);<\/li>\n<li>Anderson Torres, ex-ministro da Justi\u00e7a; e<\/li>\n<li>Alexandre Ramagem, deputado federal.<\/li>\n<\/ul>\n<p>Esse grupo foi condenado a penas que variam de 16 anos a 24 anos em regime fechado pela 1\u00aa Turma do STF, em car\u00e1ter definitivo, em 25 de novembro deste ano. Outras penas de <span class=\"termoGlossario\" contenteditable=\"false\" data-original-title=\"Pena privativa de liberdade que se cumpre em regime aberto ou semiaberto, salvo transfer\u00eancia excepcional para o regime fechado. \u00c9 menos severa que a reclus\u00e3o e mais rigorosa que a pris\u00e3o simples.\" data-placement=\"top\" data-toggle=\"tooltip\" id=\"4293\" title=\"\">deten\u00e7\u00e3o<\/span> devem ser cumpridas depois daquelas de <span class=\"termoGlossario\" contenteditable=\"false\" data-original-title=\"A reclus\u00e3o \u00e9 a mais severa entre as penas privativas de liberdade. Destina-se a crimes dolosos (com inten\u00e7\u00e3o).\" data-placement=\"top\" data-toggle=\"tooltip\" id=\"4303\" title=\"\">reclus\u00e3o<\/span>.<\/p>\n<p>O texto original previa anistia a todos os envolvidos nos atos de 8 de janeiro e aos acusados nos quatro grupos relacionados \u00e0 tentativa de golpe de Estado.<\/p>\n<p><strong>Mais informa\u00e7\u00f5es em instantes<\/strong><\/p>\n<p>Fonte: Ag\u00eancia C\u00e2mara de Not\u00edcias<\/p>\n<\/div>\n","protected":false},"excerpt":{"rendered":"<p>\u00a0 Deputados na sess\u00e3o do Plen\u00e1rio A C\u00e2mara dos Deputados aprovou, por 291 votos a 148, o texto-base do projeto de lei que reduz penas de pessoas condenadas pelos atos antidemocr\u00e1ticos de 8 de janeiro de 2023 e pela tentativa de golpe de Estado, como o ex-presidente Jair Bolsonaro. O texto-base \u00e9 um substitutivo do [&hellip;]<\/p>\n","protected":false},"author":88,"featured_media":62586,"comment_status":"closed","ping_status":"closed","sticky":false,"template":"","format":"standard","meta":{"_themeisle_gutenberg_block_has_review":false,"_jetpack_memberships_contains_paid_content":false,"footnotes":""},"categories":[4],"tags":[127,130],"class_list":{"0":"post-62585","1":"post","2":"type-post","3":"status-publish","4":"format-standard","5":"has-post-thumbnail","7":"category-regiao","8":"tag-cariri","9":"tag-ceara"},"jetpack_featured_media_url":"https:\/\/crajubaremacao.com.br\/wp-content\/uploads\/2025\/12\/img20251209235939265-768x473-1.jpg","jetpack_sharing_enabled":true,"_links":{"self":[{"href":"https:\/\/crajubaremacao.com.br\/index.php?rest_route=\/wp\/v2\/posts\/62585","targetHints":{"allow":["GET"]}}],"collection":[{"href":"https:\/\/crajubaremacao.com.br\/index.php?rest_route=\/wp\/v2\/posts"}],"about":[{"href":"https:\/\/crajubaremacao.com.br\/index.php?rest_route=\/wp\/v2\/types\/post"}],"author":[{"embeddable":true,"href":"https:\/\/crajubaremacao.com.br\/index.php?rest_route=\/wp\/v2\/users\/88"}],"replies":[{"embeddable":true,"href":"https:\/\/crajubaremacao.com.br\/index.php?rest_route=%2Fwp%2Fv2%2Fcomments&post=62585"}],"version-history":[{"count":0,"href":"https:\/\/crajubaremacao.com.br\/index.php?rest_route=\/wp\/v2\/posts\/62585\/revisions"}],"wp:featuredmedia":[{"embeddable":true,"href":"https:\/\/crajubaremacao.com.br\/index.php?rest_route=\/wp\/v2\/media\/62586"}],"wp:attachment":[{"href":"https:\/\/crajubaremacao.com.br\/index.php?rest_route=%2Fwp%2Fv2%2Fmedia&parent=62585"}],"wp:term":[{"taxonomy":"category","embeddable":true,"href":"https:\/\/crajubaremacao.com.br\/index.php?rest_route=%2Fwp%2Fv2%2Fcategories&post=62585"},{"taxonomy":"post_tag","embeddable":true,"href":"https:\/\/crajubaremacao.com.br\/index.php?rest_route=%2Fwp%2Fv2%2Ftags&post=62585"}],"curies":[{"name":"wp","href":"https:\/\/api.w.org\/{rel}","templated":true}]}}