{"id":62587,"date":"2025-12-10T05:08:40","date_gmt":"2025-12-10T08:08:40","guid":{"rendered":"https:\/\/crajubaremacao.com.br\/?p=62587"},"modified":"2025-12-10T05:08:40","modified_gmt":"2025-12-10T08:08:40","slug":"governador-elmano-anuncia-construcao-de-nova-linha-de-transmissao-no-ceara-que-tera-investimento-de-r-36-bilhoes","status":"publish","type":"post","link":"https:\/\/crajubaremacao.com.br\/?p=62587","title":{"rendered":"Governador Elmano anuncia constru\u00e7\u00e3o de nova linha de transmiss\u00e3o no Cear\u00e1 que ter\u00e1 investimento de R$ 3,6 bilh\u00f5es"},"content":{"rendered":"<div>\n<p>O Cear\u00e1 receber\u00e1 mais um investimento bilion\u00e1rio. As obras dos Lotes 3 e 5 do Leil\u00e3o da Ag\u00eancia Nacional de Energia El\u00e9trica (Aneel) 01\/2024 ser\u00e3o iniciadas pela empresa AXIA Energia, ap\u00f3s receber a Licen\u00e7a de Instala\u00e7\u00e3o concedida pelo Governo do Cear\u00e1.<\/p>\n<p>O an\u00fancio ser\u00e1 feito nesta quarta-feira (10), em cerim\u00f4nia no Pal\u00e1cio da Aboli\u00e7\u00e3o, com a presen\u00e7a do governador Elmano de Freitas. Juntos, os dois empreendimentos somam mais de 1.400 quil\u00f4metros de linhas de transmiss\u00e3o e v\u00e3o receber investimentos de R$ 3,6 bilh\u00f5es, gerando 6.500 empregos diretos.<\/p>\n<p>Os projetos, que integram a malha de infraestrutura da companhia por meio da Nova Era Cear\u00e1 Transmissora de Energia S.A. e Nova Era Integra\u00e7\u00e3o Transmissora S.A., ir\u00e3o viabilizar novos corredores estruturantes e ser\u00e3o essenciais para o escoamento da energia renov\u00e1vel produzida no Nordeste.<\/p>\n<p>Servi\u00e7o:<br \/>\nAn\u00fancio in\u00edcio das obras de novas linhas de transmiss\u00e3o no Cear\u00e1<br \/>\nData: 10 de dezembro (quarta-feira)<br \/>\nHora: 15h30<br \/>\nLocal: Pal\u00e1cio da Aboli\u00e7\u00e3o \u2013 Rua Silva Paulet, 400, Meireles, Fortaleza-CE<\/p>\n<p>O post <a href=\"https:\/\/www.ceara.gov.br\/2025\/12\/09\/governador-elmano-anuncia-construcao-de-nova-linha-de-transmissao-no-ceara-que-tera-investimento-de-r-36-bilhoes\/\">Governador Elmano anuncia constru\u00e7\u00e3o de nova linha de transmiss\u00e3o no Cear\u00e1 que ter\u00e1 investimento de R$ 3,6 bilh\u00f5es<\/a> apareceu primeiro em <a href=\"https:\/\/www.ceara.gov.br\/\">Governo do Estado do Cear\u00e1<\/a>.<\/p>\n<\/div>\n","protected":false},"excerpt":{"rendered":"<p>O Cear\u00e1 receber\u00e1 mais um investimento bilion\u00e1rio. As obras dos Lotes 3 e 5 do Leil\u00e3o da Ag\u00eancia Nacional de Energia El\u00e9trica (Aneel) 01\/2024 ser\u00e3o iniciadas pela empresa AXIA Energia, ap\u00f3s receber a Licen\u00e7a de Instala\u00e7\u00e3o concedida pelo Governo do Cear\u00e1. O an\u00fancio ser\u00e1 feito nesta quarta-feira (10), em cerim\u00f4nia no Pal\u00e1cio da Aboli\u00e7\u00e3o, com [&hellip;]<\/p>\n","protected":false},"author":265,"featured_media":0,"comment_status":"closed","ping_status":"closed","sticky":false,"template":"","format":"standard","meta":{"_themeisle_gutenberg_block_has_review":false,"_jetpack_memberships_contains_paid_content":false,"footnotes":""},"categories":[4],"tags":[127,130],"class_list":{"0":"post-62587","1":"post","2":"type-post","3":"status-publish","4":"format-standard","6":"category-regiao","7":"tag-cariri","8":"tag-ceara"},"jetpack_featured_media_url":"","jetpack_sharing_enabled":true,"_links":{"self":[{"href":"https:\/\/crajubaremacao.com.br\/index.php?rest_route=\/wp\/v2\/posts\/62587","targetHints":{"allow":["GET"]}}],"collection":[{"href":"https:\/\/crajubaremacao.com.br\/index.php?rest_route=\/wp\/v2\/posts"}],"about":[{"href":"https:\/\/crajubaremacao.com.br\/index.php?rest_route=\/wp\/v2\/types\/post"}],"author":[{"embeddable":true,"href":"https:\/\/crajubaremacao.com.br\/index.php?rest_route=\/wp\/v2\/users\/265"}],"replies":[{"embeddable":true,"href":"https:\/\/crajubaremacao.com.br\/index.php?rest_route=%2Fwp%2Fv2%2Fcomments&post=62587"}],"version-history":[{"count":0,"href":"https:\/\/crajubaremacao.com.br\/index.php?rest_route=\/wp\/v2\/posts\/62587\/revisions"}],"wp:attachment":[{"href":"https:\/\/crajubaremacao.com.br\/index.php?rest_route=%2Fwp%2Fv2%2Fmedia&parent=62587"}],"wp:term":[{"taxonomy":"category","embeddable":true,"href":"https:\/\/crajubaremacao.com.br\/index.php?rest_route=%2Fwp%2Fv2%2Fcategories&post=62587"},{"taxonomy":"post_tag","embeddable":true,"href":"https:\/\/crajubaremacao.com.br\/index.php?rest_route=%2Fwp%2Fv2%2Ftags&post=62587"}],"curies":[{"name":"wp","href":"https:\/\/api.w.org\/{rel}","templated":true}]}}