{"id":62588,"date":"2025-12-10T06:20:18","date_gmt":"2025-12-10T09:20:18","guid":{"rendered":"https:\/\/crajubaremacao.com.br\/?p=62588"},"modified":"2025-12-10T06:20:18","modified_gmt":"2025-12-10T09:20:18","slug":"camara-aprova-projeto-que-diminui-penas-de-bolsonaro-e-condenados-pelo-8-de-janeiro","status":"publish","type":"post","link":"https:\/\/crajubaremacao.com.br\/?p=62588","title":{"rendered":"C\u00e2mara aprova projeto que diminui penas de Bolsonaro e condenados pelo 8 de Janeiro"},"content":{"rendered":"<div>\n<div style=\"margin-bottom: 15px;\"><img decoding=\"async\" class=\"type:primaryImage\" src=\"https:\/\/jpimg.com.br\/uploads\/2025\/09\/motta-paulinho-750x443.png\"><\/div>\n<p><?xml encoding=\"UTF-8\"><\/p>\n<p>A C\u00e2mara dos Deputados aprovou, na madrugada desta quarta-feira (10), o chamado PL da Dosimetria, que diminui as penas dos condenados pelos atos de 8 de Janeiro. O texto segue para o Senado. O ex-presidente Jair Bolsonaro, condenado por golpe de estado a 27 anos e tr\u00eas meses de pris\u00e3o, ser\u00e1 beneficiado caso o projeto avance.<\/p>\n<p>A vota\u00e7\u00e3o do texto-base terminou \u00e0s 2h27 com 291 votos a favor e 148 contra. Na sequ\u00eancia, a Casa iniciou a vota\u00e7\u00e3o de sete destaques (altera\u00e7\u00f5es no texto original). Em novas vit\u00f3rias da oposi\u00e7\u00e3o, o texto original foi mantido. A sess\u00e3o foi encerrada \u00e0s 3h54.<\/p>\n<p>Pautado \u00e0s pressas pelo presidente da Casa, Hugo Motta (Republicano-PB), na tarde desta ter\u00e7a-feira (9), o projeto foi votado ao fim de um dia tenso no Congresso. Mais cedo, o deputado Gl\u00e1uber Braga (PSol-RJ) foi retirado \u00e0s for\u00e7as do plen\u00e1rio por ocupar a mesa. Ele protestava contra a vota\u00e7\u00e3o da pr\u00f3pria cassa\u00e7\u00e3o, marcada para esta quarta.<\/p>\n<p>O relator, deputado Paulinho da For\u00e7a (Solidariedade-SP), disse em entrevista coletiva mais cedo que a proposta, se aprovada, vai libertar todos os presos do 8 de Janeiro. \u201cCom esse texto, todas as pessoas que foram presas ser\u00e3o soltas. Os advogados v\u00e3o ter que pedir ao Supremo\u201d, afirmou. Em rela\u00e7\u00e3o ao ex-presidente Jair Bolsonaro, condenado a 27 anos e 3 meses de pris\u00e3o, ele afirmou que, \u201ccom a remi\u00e7\u00e3o de penas, d\u00e1 2 anos e 4 meses\u201d.<\/p>\n<p>Segundo ele, o relat\u00f3rio tamb\u00e9m deve beneficiar pessoas que est\u00e3o cumprindo penas com tornozeleiras e aqueles que sa\u00edram do Brasil. \u201cA redu\u00e7\u00e3o que eu fa\u00e7o \u00e9 geral, n\u00e3o tem distin\u00e7\u00e3o desse ou daquele. Ent\u00e3o, vou reduzir da menina l\u00e1 do batom e para o Bolsonaro tamb\u00e9m.\u201d<\/p>\n<div class=\"cta-model cta-model2\" name=\"model2\">\n<div class=\"cta-container-general\">\n<div class=\"cta-container-model2\">\n<div class=\"container-image-text\">\n<div class=\"container-img\">\n                    <img decoding=\"async\" id=\"cta-image\" editable=\"true\" name=\"Imagem:\" src=\"https:\/\/s.jpimg.com.br\/wp-content\/plugins\/CTA-posts-selector\/assets\/images\/640_4anos-JPNews.jpg\" alt=\"cta_logo_jp\">\n                <\/div>\n<div class=\"container-title\">\n                    <span id=\"cta-text\" editable=\"true\" name=\"Conte\u00fado:\">Siga o canal da Jovem Pan News e receba as principais not\u00edcias no seu WhatsApp!<\/span>\n                <\/div>\n<\/p><\/div>\n<div class=\"cta-container-link\">\n<div class=\"cta-container-space\"><\/div>\n<p>                <a id=\"cta-link\" editable=\"true\" name=\"Link%20do%20bot%C3%A3o:\" target=\"_blank\" href=\"https:\/\/www.whatsapp.com\/channel\/0029VaAxUvrGJP8Fz9QZH93S\"><\/p>\n<div class=\"container-button\">\n                        <span id=\"cta-text2\" editable=\"true\" name=\"Texto do bot\u00e3o:\">WhatsApp<\/span>\n                    <\/div>\n<div class=\"container-icon\">\n                        <i id=\"cta-icon\" name=\"\u00cdcone do bot\u00e3o:\" editable=\"true\" class=\"fa-brands fa-whatsapp\"><\/i>\n                    <\/div>\n<p>                <\/a>\n            <\/div>\n<\/div>\n<\/div>\n<\/div>\n<p>Paulinho da For\u00e7a ainda disse que enxerga o projeto como uma chance de \u201cpacifica\u00e7\u00e3o\u201d ao pa\u00eds e que \u201ccorrige excessos sem eximir responsabilidade\u201d de quem infringiu a lei.<\/p>\n<p>A leitura do relat\u00f3rio come\u00e7ou pouco antes da meia-noite, causando revolta em deputado governistas, que reclamaram que a pauta seria votada \u201cna calada da noite\u201d. Apesar disso, a retirada de pauta foi rejeitada e Motta seguiu com a vota\u00e7\u00e3o. Na sequ\u00eancia, petistas e aliados pediram o adiamento para a pr\u00f3xima sess\u00e3o, mas tamb\u00e9m falharam.<\/p>\n<p>Deputados tamb\u00e9m criticaram tamb\u00e9m a proximidade da vota\u00e7\u00e3o ao recesso parlamentar. Lembraram as declara\u00e7\u00f5es de Flavio Bolsonaro em rela\u00e7\u00e3o a sua candidatura, em que disse que tinha um \u201cpre\u00e7o\u201d para se retirar, que seria a anistia de seu pai, que pode ser beneficiado com o PL da Dosimetria.<\/p>\n<p>No lado da direita, congressistas ressaltaram que o projeto \u201cn\u00e3o \u00e9 o ideal\u201d e que v\u00e3o seguir lutando pela anistia irrestrita dos condenados.<\/p>\n<h3><strong>Pris\u00e3o de Bolsonaro<\/strong><\/h3>\n<p class=\"ng-star-inserted\"><span class=\"ng-star-inserted\">O ministro <a href=\"http:\/\/jovempan.com.br\/tag\/alexandre-de-moraes\"><strong>Alexandre de Moraes<\/strong><\/a>, do Supremo Tribunal Federal (<a href=\"http:\/\/jovempan.com.br\/tag\/stf\"><strong>STF<\/strong><\/a>), ordenou, no \u00faltimo dia 25, o in\u00edcio imediato do cumprimento da pena do ex-presidente <a href=\"http:\/\/jovempan.com.br\/tag\/jair-bolsonaro\"><strong>Jair Bolsonaro<\/strong><\/a>. A ordem veio ap\u00f3s a Primeira Turma da Corte rejeitar o \u00faltimo recurso da defesa e declarar o tr\u00e2nsito em julgado da a\u00e7\u00e3o penal que condenou a c\u00fapula do antigo governo por tentativa de golpe de Estado. <\/span><\/p>\n<p class=\"ng-star-inserted\"><span class=\"ng-star-inserted\">Bolsonaro est\u00e1 detido em uma \u201cSala de Estado-Maior\u201d na sede da PF em <a href=\"http:\/\/jovempan.com.br\/tag\/brasilia\"><strong>Bras\u00edlia<\/strong><\/a>, uma prerrogativa legal que assegura acomoda\u00e7\u00f5es distintas de celas comuns. A ordem de Moraes inclui a exig\u00eancia de uma equipe m\u00e9dica dispon\u00edvel em tempo integral para monitorar a sa\u00fade do ex-mandat\u00e1rio.<\/span><\/p>\n<\/div>\n","protected":false},"excerpt":{"rendered":"<p>A C\u00e2mara dos Deputados aprovou, na madrugada desta quarta-feira (10), o chamado PL da Dosimetria, que diminui as penas dos condenados pelos atos de 8 de Janeiro. O texto segue para o Senado. O ex-presidente Jair Bolsonaro, condenado por golpe de estado a 27 anos e tr\u00eas meses de pris\u00e3o, ser\u00e1 beneficiado caso o projeto [&hellip;]<\/p>\n","protected":false},"author":117,"featured_media":62589,"comment_status":"closed","ping_status":"closed","sticky":false,"template":"","format":"standard","meta":{"_themeisle_gutenberg_block_has_review":false,"_jetpack_memberships_contains_paid_content":false,"footnotes":""},"categories":[9],"tags":[129],"class_list":{"0":"post-62588","1":"post","2":"type-post","3":"status-publish","4":"format-standard","5":"has-post-thumbnail","7":"category-politica","8":"tag-politica"},"jetpack_featured_media_url":"https:\/\/crajubaremacao.com.br\/wp-content\/uploads\/2025\/12\/motta-paulinho-750x443-1.png","jetpack_sharing_enabled":true,"_links":{"self":[{"href":"https:\/\/crajubaremacao.com.br\/index.php?rest_route=\/wp\/v2\/posts\/62588","targetHints":{"allow":["GET"]}}],"collection":[{"href":"https:\/\/crajubaremacao.com.br\/index.php?rest_route=\/wp\/v2\/posts"}],"about":[{"href":"https:\/\/crajubaremacao.com.br\/index.php?rest_route=\/wp\/v2\/types\/post"}],"author":[{"embeddable":true,"href":"https:\/\/crajubaremacao.com.br\/index.php?rest_route=\/wp\/v2\/users\/117"}],"replies":[{"embeddable":true,"href":"https:\/\/crajubaremacao.com.br\/index.php?rest_route=%2Fwp%2Fv2%2Fcomments&post=62588"}],"version-history":[{"count":0,"href":"https:\/\/crajubaremacao.com.br\/index.php?rest_route=\/wp\/v2\/posts\/62588\/revisions"}],"wp:featuredmedia":[{"embeddable":true,"href":"https:\/\/crajubaremacao.com.br\/index.php?rest_route=\/wp\/v2\/media\/62589"}],"wp:attachment":[{"href":"https:\/\/crajubaremacao.com.br\/index.php?rest_route=%2Fwp%2Fv2%2Fmedia&parent=62588"}],"wp:term":[{"taxonomy":"category","embeddable":true,"href":"https:\/\/crajubaremacao.com.br\/index.php?rest_route=%2Fwp%2Fv2%2Fcategories&post=62588"},{"taxonomy":"post_tag","embeddable":true,"href":"https:\/\/crajubaremacao.com.br\/index.php?rest_route=%2Fwp%2Fv2%2Ftags&post=62588"}],"curies":[{"name":"wp","href":"https:\/\/api.w.org\/{rel}","templated":true}]}}