{"id":62615,"date":"2025-12-10T18:01:54","date_gmt":"2025-12-10T21:01:54","guid":{"rendered":"https:\/\/crajubaremacao.com.br\/?p=62615"},"modified":"2025-12-10T18:01:54","modified_gmt":"2025-12-10T21:01:54","slug":"empresas-de-mototaxi-desistem-de-retomar-servico-e-criticam-aval-de-nunes-inviabiliza-a-operacao","status":"publish","type":"post","link":"https:\/\/crajubaremacao.com.br\/?p=62615","title":{"rendered":"Empresas de motot\u00e1xi desistem de retomar servi\u00e7o e criticam aval de Nunes: \u2018Inviabiliza a opera\u00e7\u00e3o\u2019"},"content":{"rendered":"<div>\n<div style=\"margin-bottom: 15px;\"><img decoding=\"async\" class=\"type:primaryImage\" src=\"https:\/\/crajubaremacao.com.br\/wp-content\/uploads\/2025\/12\/tn220250529046-750x461-1.jpg\"><\/div>\n<p><?xml encoding=\"UTF-8\"><\/p>\n<p>Apesar do aval do prefeito <strong><a href=\"https:\/\/jovempan.com.br\/tag\/ricardo-nunes\" target=\"_blank\" rel=\"noopener noreferrer\">Ricardo Nunes<\/a><\/strong> (MBD-SP) para atua\u00e7\u00e3o do motot\u00e1xi em S\u00e3o Paulo, as empresas de aplicativo Uber e 99, que fornecem o produto, desistiram de retomar o servi\u00e7o de transporte de passageiros por motocicleta nesta quinta-feira (11). A decis\u00e3o \u00e9 porque, apesar de Nunes ter sancionado a lei, ela veio com uma s\u00e9rie de regulamenta\u00e7\u00e3o, como:<\/p>\n<ul>\n<li>Proibi\u00e7\u00e3o do servi\u00e7o no centro expandido e nas marginais;<\/li>\n<li>Proibi\u00e7\u00e3o do uso do servi\u00e7o por menores de 18;<\/li>\n<li>Impossibilidade presta\u00e7\u00e3o em dias de tempestades intensas;<\/li>\n<li>Uso de placas vermelhas;<\/li>\n<li>Cadastro pr\u00e9vio de condutores.<\/li>\n<\/ul>\n<div class=\"cta-model cta-model2\" name=\"model2\">\n<div class=\"cta-container-general\">\n<div class=\"cta-container-model2\">\n<div class=\"container-image-text\">\n<div class=\"container-img\">\n                    <img decoding=\"async\" id=\"cta-image\" editable=\"true\" name=\"Imagem:\" src=\"https:\/\/crajubaremacao.com.br\/wp-content\/uploads\/2025\/12\/640_4anos-JPNews-19.jpg\" alt=\"cta_logo_jp\">\n                <\/div>\n<div class=\"container-title\">\n                    <span id=\"cta-text\" editable=\"true\" name=\"Conte\u00fado:\">Siga o canal da Jovem Pan News e receba as principais not\u00edcias no seu WhatsApp!<\/span>\n                <\/div>\n<\/p><\/div>\n<div class=\"cta-container-link\">\n<div class=\"cta-container-space\"><\/div>\n<p>                <a id=\"cta-link\" editable=\"true\" name=\"Link%20do%20bot%C3%A3o:\" target=\"_blank\" href=\"https:\/\/www.whatsapp.com\/channel\/0029VaAxUvrGJP8Fz9QZH93S\"><\/p>\n<div class=\"container-button\">\n                        <span id=\"cta-text2\" editable=\"true\" name=\"Texto do bot\u00e3o:\">WhatsApp<\/span>\n                    <\/div>\n<div class=\"container-icon\">\n                        <i id=\"cta-icon\" name=\"\u00cdcone do bot\u00e3o:\" editable=\"true\" class=\"fa-brands fa-whatsapp\"><\/i>\n                    <\/div>\n<p>                <\/a>\n            <\/div>\n<\/div>\n<\/div>\n<\/div>\n<p>A medida e as obriga\u00e7\u00f5es s\u00e3o vistas pelas empresas como uma norma \u00e9 inconstitucional. Elas prometem acionar a justi\u00e7a. <strong>A Associa\u00e7\u00e3o Brasileira de Mobilidade e Tecnologia (Amobitec)<\/strong>, que representa as empresas de aplicativo de moto, disse que esse projeto votado na C\u00e2mara Municipal \u201cinviabiliza a opera\u00e7\u00e3o do servi\u00e7o de motot\u00e1xi na cidade\u201d, e argumentam que a legisla\u00e7\u00e3o \u201cn\u00e3o regulamenta o servi\u00e7o de motoapp na cidade de S\u00e3o Paulo, mas impede o seu funcionamento ao reunir exig\u00eancias imposs\u00edveis que extrapolam os limites legais\u201d.<\/p>\n<p>Apesar da aprova\u00e7\u00e3o realizada nesta quarta-feira (10), a lei manteve a multa de R$ 4 mil a R$ 1,5 milh\u00e3o para as empresas que desobedecerem \u00e0s regras da regulamenta\u00e7\u00e3o.<\/p>\n<div class=\"list-related-posts\">\n<h3>Leia tamb\u00e9m<\/h3>\n<div class=\"related-posts-container\">\n<div class=\"related-post-item-container\">\n<div class=\"related-post\">\n<div class=\"img-related-box\">\n                                            <strong><a href=\"https:\/\/jovempan.com.br\/noticias\/brasil\/nunes-sanciona-transporte-por-moto-em-sp-com-veto-no-centro-expandido.html\" title=\"Nunes sanciona transporte por moto em SP com veto no centro expandido\"><img decoding=\"async\" src=\"https:\/\/crajubaremacao.com.br\/wp-content\/uploads\/2025\/12\/design-sem-nome-1-11.png\"><\/a><\/strong>\n                                        <\/div>\n<p>                                        <span class=\"box-the-title\"><br \/>\n                                            <strong><a href=\"https:\/\/jovempan.com.br\/noticias\/brasil\/nunes-sanciona-transporte-por-moto-em-sp-com-veto-no-centro-expandido.html\" title=\"Nunes sanciona transporte por moto em SP com veto no centro expandido\">Nunes sanciona transporte por moto em SP com veto no centro expandido<\/a><\/strong><br \/>\n                                        <\/span>\n                                    <\/div>\n<\/p><\/div>\n<\/p><\/div>\n<\/p><\/div>\n<p>\u00a0<\/p>\n<p>\u00a0<\/p>\n<\/div>\n","protected":false},"excerpt":{"rendered":"<p>Apesar do aval do prefeito Ricardo Nunes (MBD-SP) para atua\u00e7\u00e3o do motot\u00e1xi em S\u00e3o Paulo, as empresas de aplicativo Uber e 99, que fornecem o produto, desistiram de retomar o servi\u00e7o de transporte de passageiros por motocicleta nesta quinta-feira (11). A decis\u00e3o \u00e9 porque, apesar de Nunes ter sancionado a lei, ela veio com uma [&hellip;]<\/p>\n","protected":false},"author":117,"featured_media":62616,"comment_status":"closed","ping_status":"closed","sticky":false,"template":"","format":"standard","meta":{"_themeisle_gutenberg_block_has_review":false,"_jetpack_memberships_contains_paid_content":false,"footnotes":""},"categories":[2],"tags":[150],"class_list":{"0":"post-62615","1":"post","2":"type-post","3":"status-publish","4":"format-standard","5":"has-post-thumbnail","7":"category-brasil","8":"tag-brasil"},"jetpack_featured_media_url":"https:\/\/crajubaremacao.com.br\/wp-content\/uploads\/2025\/12\/tn220250529046-750x461-1.jpg","jetpack_sharing_enabled":true,"_links":{"self":[{"href":"https:\/\/crajubaremacao.com.br\/index.php?rest_route=\/wp\/v2\/posts\/62615","targetHints":{"allow":["GET"]}}],"collection":[{"href":"https:\/\/crajubaremacao.com.br\/index.php?rest_route=\/wp\/v2\/posts"}],"about":[{"href":"https:\/\/crajubaremacao.com.br\/index.php?rest_route=\/wp\/v2\/types\/post"}],"author":[{"embeddable":true,"href":"https:\/\/crajubaremacao.com.br\/index.php?rest_route=\/wp\/v2\/users\/117"}],"replies":[{"embeddable":true,"href":"https:\/\/crajubaremacao.com.br\/index.php?rest_route=%2Fwp%2Fv2%2Fcomments&post=62615"}],"version-history":[{"count":0,"href":"https:\/\/crajubaremacao.com.br\/index.php?rest_route=\/wp\/v2\/posts\/62615\/revisions"}],"wp:featuredmedia":[{"embeddable":true,"href":"https:\/\/crajubaremacao.com.br\/index.php?rest_route=\/wp\/v2\/media\/62616"}],"wp:attachment":[{"href":"https:\/\/crajubaremacao.com.br\/index.php?rest_route=%2Fwp%2Fv2%2Fmedia&parent=62615"}],"wp:term":[{"taxonomy":"category","embeddable":true,"href":"https:\/\/crajubaremacao.com.br\/index.php?rest_route=%2Fwp%2Fv2%2Fcategories&post=62615"},{"taxonomy":"post_tag","embeddable":true,"href":"https:\/\/crajubaremacao.com.br\/index.php?rest_route=%2Fwp%2Fv2%2Ftags&post=62615"}],"curies":[{"name":"wp","href":"https:\/\/api.w.org\/{rel}","templated":true}]}}