{"id":62617,"date":"2025-12-10T18:02:06","date_gmt":"2025-12-10T21:02:06","guid":{"rendered":"https:\/\/crajubaremacao.com.br\/?p=62617"},"modified":"2025-12-10T18:02:06","modified_gmt":"2025-12-10T21:02:06","slug":"apos-pressao-do-congresso-gilmar-suspende-decisao-sobre-impeachment-de-ministros-do-stf","status":"publish","type":"post","link":"https:\/\/crajubaremacao.com.br\/?p=62617","title":{"rendered":"Ap\u00f3s press\u00e3o do Congresso, Gilmar suspende decis\u00e3o sobre impeachment de ministros do STF"},"content":{"rendered":"<div>\n<div style=\"margin-bottom: 15px;\"><img decoding=\"async\" class=\"type:primaryImage\" src=\"https:\/\/jpimg.com.br\/uploads\/2025\/12\/54841707245_46b7296d1b_k-750x500.jpg\"><\/div>\n<p><?xml encoding=\"UTF-8\"><\/p>\n<p data-start=\"117\" data-end=\"458\">O ministro Gilmar Mendes, decano do Supremo Tribunal Federal (STF), decidiu nesta quarta-feira (10) suspender parcialmente a liminar que restringia a abertura de processos de impeachment contra ministros da Corte. A medida ocorre em meio a uma articula\u00e7\u00e3o com o Senado, que discute novas regras para disciplinar o afastamento de autoridades. A suspens\u00e3o atinge apenas o trecho que atribu\u00eda exclusivamente \u00e0 Procuradoria-Geral da Rep\u00fablica (PGR) a prerrogativa de apresentar den\u00fancias por crime de responsabilidade contra ministros do STF.<\/p>\n<p data-start=\"117\" data-end=\"458\">Os demais pontos da liminar permanecem v\u00e1lidos, incluindo o que eleva o qu\u00f3rum necess\u00e1rio para a abertura de um processo: passa de maioria simples para dois ter\u00e7os do plen\u00e1rio do Senado.<\/p>\n<p data-start=\"845\" data-end=\"1237\">A decis\u00e3o de Gilmar surge ap\u00f3s forte rea\u00e7\u00e3o de senadores, que viram na liminar anterior uma limita\u00e7\u00e3o \u00e0s prerrogativas do Legislativo. Para reduzir tens\u00f5es institucionais, integrantes do STF e da c\u00fapula do Senado intensificaram negocia\u00e7\u00f5es nos \u00faltimos dias. O pr\u00f3prio ministro conversou com o ex-presidente do Senado Rodrigo Pacheco (PSD-MG), autor do projeto que altera a Lei do Impeachment.<\/p>\n<p data-start=\"1239\" data-end=\"1540\">O avan\u00e7o das discuss\u00f5es no Senado foi um dos principais argumentos usados por Gilmar Mendes ao revisar parcialmente sua liminar. Segundo ele, a proposta em debate incorpora pontos j\u00e1 levantados pelo Supremo e reflete um esfor\u00e7o de coopera\u00e7\u00e3o, baseado em prud\u00eancia e respeito \u00e0s regras constitucionais. \u201cTal aprimoramento legislativo n\u00e3o se limita a atender formalmente \u00e0s determina\u00e7\u00f5es do Supremo Tribunal Federal, mas configura ato de elevado esp\u00edrito p\u00fablico, voltado \u00e0 preserva\u00e7\u00e3o da integridade do Poder Judici\u00e1rio e \u00e0 prote\u00e7\u00e3o da harmonia entre os Poderes\u201d, declarou o ministro.<\/p>\n<p data-start=\"1542\" data-end=\"2067\">O texto em an\u00e1lise na Comiss\u00e3o de Constitui\u00e7\u00e3o e Justi\u00e7a (CCJ) prev\u00ea mudan\u00e7as amplas na legisla\u00e7\u00e3o. Entre elas, a possibilidade de apresenta\u00e7\u00e3o de pedidos de impeachment por partidos com representa\u00e7\u00e3o no Congresso, pela OAB, por entidades de classe e por iniciativa popular com ao menos 1,56 milh\u00e3o de assinaturas. Tamb\u00e9m estabelece prazo de at\u00e9 30 dias \u00fateis para o presidente da C\u00e2mara decidir sobre pedidos contra o presidente da Rep\u00fablica e outras autoridades \u2014 regra que n\u00e3o se aplica ao impeachment de ministros do STF.<\/p>\n<p data-start=\"1542\" data-end=\"2067\">\n<div class=\"cta-model cta-model2\" name=\"model2\">\n<div class=\"cta-container-general\">\n<div class=\"cta-container-model2\">\n<div class=\"container-image-text\">\n<div class=\"container-img\">\n                    <img decoding=\"async\" id=\"cta-image\" editable=\"true\" name=\"Imagem:\" src=\"https:\/\/s.jpimg.com.br\/wp-content\/plugins\/CTA-posts-selector\/assets\/images\/640_4anos-JPNews.jpg\" alt=\"cta_logo_jp\">\n                <\/div>\n<div class=\"container-title\">\n                    <span id=\"cta-text\" editable=\"true\" name=\"Conte\u00fado:\">Siga o canal da Jovem Pan News e receba as principais not\u00edcias no seu WhatsApp!<\/span>\n                <\/div>\n<\/p><\/div>\n<div class=\"cta-container-link\">\n<div class=\"cta-container-space\"><\/div>\n<p>                <a id=\"cta-link\" editable=\"true\" name=\"Link%20do%20bot%C3%A3o:\" target=\"_blank\" href=\"https:\/\/www.whatsapp.com\/channel\/0029VaAxUvrGJP8Fz9QZH93S\"><\/p>\n<div class=\"container-button\">\n                        <span id=\"cta-text2\" editable=\"true\" name=\"Texto do bot\u00e3o:\">WhatsApp<\/span>\n                    <\/div>\n<div class=\"container-icon\">\n                        <i id=\"cta-icon\" name=\"\u00cdcone do bot\u00e3o:\" editable=\"true\" class=\"fa-brands fa-whatsapp\"><\/i>\n                    <\/div>\n<p>                <\/a>\n            <\/div>\n<\/div>\n<\/div>\n<\/div>\n<p data-start=\"2069\" data-end=\"2448\">O relat\u00f3rio, que ainda n\u00e3o tem previs\u00e3o de vota\u00e7\u00e3o, enfrenta press\u00e3o de diversos setores, incluindo oposi\u00e7\u00e3o, For\u00e7as Armadas e Minist\u00e9rio P\u00fablico, que t\u00eam apresentado sugest\u00f5es de mudan\u00e7as no texto. Senadores avaliam que o adiamento da an\u00e1lise ajudar\u00e1 a dissociar a proposta da pol\u00eamica causada pela decis\u00e3o inicial de Gilmar Mendes e permitir\u00e1 um debate mais amplo sobre o tema.<\/p>\n<p data-start=\"2069\" data-end=\"2448\">\n<div class=\"list-related-posts\">\n<h3>Leia tamb\u00e9m<\/h3>\n<div class=\"related-posts-container\">\n<div class=\"related-post-item-container\">\n<div class=\"related-post\">\n<div class=\"img-related-box\">\n                                            <strong><a href=\"https:\/\/jovempan.com.br\/noticias\/politica\/apos-tempestade-perfeita-para-lula-direita-reage-com-uniao-no-congresso.html\" title=\"Ap\u00f3s tempestade perfeita para Lula, direita reage com uni\u00e3o no Congresso\"><img decoding=\"async\" src=\"https:\/\/jpimg.com.br\/uploads\/2025\/08\/age20250806043.jpg\"><\/a><\/strong>\n                                        <\/div>\n<p>                                        <span class=\"box-the-title\"><br \/>\n                                            <strong><a href=\"https:\/\/jovempan.com.br\/noticias\/politica\/apos-tempestade-perfeita-para-lula-direita-reage-com-uniao-no-congresso.html\" title=\"Ap\u00f3s tempestade perfeita para Lula, direita reage com uni\u00e3o no Congresso\">Ap\u00f3s tempestade perfeita para Lula, direita reage com uni\u00e3o no Congresso<\/a><\/strong><br \/>\n                                        <\/span>\n                                    <\/div>\n<div class=\"related-post\">\n<div class=\"img-related-box\">\n                                            <strong><a href=\"https:\/\/jovempan.com.br\/noticias\/politica\/stf-retoma-julgamento-sobre-marco-temporal-de-terras-indigenas.html\" title=\"STF retoma julgamento sobre marco temporal de terras ind\u00edgenas\"><img decoding=\"async\" src=\"https:\/\/jpimg.com.br\/uploads\/2023\/12\/53204395558_8ab30e5434_k.jpg\"><\/a><\/strong>\n                                        <\/div>\n<p>                                        <span class=\"box-the-title\"><br \/>\n                                            <strong><a href=\"https:\/\/jovempan.com.br\/noticias\/politica\/stf-retoma-julgamento-sobre-marco-temporal-de-terras-indigenas.html\" title=\"STF retoma julgamento sobre marco temporal de terras ind\u00edgenas\">STF retoma julgamento sobre marco temporal de terras ind\u00edgenas<\/a><\/strong><br \/>\n                                        <\/span>\n                                    <\/div>\n<\/p><\/div>\n<\/p><\/div>\n<\/p><\/div>\n<\/div>\n","protected":false},"excerpt":{"rendered":"<p>O ministro Gilmar Mendes, decano do Supremo Tribunal Federal (STF), decidiu nesta quarta-feira (10) suspender parcialmente a liminar que restringia a abertura de processos de impeachment contra ministros da Corte. A medida ocorre em meio a uma articula\u00e7\u00e3o com o Senado, que discute novas regras para disciplinar o afastamento de autoridades. A suspens\u00e3o atinge apenas [&hellip;]<\/p>\n","protected":false},"author":117,"featured_media":62618,"comment_status":"closed","ping_status":"closed","sticky":false,"template":"","format":"standard","meta":{"_themeisle_gutenberg_block_has_review":false,"_jetpack_memberships_contains_paid_content":false,"footnotes":""},"categories":[9],"tags":[129],"class_list":{"0":"post-62617","1":"post","2":"type-post","3":"status-publish","4":"format-standard","5":"has-post-thumbnail","7":"category-politica","8":"tag-politica"},"jetpack_featured_media_url":"https:\/\/crajubaremacao.com.br\/wp-content\/uploads\/2025\/12\/54841707245_46b7296d1b_k-750x500-1.jpg","jetpack_sharing_enabled":true,"_links":{"self":[{"href":"https:\/\/crajubaremacao.com.br\/index.php?rest_route=\/wp\/v2\/posts\/62617","targetHints":{"allow":["GET"]}}],"collection":[{"href":"https:\/\/crajubaremacao.com.br\/index.php?rest_route=\/wp\/v2\/posts"}],"about":[{"href":"https:\/\/crajubaremacao.com.br\/index.php?rest_route=\/wp\/v2\/types\/post"}],"author":[{"embeddable":true,"href":"https:\/\/crajubaremacao.com.br\/index.php?rest_route=\/wp\/v2\/users\/117"}],"replies":[{"embeddable":true,"href":"https:\/\/crajubaremacao.com.br\/index.php?rest_route=%2Fwp%2Fv2%2Fcomments&post=62617"}],"version-history":[{"count":0,"href":"https:\/\/crajubaremacao.com.br\/index.php?rest_route=\/wp\/v2\/posts\/62617\/revisions"}],"wp:featuredmedia":[{"embeddable":true,"href":"https:\/\/crajubaremacao.com.br\/index.php?rest_route=\/wp\/v2\/media\/62618"}],"wp:attachment":[{"href":"https:\/\/crajubaremacao.com.br\/index.php?rest_route=%2Fwp%2Fv2%2Fmedia&parent=62617"}],"wp:term":[{"taxonomy":"category","embeddable":true,"href":"https:\/\/crajubaremacao.com.br\/index.php?rest_route=%2Fwp%2Fv2%2Fcategories&post=62617"},{"taxonomy":"post_tag","embeddable":true,"href":"https:\/\/crajubaremacao.com.br\/index.php?rest_route=%2Fwp%2Fv2%2Ftags&post=62617"}],"curies":[{"name":"wp","href":"https:\/\/api.w.org\/{rel}","templated":true}]}}