{"id":62627,"date":"2025-12-11T00:05:03","date_gmt":"2025-12-11T03:05:03","guid":{"rendered":"https:\/\/crajubaremacao.com.br\/?p=62627"},"modified":"2025-12-11T00:05:03","modified_gmt":"2025-12-11T03:05:03","slug":"prefeitura-de-sp-cobra-explicacoes-da-enel-sobre-quantidade-de-carros-parados-em-meio-apagao","status":"publish","type":"post","link":"https:\/\/crajubaremacao.com.br\/?p=62627","title":{"rendered":"Prefeitura de SP cobra explica\u00e7\u00f5es da Enel sobre quantidade de carros parados em meio apag\u00e3o"},"content":{"rendered":"<div>\n<div style=\"margin-bottom: 15px;\"><img decoding=\"async\" class=\"type:primaryImage\" src=\"https:\/\/crajubaremacao.com.br\/wp-content\/uploads\/2025\/12\/falta-de-luz-em-sao-paulo-750x450-1.jpg\"><\/div>\n<p><?xml encoding=\"UTF-8\"><\/p>\n<p>A prefeitura de <a href=\"https:\/\/jovempan.com.br\/tag\/sao-paulo\" target=\"_blank\" rel=\"noopener noreferrer\"><strong>S\u00e3o Paulo<\/strong><\/a> notificou a <a href=\"https:\/\/jovempan.com.br\/tag\/Enel\" target=\"_blank\" rel=\"noopener noreferrer\"><strong>Enel<\/strong><\/a> nesta quarta-feira (10) e pediu explica\u00e7\u00f5es sobre a quantidade de ve\u00edculos parados em meio a falta de luz que afeta cerca de 1,5 milh\u00e3o de im\u00f3veis, segundo dados atualizado a 20h. A notifica\u00e7\u00e3o foi feita por meio da Procuradoria Geral do Munic\u00edpio (PGM). Al\u00e9m de explica\u00e7\u00f5es sobre os ve\u00edculos parados, a concession\u00e1ria respons\u00e1vel pelo abastecimento de energia na cidade tamb\u00e9m deve esclarecer, em at\u00e9 48 horas, os motivos que levaram parte da popula\u00e7\u00e3o de S\u00e3o Paulo a sofrer com a interrup\u00e7\u00e3o do fornecimento de energia por tantas horas.<\/p>\n<p>A Enel \u00e9 alvo de cr\u00edticas do governo paulista desde 2023 e 2024, quando apag\u00f5es atingiram a cidade durante temporais. O prefeito Ricardo Nunes chegou a pedir que o governo federal rescindisse o contrato com a empresa.\u00a0N\u00e3o foi s\u00f3 a prefeitura de S\u00e3o Paulo que cobrou explica\u00e7\u00f5es da Enel. A Aneel tamb\u00e9m notificou a concession\u00e1ria de energia, exigindo explica\u00e7\u00f5es sobre o colapso no fornecimento de energia.<\/p>\n<div class=\"cta-model cta-model2\" name=\"model2\">\n<div class=\"cta-container-general\">\n<div class=\"cta-container-model2\">\n<div class=\"container-image-text\">\n<div class=\"container-img\">\n                    <img decoding=\"async\" id=\"cta-image\" editable=\"true\" name=\"Imagem:\" src=\"https:\/\/crajubaremacao.com.br\/wp-content\/uploads\/2025\/12\/640_4anos-JPNews-20.jpg\" alt=\"cta_logo_jp\">\n                <\/div>\n<div class=\"container-title\">\n                    <span id=\"cta-text\" editable=\"true\" name=\"Conte\u00fado:\">Siga o canal da Jovem Pan News e receba as principais not\u00edcias no seu WhatsApp!<\/span>\n                <\/div>\n<\/p><\/div>\n<div class=\"cta-container-link\">\n<div class=\"cta-container-space\"><\/div>\n<p>                <a id=\"cta-link\" editable=\"true\" name=\"Link%20do%20bot%C3%A3o:\" target=\"_blank\" href=\"https:\/\/www.whatsapp.com\/channel\/0029VaAxUvrGJP8Fz9QZH93S\"><\/p>\n<div class=\"container-button\">\n                        <span id=\"cta-text2\" editable=\"true\" name=\"Texto do bot\u00e3o:\">WhatsApp<\/span>\n                    <\/div>\n<div class=\"container-icon\">\n                        <i id=\"cta-icon\" name=\"\u00cdcone do bot\u00e3o:\" editable=\"true\" class=\"fa-brands fa-whatsapp\"><\/i>\n                    <\/div>\n<p>                <\/a>\n            <\/div>\n<\/div>\n<\/div>\n<\/div>\n<div class=\"list-related-posts\">\n<h3>Leia tamb\u00e9m<\/h3>\n<div class=\"related-posts-container\">\n<div class=\"related-post-item-container\">\n<div class=\"related-post\">\n<div class=\"img-related-box\">\n                                            <strong><a href=\"https:\/\/jovempan.com.br\/noticias\/brasil\/ventania-em-sao-paulo-derruba-arvores-e-fecha-parques.html\" title=\"Ventania em S\u00e3o Paulo derruba \u00e1rvores e fecha parques\"><img decoding=\"async\" src=\"https:\/\/crajubaremacao.com.br\/wp-content\/uploads\/2025\/12\/rua20251210023.jpg\"><\/a><\/strong>\n                                        <\/div>\n<p>                                        <span class=\"box-the-title\"><br \/>\n                                            <strong><a href=\"https:\/\/jovempan.com.br\/noticias\/brasil\/ventania-em-sao-paulo-derruba-arvores-e-fecha-parques.html\" title=\"Ventania em S\u00e3o Paulo derruba \u00e1rvores e fecha parques\">Ventania em S\u00e3o Paulo derruba \u00e1rvores e fecha parques<\/a><\/strong><br \/>\n                                        <\/span>\n                                    <\/div>\n<\/p><\/div>\n<\/p><\/div>\n<\/p><\/div>\n<p>\u00a0<\/p>\n<p>\u00a0<\/p>\n<\/div>\n","protected":false},"excerpt":{"rendered":"<p>A prefeitura de S\u00e3o Paulo notificou a Enel nesta quarta-feira (10) e pediu explica\u00e7\u00f5es sobre a quantidade de ve\u00edculos parados em meio a falta de luz que afeta cerca de 1,5 milh\u00e3o de im\u00f3veis, segundo dados atualizado a 20h. A notifica\u00e7\u00e3o foi feita por meio da Procuradoria Geral do Munic\u00edpio (PGM). Al\u00e9m de explica\u00e7\u00f5es sobre [&hellip;]<\/p>\n","protected":false},"author":117,"featured_media":62628,"comment_status":"closed","ping_status":"closed","sticky":false,"template":"","format":"standard","meta":{"_themeisle_gutenberg_block_has_review":false,"_jetpack_memberships_contains_paid_content":false,"footnotes":""},"categories":[2],"tags":[150],"class_list":{"0":"post-62627","1":"post","2":"type-post","3":"status-publish","4":"format-standard","5":"has-post-thumbnail","7":"category-brasil","8":"tag-brasil"},"jetpack_featured_media_url":"https:\/\/crajubaremacao.com.br\/wp-content\/uploads\/2025\/12\/falta-de-luz-em-sao-paulo-750x450-1.jpg","jetpack_sharing_enabled":true,"_links":{"self":[{"href":"https:\/\/crajubaremacao.com.br\/index.php?rest_route=\/wp\/v2\/posts\/62627","targetHints":{"allow":["GET"]}}],"collection":[{"href":"https:\/\/crajubaremacao.com.br\/index.php?rest_route=\/wp\/v2\/posts"}],"about":[{"href":"https:\/\/crajubaremacao.com.br\/index.php?rest_route=\/wp\/v2\/types\/post"}],"author":[{"embeddable":true,"href":"https:\/\/crajubaremacao.com.br\/index.php?rest_route=\/wp\/v2\/users\/117"}],"replies":[{"embeddable":true,"href":"https:\/\/crajubaremacao.com.br\/index.php?rest_route=%2Fwp%2Fv2%2Fcomments&post=62627"}],"version-history":[{"count":0,"href":"https:\/\/crajubaremacao.com.br\/index.php?rest_route=\/wp\/v2\/posts\/62627\/revisions"}],"wp:featuredmedia":[{"embeddable":true,"href":"https:\/\/crajubaremacao.com.br\/index.php?rest_route=\/wp\/v2\/media\/62628"}],"wp:attachment":[{"href":"https:\/\/crajubaremacao.com.br\/index.php?rest_route=%2Fwp%2Fv2%2Fmedia&parent=62627"}],"wp:term":[{"taxonomy":"category","embeddable":true,"href":"https:\/\/crajubaremacao.com.br\/index.php?rest_route=%2Fwp%2Fv2%2Fcategories&post=62627"},{"taxonomy":"post_tag","embeddable":true,"href":"https:\/\/crajubaremacao.com.br\/index.php?rest_route=%2Fwp%2Fv2%2Ftags&post=62627"}],"curies":[{"name":"wp","href":"https:\/\/api.w.org\/{rel}","templated":true}]}}