{"id":62629,"date":"2025-12-11T00:05:11","date_gmt":"2025-12-11T03:05:11","guid":{"rendered":"https:\/\/crajubaremacao.com.br\/?p=62629"},"modified":"2025-12-11T00:05:11","modified_gmt":"2025-12-11T03:05:11","slug":"glauber-braga-e-aliados-acusam-motta-de-lesao-corporal-e-protocolam-representacao-criminal-na-pgr","status":"publish","type":"post","link":"https:\/\/crajubaremacao.com.br\/?p=62629","title":{"rendered":"Glauber Braga e aliados acusam Motta de \u2018les\u00e3o corporal\u2019 e protocolam representa\u00e7\u00e3o criminal na PGR"},"content":{"rendered":"<div>\n<div style=\"margin-bottom: 15px;\"><img decoding=\"async\" class=\"type:primaryImage\" src=\"https:\/\/jpimg.com.br\/uploads\/2025\/12\/glauber-braga-1-750x450.jpg\"><\/div>\n<p><?xml encoding=\"UTF-8\"><\/p>\n<p>O deputado <strong><a href=\"https:\/\/jovempan.com.br\/tag\/glauber-braga\">Glauber Braga<\/a><\/strong> (PSol-RJ), junto a S\u00e2mia Bomfim (PSol-SP), C\u00e9lia Xakriab\u00e1 (PSol-MG), Dorinaldo Malafaia (PDT-AP) e Rog\u00e9rio Correia (PT-MG), acusam o presidente da C\u00e2mara, Hugo Motta (Republicanos-PB), de \u201cles\u00e3o corporal\u201d e protocolaram, nesta ter\u00e7a-feira (10) uma representa\u00e7\u00e3o criminal contra Motta.<\/p>\n<p>Al\u00e9m de les\u00e3o corporal, os deputados tamb\u00e9m falam em: \u201cviol\u00eancia pol\u00edtica de g\u00eanero e n\u00e3o observ\u00e2ncia de medida adequada e suficiente prevista no Regimento Interno da C\u00e2mara na qualidade de autor intelectual e mandante das a\u00e7\u00f5es agressivas e truculentas cometidas pelos policiais legislativos\u201d.<\/p>\n<div class=\"cta-model cta-model2\" name=\"model2\">\n<div class=\"cta-container-general\">\n<div class=\"cta-container-model2\">\n<div class=\"container-image-text\">\n<div class=\"container-img\">\n                    <img decoding=\"async\" id=\"cta-image\" editable=\"true\" name=\"Imagem:\" src=\"https:\/\/s.jpimg.com.br\/wp-content\/plugins\/CTA-posts-selector\/assets\/images\/640_4anos-JPNews.jpg\" alt=\"cta_logo_jp\">\n                <\/div>\n<div class=\"container-title\">\n                    <span id=\"cta-text\" editable=\"true\" name=\"Conte\u00fado:\">Siga o canal da Jovem Pan News e receba as principais not\u00edcias no seu WhatsApp!<\/span>\n                <\/div>\n<\/p><\/div>\n<div class=\"cta-container-link\">\n<div class=\"cta-container-space\"><\/div>\n<p>                <a id=\"cta-link\" editable=\"true\" name=\"Link%20do%20bot%C3%A3o:\" target=\"_blank\" href=\"https:\/\/www.whatsapp.com\/channel\/0029VaAxUvrGJP8Fz9QZH93S\"><\/p>\n<div class=\"container-button\">\n                        <span id=\"cta-text2\" editable=\"true\" name=\"Texto do bot\u00e3o:\">WhatsApp<\/span>\n                    <\/div>\n<div class=\"container-icon\">\n                        <i id=\"cta-icon\" name=\"\u00cdcone do bot\u00e3o:\" editable=\"true\" class=\"fa-brands fa-whatsapp\"><\/i>\n                    <\/div>\n<p>                <\/a>\n            <\/div>\n<\/div>\n<\/div>\n<\/div>\n<p>A medida vem um dia ap\u00f3s a confus\u00e3o na C\u00e2mara dos Deputados, quando Glauber Braga, que estava tendo seu mandato votado para cassa\u00e7\u00e3o ou m\u00e3o, ocupo a cadeira de Motta e precisou ser retirado \u00e0 for\u00e7a do local.<\/p>\n<p>Os deputados solicitam que a Procuradoria-Geral da Rep\u00fablica (PGR), onde o pedido foi protocolado, cobre da C\u00e2mara \u201cesclarecimentos imediatos, incluindo a entrega dos registros de v\u00eddeo, \u00e1udio e transmiss\u00e3o\u201d da sess\u00e3o plen\u00e1ria interrompida, al\u00e9m da \u201cidentifica\u00e7\u00e3o completa de todos os policiais legislativos envolvidos nos fatos relatados\u201d.<\/p>\n<p>Na ter\u00e7a-feira (10), Braga\u00a0foi retirado \u00e0 for\u00e7a do Plen\u00e1rio da C\u00e2mara dos Deputados ap\u00f3s ocupar a mesa diretora da Casa Baixa do Congresso Nacional contra a aprova\u00e7\u00e3o do projeto de lei da dosimetria, que pode ser votado na sess\u00e3o desta ter\u00e7a, e uma poss\u00edvel <strong><a href=\"https:\/\/jovempan.com.br\/noticias\/politica\/motta-diz-que-plenario-vai-decidir-sobre-mandatos-de-eduardo-ramagem-zambelli-e-glauber.html\">cassa\u00e7\u00e3o de seu mandato<\/a><\/strong>.\u00a0\u201cEu vou ficar aqui calmamente, com toda a tranquilidade, exercendo o meu leg\u00edtimo direito pol\u00edtico de n\u00e3o aceitar de fato consumado uma anistia para um conjunto de golpistas, diminui\u00e7\u00e3o da pena de Bolsonaro para dois anos, manuten\u00e7\u00e3o da mesma situa\u00e7\u00e3o pol\u00edtica, mantendo os direitos pol\u00edticos de Eduardo Bolsonaro e gerando para mim, que fiz esse enfrentamento, oito anos de ilegibilidade\u201d, declarou o deputado enquanto ocupava a mesa diretora.<\/p>\n<div>O deputado criticou Motta, ap\u00f3s ser retirado \u00e0 for\u00e7a da mesa. \u201c\u00danica coisa que pedi para Hugo Motta foi que ele tivesse 1% do tratamento comigo que ele teve com aqueles que sequestraram a mesa diretora por 48h em associa\u00e7\u00e3o com o deputado que est\u00e1 nos Estados Unidos conspirando contra o nosso pa\u00eds\u201d, disse.<\/div>\n<div><\/div>\n<div>\n<div class=\"list-related-posts\">\n<h3>Leia tamb\u00e9m<\/h3>\n<div class=\"related-posts-container\">\n<div class=\"related-post-item-container\">\n<div class=\"related-post\">\n<div class=\"img-related-box\">\n                                            <strong><a href=\"https:\/\/jovempan.com.br\/noticias\/politica\/camara-dos-deputados-suspende-glauber-braga-por-6-meses.html\" title=\"C\u00e2mara dos Deputados suspende Glauber Braga por 6 meses\"><img decoding=\"async\" src=\"https:\/\/jpimg.com.br\/uploads\/2025\/04\/img20250428183413173med.jpg\"><\/a><\/strong>\n                                        <\/div>\n<p>                                        <span class=\"box-the-title\"><br \/>\n                                            <strong><a href=\"https:\/\/jovempan.com.br\/noticias\/politica\/camara-dos-deputados-suspende-glauber-braga-por-6-meses.html\" title=\"C\u00e2mara dos Deputados suspende Glauber Braga por 6 meses\">C\u00e2mara dos Deputados suspende Glauber Braga por 6 meses<\/a><\/strong><br \/>\n                                        <\/span>\n                                    <\/div>\n<div class=\"related-post\">\n<div class=\"img-related-box\">\n                                            <strong><a href=\"https:\/\/jovempan.com.br\/noticias\/politica\/saiba-quem-e-glauber-braga-deputado-retirado-a-forca-da-mesa-da-camara.html\" title=\"Saiba quem \u00e9 Glauber Braga, deputado retirado \u00e0 for\u00e7a da mesa da C\u00e2mara\"><img decoding=\"async\" src=\"https:\/\/jpimg.com.br\/uploads\/2025\/12\/glauber-braga.jpg\"><\/a><\/strong>\n                                        <\/div>\n<p>                                        <span class=\"box-the-title\"><br \/>\n                                            <strong><a href=\"https:\/\/jovempan.com.br\/noticias\/politica\/saiba-quem-e-glauber-braga-deputado-retirado-a-forca-da-mesa-da-camara.html\" title=\"Saiba quem \u00e9 Glauber Braga, deputado retirado \u00e0 for\u00e7a da mesa da C\u00e2mara\">Saiba quem \u00e9 Glauber Braga, deputado retirado \u00e0 for\u00e7a da mesa da C\u00e2mara<\/a><\/strong><br \/>\n                                        <\/span>\n                                    <\/div>\n<\/p><\/div>\n<\/p><\/div>\n<\/p><\/div>\n<\/div>\n<\/div>\n","protected":false},"excerpt":{"rendered":"<p>O deputado Glauber Braga (PSol-RJ), junto a S\u00e2mia Bomfim (PSol-SP), C\u00e9lia Xakriab\u00e1 (PSol-MG), Dorinaldo Malafaia (PDT-AP) e Rog\u00e9rio Correia (PT-MG), acusam o presidente da C\u00e2mara, Hugo Motta (Republicanos-PB), de \u201cles\u00e3o corporal\u201d e protocolaram, nesta ter\u00e7a-feira (10) uma representa\u00e7\u00e3o criminal contra Motta. Al\u00e9m de les\u00e3o corporal, os deputados tamb\u00e9m falam em: \u201cviol\u00eancia pol\u00edtica de g\u00eanero e [&hellip;]<\/p>\n","protected":false},"author":117,"featured_media":62630,"comment_status":"closed","ping_status":"closed","sticky":false,"template":"","format":"standard","meta":{"_themeisle_gutenberg_block_has_review":false,"_jetpack_memberships_contains_paid_content":false,"footnotes":""},"categories":[9],"tags":[129],"class_list":{"0":"post-62629","1":"post","2":"type-post","3":"status-publish","4":"format-standard","5":"has-post-thumbnail","7":"category-politica","8":"tag-politica"},"jetpack_featured_media_url":"https:\/\/crajubaremacao.com.br\/wp-content\/uploads\/2025\/12\/glauber-braga-1-750x450-1.jpg","jetpack_sharing_enabled":true,"_links":{"self":[{"href":"https:\/\/crajubaremacao.com.br\/index.php?rest_route=\/wp\/v2\/posts\/62629","targetHints":{"allow":["GET"]}}],"collection":[{"href":"https:\/\/crajubaremacao.com.br\/index.php?rest_route=\/wp\/v2\/posts"}],"about":[{"href":"https:\/\/crajubaremacao.com.br\/index.php?rest_route=\/wp\/v2\/types\/post"}],"author":[{"embeddable":true,"href":"https:\/\/crajubaremacao.com.br\/index.php?rest_route=\/wp\/v2\/users\/117"}],"replies":[{"embeddable":true,"href":"https:\/\/crajubaremacao.com.br\/index.php?rest_route=%2Fwp%2Fv2%2Fcomments&post=62629"}],"version-history":[{"count":0,"href":"https:\/\/crajubaremacao.com.br\/index.php?rest_route=\/wp\/v2\/posts\/62629\/revisions"}],"wp:featuredmedia":[{"embeddable":true,"href":"https:\/\/crajubaremacao.com.br\/index.php?rest_route=\/wp\/v2\/media\/62630"}],"wp:attachment":[{"href":"https:\/\/crajubaremacao.com.br\/index.php?rest_route=%2Fwp%2Fv2%2Fmedia&parent=62629"}],"wp:term":[{"taxonomy":"category","embeddable":true,"href":"https:\/\/crajubaremacao.com.br\/index.php?rest_route=%2Fwp%2Fv2%2Fcategories&post=62629"},{"taxonomy":"post_tag","embeddable":true,"href":"https:\/\/crajubaremacao.com.br\/index.php?rest_route=%2Fwp%2Fv2%2Ftags&post=62629"}],"curies":[{"name":"wp","href":"https:\/\/api.w.org\/{rel}","templated":true}]}}