{"id":62649,"date":"2025-12-11T12:01:25","date_gmt":"2025-12-11T15:01:25","guid":{"rendered":"https:\/\/crajubaremacao.com.br\/?p=62649"},"modified":"2025-12-11T12:01:25","modified_gmt":"2025-12-11T15:01:25","slug":"hospital-sao-paulo-esta-mais-de-24-horas-sem-energia","status":"publish","type":"post","link":"https:\/\/crajubaremacao.com.br\/?p=62649","title":{"rendered":"Hospital S\u00e3o Paulo est\u00e1 mais de 24 horas sem energia"},"content":{"rendered":"<div>\n<div style=\"margin-bottom: 15px;\"><img decoding=\"async\" class=\"type:primaryImage\" src=\"https:\/\/crajubaremacao.com.br\/wp-content\/uploads\/2025\/12\/fta20251210252-750x500-1.jpg\"><\/div>\n<p><?xml encoding=\"UTF-8\"><\/p>\n<p>Os recentes vendavais que atingiram a cidade de <a href=\"http:\/\/jovempan.com.br\/tag\/sao-paulo\"><strong>S\u00e3o Paulo<\/strong><\/a> causaram s\u00e9rios transtornos, especialmente para uma unidade do Hospital S\u00e3o Paulo, que ficou sem energia el\u00e9trica por mais de 24 horas. A falta de eletricidade obrigou o hospital a recorrer ao uso de geradores para manter suas opera\u00e7\u00f5es. Al\u00e9m disso, os ambulat\u00f3rios associados tamb\u00e9m foram afetados, permanecendo sem luz desde a tarde do dia anterior. Embora a energia tenha sido restabelecida em outra unidade do hospital, a regi\u00e3o da Vila Clementina, onde o hospital est\u00e1 localizado, continua a sofrer com a falta de eletricidade. A rua Botucatu, por exemplo, abriga uma lanchonete que enfrenta dificuldades para atender seus clientes, aceitando apenas pagamentos em dinheiro devido \u00e0 impossibilidade de carregar as maquininhas de cart\u00e3o.<\/p>\n<div class=\"cta-model cta-model2\" name=\"model2\">\n<div class=\"cta-container-general\">\n<div class=\"cta-container-model2\">\n<div class=\"container-image-text\">\n<div class=\"container-img\">\n                    <img decoding=\"async\" id=\"cta-image\" editable=\"true\" name=\"Imagem:\" src=\"https:\/\/crajubaremacao.com.br\/wp-content\/uploads\/2025\/12\/640_4anos-JPNews-21.jpg\" alt=\"cta_logo_jp\">\n                <\/div>\n<div class=\"container-title\">\n                    <span id=\"cta-text\" editable=\"true\" name=\"Conte\u00fado:\">Siga o canal da Jovem Pan News e receba as principais not\u00edcias no seu WhatsApp!<\/span>\n                <\/div>\n<\/p><\/div>\n<div class=\"cta-container-link\">\n<div class=\"cta-container-space\"><\/div>\n<p>                <a id=\"cta-link\" editable=\"true\" name=\"Link%20do%20bot%C3%A3o:\" target=\"_blank\" href=\"https:\/\/www.whatsapp.com\/channel\/0029VaAxUvrGJP8Fz9QZH93S\"><\/p>\n<div class=\"container-button\">\n                        <span id=\"cta-text2\" editable=\"true\" name=\"Texto do bot\u00e3o:\">WhatsApp<\/span>\n                    <\/div>\n<div class=\"container-icon\">\n                        <i id=\"cta-icon\" name=\"\u00cdcone do bot\u00e3o:\" editable=\"true\" class=\"fa-brands fa-whatsapp\"><\/i>\n                    <\/div>\n<p>                <\/a>\n            <\/div>\n<\/div>\n<\/div>\n<\/div>\n<p>A situa\u00e7\u00e3o \u00e9 ainda mais complicada pela instabilidade da internet, que prejudica a comunica\u00e7\u00e3o e o atendimento. Uma funcion\u00e1ria de um dos ambulat\u00f3rios relatou que a energia oscilou na manh\u00e3 anterior e, ap\u00f3s uma forte ventania, n\u00e3o foi restabelecida. A falta de comunica\u00e7\u00e3o \u00e9 uma preocupa\u00e7\u00e3o crescente, especialmente para pacientes de outras regi\u00f5es. Um exemplo \u00e9 uma paciente de Minas Gerais que n\u00e3o foi informada sobre a impossibilidade de atendimento. A Enel, concession\u00e1ria respons\u00e1vel pelo fornecimento de energia, n\u00e3o forneceu um prazo para o restabelecimento, aumentando a afli\u00e7\u00e3o dos moradores e comerciantes locais.<\/p>\n<p>A cidade de S\u00e3o Paulo est\u00e1 enfrentando os efeitos de um ciclone extratropical, com ventos que chegaram a 98 km\/h, resultando em quedas de \u00e1rvores e interdi\u00e7\u00f5es em algumas vias. A Enel informou que 1.559.032 im\u00f3veis ainda est\u00e3o sem energia. A expectativa \u00e9 que a energia seja restabelecida ainda hoje, mas a incerteza persiste.<\/p>\n<p><em>*Com informa\u00e7\u00f5es Dan\u00fabia Braga<\/em><\/p>\n<div class=\"video-container\">\n<div class=\"youtube-video\" id=\"MvFA5e8H2r4\"><\/div>\n<\/div>\n<div class=\"list-related-posts\">\n<h3>Leia tamb\u00e9m<\/h3>\n<div class=\"related-posts-container\">\n<div class=\"related-post-item-container\">\n<div class=\"related-post\">\n<div class=\"img-related-box\">\n                                            <strong><a href=\"https:\/\/jovempan.com.br\/noticias\/brasil\/falta-de-energia-afeta-abastecimento-de-agua-em-bairros-da-capital-e-cidades-da-grande-sp.html\" title=\"Falta de energia afeta abastecimento de \u00e1gua em bairros da capital e cidades da Grande SP\"><img decoding=\"async\" src=\"https:\/\/crajubaremacao.com.br\/wp-content\/uploads\/2025\/12\/3702702116_365088af03_k.jpg\"><\/a><\/strong>\n                                        <\/div>\n<p>                                        <span class=\"box-the-title\"><br \/>\n                                            <strong><a href=\"https:\/\/jovempan.com.br\/noticias\/brasil\/falta-de-energia-afeta-abastecimento-de-agua-em-bairros-da-capital-e-cidades-da-grande-sp.html\" title=\"Falta de energia afeta abastecimento de \u00e1gua em bairros da capital e cidades da Grande SP\">Falta de energia afeta abastecimento de \u00e1gua em bairros da capital e cidades da Grande SP<\/a><\/strong><br \/>\n                                        <\/span>\n                                    <\/div>\n<div class=\"related-post\">\n<div class=\"img-related-box\">\n                                            <strong><a href=\"https:\/\/jovempan.com.br\/noticias\/brasil\/grande-sp-tem-15-milhao-de-imoveis-sem-energia-apos-passagem-de-ciclone.html\" title=\"Grande SP tem 1,5 milh\u00e3o de im\u00f3veis sem energia ap\u00f3s passagem de ciclone\"><img decoding=\"async\" src=\"https:\/\/crajubaremacao.com.br\/wp-content\/uploads\/2025\/12\/design-sem-nome-14-3.png\"><\/a><\/strong>\n                                        <\/div>\n<p>                                        <span class=\"box-the-title\"><br \/>\n                                            <strong><a href=\"https:\/\/jovempan.com.br\/noticias\/brasil\/grande-sp-tem-15-milhao-de-imoveis-sem-energia-apos-passagem-de-ciclone.html\" title=\"Grande SP tem 1,5 milh\u00e3o de im\u00f3veis sem energia ap\u00f3s passagem de ciclone\">Grande SP tem 1,5 milh\u00e3o de im\u00f3veis sem energia ap\u00f3s passagem de ciclone<\/a><\/strong><br \/>\n                                        <\/span>\n                                    <\/div>\n<div class=\"related-post\">\n<div class=\"img-related-box\">\n                                            <strong><a href=\"https:\/\/jovempan.com.br\/noticias\/brasil\/engavetamento-na-via-dutra-deixa-um-morto-e-37-feridos-em-taubate.html\" title=\"Engavetamento na via Dutra deixa um morto e 37 feridos em Taubat\u00e9\"><img decoding=\"async\" src=\"https:\/\/crajubaremacao.com.br\/wp-content\/uploads\/2025\/12\/design-sem-nome-13-2.png\"><\/a><\/strong>\n                                        <\/div>\n<p>                                        <span class=\"box-the-title\"><br \/>\n                                            <strong><a href=\"https:\/\/jovempan.com.br\/noticias\/brasil\/engavetamento-na-via-dutra-deixa-um-morto-e-37-feridos-em-taubate.html\" title=\"Engavetamento na via Dutra deixa um morto e 37 feridos em Taubat\u00e9\">Engavetamento na via Dutra deixa um morto e 37 feridos em Taubat\u00e9<\/a><\/strong><br \/>\n                                        <\/span>\n                                    <\/div>\n<\/p><\/div>\n<\/p><\/div>\n<\/p><\/div>\n<p><em>*Reportagem produzida com aux\u00edlio de IA<\/em><\/p>\n<\/div>\n","protected":false},"excerpt":{"rendered":"<p>Os recentes vendavais que atingiram a cidade de S\u00e3o Paulo causaram s\u00e9rios transtornos, especialmente para uma unidade do Hospital S\u00e3o Paulo, que ficou sem energia el\u00e9trica por mais de 24 horas. A falta de eletricidade obrigou o hospital a recorrer ao uso de geradores para manter suas opera\u00e7\u00f5es. Al\u00e9m disso, os ambulat\u00f3rios associados tamb\u00e9m foram [&hellip;]<\/p>\n","protected":false},"author":117,"featured_media":62650,"comment_status":"closed","ping_status":"closed","sticky":false,"template":"","format":"standard","meta":{"_themeisle_gutenberg_block_has_review":false,"_jetpack_memberships_contains_paid_content":false,"footnotes":""},"categories":[2],"tags":[150],"class_list":{"0":"post-62649","1":"post","2":"type-post","3":"status-publish","4":"format-standard","5":"has-post-thumbnail","7":"category-brasil","8":"tag-brasil"},"jetpack_featured_media_url":"https:\/\/crajubaremacao.com.br\/wp-content\/uploads\/2025\/12\/fta20251210252-750x500-1.jpg","jetpack_sharing_enabled":true,"_links":{"self":[{"href":"https:\/\/crajubaremacao.com.br\/index.php?rest_route=\/wp\/v2\/posts\/62649","targetHints":{"allow":["GET"]}}],"collection":[{"href":"https:\/\/crajubaremacao.com.br\/index.php?rest_route=\/wp\/v2\/posts"}],"about":[{"href":"https:\/\/crajubaremacao.com.br\/index.php?rest_route=\/wp\/v2\/types\/post"}],"author":[{"embeddable":true,"href":"https:\/\/crajubaremacao.com.br\/index.php?rest_route=\/wp\/v2\/users\/117"}],"replies":[{"embeddable":true,"href":"https:\/\/crajubaremacao.com.br\/index.php?rest_route=%2Fwp%2Fv2%2Fcomments&post=62649"}],"version-history":[{"count":0,"href":"https:\/\/crajubaremacao.com.br\/index.php?rest_route=\/wp\/v2\/posts\/62649\/revisions"}],"wp:featuredmedia":[{"embeddable":true,"href":"https:\/\/crajubaremacao.com.br\/index.php?rest_route=\/wp\/v2\/media\/62650"}],"wp:attachment":[{"href":"https:\/\/crajubaremacao.com.br\/index.php?rest_route=%2Fwp%2Fv2%2Fmedia&parent=62649"}],"wp:term":[{"taxonomy":"category","embeddable":true,"href":"https:\/\/crajubaremacao.com.br\/index.php?rest_route=%2Fwp%2Fv2%2Fcategories&post=62649"},{"taxonomy":"post_tag","embeddable":true,"href":"https:\/\/crajubaremacao.com.br\/index.php?rest_route=%2Fwp%2Fv2%2Ftags&post=62649"}],"curies":[{"name":"wp","href":"https:\/\/api.w.org\/{rel}","templated":true}]}}