{"id":62651,"date":"2025-12-11T12:01:34","date_gmt":"2025-12-11T15:01:34","guid":{"rendered":"https:\/\/crajubaremacao.com.br\/?p=62651"},"modified":"2025-12-11T12:01:34","modified_gmt":"2025-12-11T15:01:34","slug":"governo-lula-articula-estrategia-contra-avanco-do-pl-da-dosimetria-no-senado","status":"publish","type":"post","link":"https:\/\/crajubaremacao.com.br\/?p=62651","title":{"rendered":"Governo Lula articula estrat\u00e9gia contra avan\u00e7o do PL da Dosimetria no Senado"},"content":{"rendered":"<div>\n<div style=\"margin-bottom: 15px;\"><img decoding=\"async\" class=\"type:primaryImage\" src=\"https:\/\/jpimg.com.br\/uploads\/2025\/01\/fta20250130084-750x471.jpg\"><\/div>\n<p><?xml encoding=\"UTF-8\"><\/p>\n<p>O presidente Luiz In\u00e1cio <a href=\"http:\/\/jovempan.com.br\/tag\/lula\"><strong>Lula<\/strong><\/a> da Silva (PT) reuniu-se com parlamentares aliados horas depois que o PL da Dosimetria foi aprovado na <a href=\"http:\/\/jovempan.com.br\/tag\/camara-dos-deputados\"><strong>C\u00e2mara dos Deputados<\/strong><\/a>, para discutir sua tramita\u00e7\u00e3o. O encontro, que n\u00e3o constava na agenda oficial, aconteceu na Granja do Torto, em <a href=\"http:\/\/jovempan.com.br\/tag\/brasilia\"><strong>Bras\u00edlia<\/strong><\/a>, e teve como objetivo tra\u00e7ar estrat\u00e9gias para tentar frear o avan\u00e7o da proposta no <a href=\"http:\/\/jovempan.com.br\/tag\/senado-federal\"><strong>Senado Federal<\/strong><\/a>.<\/p>\n<p>Participaram da reuni\u00e3o os senadores <a href=\"http:\/\/jovempan.com.br\/tag\/jaques-wagner\"><strong>Jaques Wagner<\/strong><\/a> (PT-BA), <a href=\"http:\/\/jovempan.com.br\/tag\/eduardo-braga\"><strong>Eduardo Braga<\/strong><\/a> (MDB-AM) e <a href=\"http:\/\/jovempan.com.br\/tag\/renan-calheiros\"><strong>Renan Calheiros<\/strong><\/a> (MDB-AL). A preocupa\u00e7\u00e3o do Executivo deve-se \u00e0 celeridade com que a pauta tem avan\u00e7ado. No Senado, o projeto j\u00e1 possui relator na Comiss\u00e3o de Constitui\u00e7\u00e3o e Justi\u00e7a (CCJ), o senador <a href=\"http:\/\/jovempan.com.br\/tag\/esperidiao-amin\"><strong>Esperidi\u00e3o Amin<\/strong><\/a> (PP-SC), que deve apresentar seu relat\u00f3rio na pr\u00f3xima quarta-feira (17). O presidente do Senado, <a href=\"http:\/\/jovempan.com.br\/tag\/davi-alcolumbre\"><strong>Davi Alcolumbre<\/strong><\/a>, sinalizou que colocar\u00e1 o tema em vota\u00e7\u00e3o imediatamente ap\u00f3s a libera\u00e7\u00e3o da comiss\u00e3o.<\/p>\n<h3><strong>Governo promete veto integral<\/strong><\/h3>\n<p>O l\u00edder do governo no Congresso Nacional, senador <a href=\"http:\/\/jovempan.com.br\/tag\/randolfe-rodrigues\"><strong>Randolfe Rodrigues<\/strong><\/a> (PT-AP), afirmou categoricamente que, se o projeto for aprovado pelo Legislativo, ser\u00e1 vetado pelo presidente da Rep\u00fablica.<\/p>\n<p>\u201cSe o projeto vier a ser aprovado, eu adianto: ele ser\u00e1 vetado pelo senhor presidente da Rep\u00fablica. E n\u00f3s iremos sustentar no plen\u00e1rio do Congresso Nacional a manuten\u00e7\u00e3o do veto\u201d, declarou Randolfe. O senador classificou a proposta como um \u201cacinte\u201d e uma \u201cofensa \u00e0 ordem jur\u00eddica nacional\u201d, ressaltando que o texto poderia atenuar penas para crimes graves, incluindo os atos antidemocr\u00e1ticos de 8 de janeiro e crimes de corrup\u00e7\u00e3o.<\/p>\n<h3><strong>Tramita\u00e7\u00e3o<\/strong><\/h3>\n<p>Nos bastidores, o Pal\u00e1cio do Planalto avalia que o projeto tem grandes chances de ser aprovado no Senado. Uma das estrat\u00e9gias discutidas para ganhar tempo \u00e9 a solicita\u00e7\u00e3o de um pedido de vista, o que adiaria a an\u00e1lise.<\/p>\n<div class=\"cta-model cta-model2\" name=\"model2\">\n<div class=\"cta-container-general\">\n<div class=\"cta-container-model2\">\n<div class=\"container-image-text\">\n<div class=\"container-img\">\n                    <img decoding=\"async\" id=\"cta-image\" editable=\"true\" name=\"Imagem:\" src=\"https:\/\/s.jpimg.com.br\/wp-content\/plugins\/CTA-posts-selector\/assets\/images\/640_4anos-JPNews.jpg\" alt=\"cta_logo_jp\">\n                <\/div>\n<div class=\"container-title\">\n                    <span id=\"cta-text\" editable=\"true\" name=\"Conte\u00fado:\">Siga o canal da Jovem Pan News e receba as principais not\u00edcias no seu WhatsApp!<\/span>\n                <\/div>\n<\/p><\/div>\n<div class=\"cta-container-link\">\n<div class=\"cta-container-space\"><\/div>\n<p>                <a id=\"cta-link\" editable=\"true\" name=\"Link%20do%20bot%C3%A3o:\" target=\"_blank\" href=\"https:\/\/www.whatsapp.com\/channel\/0029VaAxUvrGJP8Fz9QZH93S\"><\/p>\n<div class=\"container-button\">\n                        <span id=\"cta-text2\" editable=\"true\" name=\"Texto do bot\u00e3o:\">WhatsApp<\/span>\n                    <\/div>\n<div class=\"container-icon\">\n                        <i id=\"cta-icon\" name=\"\u00cdcone do bot\u00e3o:\" editable=\"true\" class=\"fa-brands fa-whatsapp\"><\/i>\n                    <\/div>\n<p>                <\/a>\n            <\/div>\n<\/div>\n<\/div>\n<\/div>\n<p>A mat\u00e9ria pode beneficiar diretamente o ex-presidente <a href=\"http:\/\/jovempan.com.br\/tag\/jair-bolsonaro\"><strong>Jair Bolsonaro<\/strong><\/a>, principal advers\u00e1rio pol\u00edtico do atual governo. Caso o texto entre em vigor, c\u00e1lculos jur\u00eddicos indicam que Bolsonaro poderia obter liberdade condicional a partir de 2029.<\/p>\n<p>Diante deste cen\u00e1rio, fontes do Planalto indicam que a orienta\u00e7\u00e3o \u00e9 pelo veto integral, visando tanto impedir o benef\u00edcio a opositores acusados de atentar contra o Estado Democr\u00e1tico de Direito quanto responder \u00e0 base eleitoral do governo.<\/p>\n<p><em>*Com informa\u00e7\u00f5es de Igor Damasceno<\/em><\/p>\n<div class=\"video-container\">\n<div class=\"youtube-video\" id=\"PRqZoHRSY9w\"><\/div>\n<\/div>\n<div class=\"list-related-posts\">\n<h3>Leia tamb\u00e9m<\/h3>\n<div class=\"related-posts-container\">\n<div class=\"related-post-item-container\">\n<div class=\"related-post\">\n<div class=\"img-related-box\">\n                                            <strong><a href=\"https:\/\/jovempan.com.br\/noticias\/politica\/lider-do-pt-vai-ao-stf-contra-decisao-da-camara-sobre-zambelli.html\" title=\"L\u00edder do PT vai ao STF contra decis\u00e3o da C\u00e2mara sobre Zambelli\"><img decoding=\"async\" src=\"https:\/\/jpimg.com.br\/uploads\/2025\/08\/54644218914_0c637949bc_k.jpg\"><\/a><\/strong>\n                                        <\/div>\n<p>                                        <span class=\"box-the-title\"><br \/>\n                                            <strong><a href=\"https:\/\/jovempan.com.br\/noticias\/politica\/lider-do-pt-vai-ao-stf-contra-decisao-da-camara-sobre-zambelli.html\" title=\"L\u00edder do PT vai ao STF contra decis\u00e3o da C\u00e2mara sobre Zambelli\">L\u00edder do PT vai ao STF contra decis\u00e3o da C\u00e2mara sobre Zambelli<\/a><\/strong><br \/>\n                                        <\/span>\n                                    <\/div>\n<div class=\"related-post\">\n<div class=\"img-related-box\">\n                                            <strong><a href=\"https:\/\/jovempan.com.br\/noticias\/politica\/bacellar-pede-licenca-de-10-dias-da-alerj-apos-sair-da-prisao.html\" title=\"Bacellar pede licen\u00e7a de 10 dias da Alerj ap\u00f3s sair da pris\u00e3o\"><img decoding=\"async\" src=\"https:\/\/jpimg.com.br\/uploads\/2025\/12\/design-sem-nome-12-2.png\"><\/a><\/strong>\n                                        <\/div>\n<p>                                        <span class=\"box-the-title\"><br \/>\n                                            <strong><a href=\"https:\/\/jovempan.com.br\/noticias\/politica\/bacellar-pede-licenca-de-10-dias-da-alerj-apos-sair-da-prisao.html\" title=\"Bacellar pede licen\u00e7a de 10 dias da Alerj ap\u00f3s sair da pris\u00e3o\">Bacellar pede licen\u00e7a de 10 dias da Alerj ap\u00f3s sair da pris\u00e3o<\/a><\/strong><br \/>\n                                        <\/span>\n                                    <\/div>\n<\/p><\/div>\n<\/p><\/div>\n<\/p><\/div>\n<p>*Reportagem produzida com aux\u00edlio de IA<\/p>\n<\/div>\n","protected":false},"excerpt":{"rendered":"<p>O presidente Luiz In\u00e1cio Lula da Silva (PT) reuniu-se com parlamentares aliados horas depois que o PL da Dosimetria foi aprovado na C\u00e2mara dos Deputados, para discutir sua tramita\u00e7\u00e3o. O encontro, que n\u00e3o constava na agenda oficial, aconteceu na Granja do Torto, em Bras\u00edlia, e teve como objetivo tra\u00e7ar estrat\u00e9gias para tentar frear o avan\u00e7o [&hellip;]<\/p>\n","protected":false},"author":117,"featured_media":62652,"comment_status":"closed","ping_status":"closed","sticky":false,"template":"","format":"standard","meta":{"_themeisle_gutenberg_block_has_review":false,"_jetpack_memberships_contains_paid_content":false,"footnotes":""},"categories":[9],"tags":[129],"class_list":{"0":"post-62651","1":"post","2":"type-post","3":"status-publish","4":"format-standard","5":"has-post-thumbnail","7":"category-politica","8":"tag-politica"},"jetpack_featured_media_url":"https:\/\/crajubaremacao.com.br\/wp-content\/uploads\/2025\/12\/fta20250130084-750x471-1.jpg","jetpack_sharing_enabled":true,"_links":{"self":[{"href":"https:\/\/crajubaremacao.com.br\/index.php?rest_route=\/wp\/v2\/posts\/62651","targetHints":{"allow":["GET"]}}],"collection":[{"href":"https:\/\/crajubaremacao.com.br\/index.php?rest_route=\/wp\/v2\/posts"}],"about":[{"href":"https:\/\/crajubaremacao.com.br\/index.php?rest_route=\/wp\/v2\/types\/post"}],"author":[{"embeddable":true,"href":"https:\/\/crajubaremacao.com.br\/index.php?rest_route=\/wp\/v2\/users\/117"}],"replies":[{"embeddable":true,"href":"https:\/\/crajubaremacao.com.br\/index.php?rest_route=%2Fwp%2Fv2%2Fcomments&post=62651"}],"version-history":[{"count":0,"href":"https:\/\/crajubaremacao.com.br\/index.php?rest_route=\/wp\/v2\/posts\/62651\/revisions"}],"wp:featuredmedia":[{"embeddable":true,"href":"https:\/\/crajubaremacao.com.br\/index.php?rest_route=\/wp\/v2\/media\/62652"}],"wp:attachment":[{"href":"https:\/\/crajubaremacao.com.br\/index.php?rest_route=%2Fwp%2Fv2%2Fmedia&parent=62651"}],"wp:term":[{"taxonomy":"category","embeddable":true,"href":"https:\/\/crajubaremacao.com.br\/index.php?rest_route=%2Fwp%2Fv2%2Fcategories&post=62651"},{"taxonomy":"post_tag","embeddable":true,"href":"https:\/\/crajubaremacao.com.br\/index.php?rest_route=%2Fwp%2Fv2%2Ftags&post=62651"}],"curies":[{"name":"wp","href":"https:\/\/api.w.org\/{rel}","templated":true}]}}