{"id":62666,"date":"2025-12-11T18:05:10","date_gmt":"2025-12-11T21:05:10","guid":{"rendered":"https:\/\/crajubaremacao.com.br\/?p=62666"},"modified":"2025-12-11T18:05:10","modified_gmt":"2025-12-11T21:05:10","slug":"bilynskyj-diz-que-vontade-era-de-encher-de-porrada-deputados-do-psol","status":"publish","type":"post","link":"https:\/\/crajubaremacao.com.br\/?p=62666","title":{"rendered":"Bilynskyj diz que vontade era de \u2018encher de porrada\u2019 deputados do Psol"},"content":{"rendered":"<div>\n<div style=\"margin-bottom: 15px;\"><img decoding=\"async\" class=\"type:primaryImage\" src=\"https:\/\/jpimg.com.br\/uploads\/2025\/12\/img20251210205327324med-750x462.jpg\"><\/div>\n<p><?xml encoding=\"UTF-8\"><\/p>\n<p>Durante a sess\u00e3o em que o Plen\u00e1rio da C\u00e2mara analisou o processo que poderia levar \u00e0 cassa\u00e7\u00e3o do mandato do deputado <a href=\"http:\/\/jovempan.com.br\/tag\/glauber-braga\"><strong>Glauber Braga<\/strong><\/a> (Psol-RJ), o deputado <a href=\"http:\/\/jovempan.com.br\/tag\/paulo-bilynskyj\"><strong>Delegado Paulo Bilynskyj<\/strong><\/a> (PL-SP) fez cr\u00edticas contundentes ao<a href=\"http:\/\/jovempan.com.br\/tag\/psol\"><strong> Psol<\/strong> <\/a>e afirmou que sua vontade \u201cera encher de porrada\u201d parlamentares da sigla, que, segundo ele, adotariam condutas provocativas nas discuss\u00f5es.<\/p>\n<p>Bilynskyj votou a favor da cassa\u00e7\u00e3o e rebateu os argumentos apresentados pela defesa de Braga, que alegou ter reagido a provoca\u00e7\u00f5es antes de agredir um militante do MBL.<\/p>\n<p>\u201cO argumento central da defesa do Glauber \u00e9 o seguinte: \u2018Fui ofendido, logo o agredi\u2019. N\u00e3o faz uma hora que os militantes do PSOL estavam aqui na entrada do plen\u00e1rio. O que eles estavam fazendo com os deputados da direita, eu sendo um deles? Estavam xingando e ofendendo. Segundo esse racioc\u00ednio, eu teria todo o direito de surrar todos eles, merecidamente.\u201d<\/p>\n<p>O deputado tamb\u00e9m afirmou que \u201ctudo que sai da boca do PSOL e da Esquerda \u00e9 mentira\u201d e acusou o grupo de usar o plen\u00e1rio para \u201cinventar desculpas\u201d enquanto mobilizaria, do lado de fora, militantes para hostilizar parlamentares de direita.<\/p>\n<p>\u201cEles v\u00eam aqui falar, inventar uma desculpa, mas no mesmo dia est\u00e3o movimentando aqueles militantes para vir aqui te ofender, te xingar, criar um problema com voc\u00ea. \u00c9 isso que eles querem. Eles querem que voc\u00ea perca o seu mandato, porque voc\u00ea, justificadamente, p\u00f4s a m\u00e3o na cara de um daqueles lixos. Essa \u00e9 a verdade.\u201d<\/p>\n<p>Mesmo assim, Bilynskyj afirmou ter se contido em respeito aos 72.156 eleitores que o escolheram. Segundo ele, \u201ca minha vontade era de encher de porrada, mas n\u00e3o o fa\u00e7o. N\u00e3o o fa\u00e7o, por justi\u00e7a a quem eu represento\u201d.<\/p>\n<h3><strong>Cassa\u00e7\u00e3o de Glauber Braga<\/strong><\/h3>\n<p>O Plen\u00e1rio decidiu, na noite de quarta-feira (10), aplicar uma suspens\u00e3o de seis meses ao mandato de Braga, afastando a recomenda\u00e7\u00e3o de cassa\u00e7\u00e3o feita pelo Conselho de \u00c9tica.<\/p>\n<p>O processo foi motivado pela agress\u00e3o cometida por Glauber Braga contra Gabriel Costenaro, ent\u00e3o militante do Movimento Brasil Livre (MBL), em abril de 2024.<\/p>\n<div class=\"cta-model cta-model2\" name=\"model2\">\n<div class=\"cta-container-general\">\n<div class=\"cta-container-model2\">\n<div class=\"container-image-text\">\n<div class=\"container-img\">\n                    <img decoding=\"async\" id=\"cta-image\" editable=\"true\" name=\"Imagem:\" src=\"https:\/\/s.jpimg.com.br\/wp-content\/plugins\/CTA-posts-selector\/assets\/images\/640_4anos-JPNews.jpg\" alt=\"cta_logo_jp\">\n                <\/div>\n<div class=\"container-title\">\n                    <span id=\"cta-text\" editable=\"true\" name=\"Conte\u00fado:\">Siga o canal da Jovem Pan News e receba as principais not\u00edcias no seu WhatsApp!<\/span>\n                <\/div>\n<\/p><\/div>\n<div class=\"cta-container-link\">\n<div class=\"cta-container-space\"><\/div>\n<p>                <a id=\"cta-link\" editable=\"true\" name=\"Link%20do%20bot%C3%A3o:\" target=\"_blank\" href=\"https:\/\/www.whatsapp.com\/channel\/0029VaAxUvrGJP8Fz9QZH93S\"><\/p>\n<div class=\"container-button\">\n                        <span id=\"cta-text2\" editable=\"true\" name=\"Texto do bot\u00e3o:\">WhatsApp<\/span>\n                    <\/div>\n<div class=\"container-icon\">\n                        <i id=\"cta-icon\" name=\"\u00cdcone do bot\u00e3o:\" editable=\"true\" class=\"fa-brands fa-whatsapp\"><\/i>\n                    <\/div>\n<p>                <\/a>\n            <\/div>\n<\/div>\n<\/div>\n<\/div>\n<p>Braga admitiu a agress\u00e3o, mas afirmou ter reagido ap\u00f3s enfrentar uma s\u00e9rie de provoca\u00e7\u00f5es, incluindo sete epis\u00f3dios consecutivos de ataques pessoais. Segundo ele, houve at\u00e9 ofensas dirigidas \u00e0 sua m\u00e3e, que estava em est\u00e1gio avan\u00e7ado de Alzheimer e morreu 15 dias depois do incidente.<\/p>\n<div class=\"list-related-posts\">\n<h3>Leia tamb\u00e9m<\/h3>\n<div class=\"related-posts-container\">\n<div class=\"related-post-item-container\">\n<div class=\"related-post\">\n<div class=\"img-related-box\">\n                                            <strong><a href=\"https:\/\/jovempan.com.br\/noticias\/politica\/lula-diz-que-estuda-vetar-diminuicao-de-pena-de-bolsonaro-tem-que-pagar.html\" title=\"Lula diz que estuda vetar diminui\u00e7\u00e3o da pena de Bolsonaro: 'Tem que pagar'\"><img decoding=\"async\" src=\"https:\/\/jpimg.com.br\/uploads\/2025\/10\/imagem-jvp-26-1.png\"><\/a><\/strong>\n                                        <\/div>\n<p>                                        <span class=\"box-the-title\"><br \/>\n                                            <strong><a href=\"https:\/\/jovempan.com.br\/noticias\/politica\/lula-diz-que-estuda-vetar-diminuicao-de-pena-de-bolsonaro-tem-que-pagar.html\" title=\"Lula diz que estuda vetar diminui\u00e7\u00e3o da pena de Bolsonaro: 'Tem que pagar'\">Lula diz que estuda vetar diminui\u00e7\u00e3o da pena de Bolsonaro: &#8216;Tem que pagar&#8217;<\/a><\/strong><br \/>\n                                        <\/span>\n                                    <\/div>\n<div class=\"related-post\">\n<div class=\"img-related-box\">\n                                            <strong><a href=\"https:\/\/jovempan.com.br\/noticias\/politica\/tarcisio-fala-sobre-dosimetria-e-o-possivel-no-momento.html\" title=\"Tarc\u00edsio fala sobre dosimetria: '\u00c9 o poss\u00edvel no momento'\"><img decoding=\"async\" src=\"https:\/\/jpimg.com.br\/uploads\/2025\/12\/54972856717_78ef0bae28_k-e1765367230167.jpg\"><\/a><\/strong>\n                                        <\/div>\n<p>                                        <span class=\"box-the-title\"><br \/>\n                                            <strong><a href=\"https:\/\/jovempan.com.br\/noticias\/politica\/tarcisio-fala-sobre-dosimetria-e-o-possivel-no-momento.html\" title=\"Tarc\u00edsio fala sobre dosimetria: '\u00c9 o poss\u00edvel no momento'\">Tarc\u00edsio fala sobre dosimetria: &#8216;\u00c9 o poss\u00edvel no momento&#8217;<\/a><\/strong><br \/>\n                                        <\/span>\n                                    <\/div>\n<\/p><\/div>\n<\/p><\/div>\n<\/p><\/div>\n<\/div>\n","protected":false},"excerpt":{"rendered":"<p>Durante a sess\u00e3o em que o Plen\u00e1rio da C\u00e2mara analisou o processo que poderia levar \u00e0 cassa\u00e7\u00e3o do mandato do deputado Glauber Braga (Psol-RJ), o deputado Delegado Paulo Bilynskyj (PL-SP) fez cr\u00edticas contundentes ao Psol e afirmou que sua vontade \u201cera encher de porrada\u201d parlamentares da sigla, que, segundo ele, adotariam condutas provocativas nas discuss\u00f5es. [&hellip;]<\/p>\n","protected":false},"author":117,"featured_media":62667,"comment_status":"closed","ping_status":"closed","sticky":false,"template":"","format":"standard","meta":{"_themeisle_gutenberg_block_has_review":false,"_jetpack_memberships_contains_paid_content":false,"footnotes":""},"categories":[9],"tags":[129],"class_list":{"0":"post-62666","1":"post","2":"type-post","3":"status-publish","4":"format-standard","5":"has-post-thumbnail","7":"category-politica","8":"tag-politica"},"jetpack_featured_media_url":"https:\/\/crajubaremacao.com.br\/wp-content\/uploads\/2025\/12\/img20251210205327324med-750x462-1.jpg","jetpack_sharing_enabled":true,"_links":{"self":[{"href":"https:\/\/crajubaremacao.com.br\/index.php?rest_route=\/wp\/v2\/posts\/62666","targetHints":{"allow":["GET"]}}],"collection":[{"href":"https:\/\/crajubaremacao.com.br\/index.php?rest_route=\/wp\/v2\/posts"}],"about":[{"href":"https:\/\/crajubaremacao.com.br\/index.php?rest_route=\/wp\/v2\/types\/post"}],"author":[{"embeddable":true,"href":"https:\/\/crajubaremacao.com.br\/index.php?rest_route=\/wp\/v2\/users\/117"}],"replies":[{"embeddable":true,"href":"https:\/\/crajubaremacao.com.br\/index.php?rest_route=%2Fwp%2Fv2%2Fcomments&post=62666"}],"version-history":[{"count":0,"href":"https:\/\/crajubaremacao.com.br\/index.php?rest_route=\/wp\/v2\/posts\/62666\/revisions"}],"wp:featuredmedia":[{"embeddable":true,"href":"https:\/\/crajubaremacao.com.br\/index.php?rest_route=\/wp\/v2\/media\/62667"}],"wp:attachment":[{"href":"https:\/\/crajubaremacao.com.br\/index.php?rest_route=%2Fwp%2Fv2%2Fmedia&parent=62666"}],"wp:term":[{"taxonomy":"category","embeddable":true,"href":"https:\/\/crajubaremacao.com.br\/index.php?rest_route=%2Fwp%2Fv2%2Fcategories&post=62666"},{"taxonomy":"post_tag","embeddable":true,"href":"https:\/\/crajubaremacao.com.br\/index.php?rest_route=%2Fwp%2Fv2%2Ftags&post=62666"}],"curies":[{"name":"wp","href":"https:\/\/api.w.org\/{rel}","templated":true}]}}