{"id":62827,"date":"2025-12-16T00:01:06","date_gmt":"2025-12-16T03:01:06","guid":{"rendered":"https:\/\/crajubaremacao.com.br\/?p=62827"},"modified":"2025-12-16T00:01:06","modified_gmt":"2025-12-16T03:01:06","slug":"moraes-determina-pericia-oficial-em-exames-de-bolsonaro-para-analisar-necessidade-de-cirurgia","status":"publish","type":"post","link":"https:\/\/crajubaremacao.com.br\/?p=62827","title":{"rendered":"Moraes determina per\u00edcia oficial em exames de Bolsonaro para analisar necessidade de cirurgia"},"content":{"rendered":"<div>\n<div style=\"margin-bottom: 15px;\"><img decoding=\"async\" class=\"type:primaryImage\" src=\"https:\/\/jpimg.com.br\/uploads\/2025\/11\/imagem-jvp-1-3-750x450.png\"><\/div>\n<p><?xml encoding=\"UTF-8\"><\/p>\n<p>O ministro do <a href=\"https:\/\/jovempan.com.br\/tag\/stf\" target=\"_blank\" rel=\"noopener noreferrer\"><strong>Supremo Tribunal Federal (STF)<\/strong><\/a>, <a href=\"https:\/\/jovempan.com.br\/tag\/alexandre-de-moraes\" target=\"_blank\" rel=\"noopener noreferrer\"><strong>Alexandre de Moraes<\/strong><\/a>, determinou, nesta segunda-feira (15), uma per\u00edcia m\u00e9dica oficial, realizada pela Pol\u00edcia Federal (PF), nos exames do ex-presidente <a href=\"https:\/\/jovempan.com.br\/tag\/jair-bolsonaro\" target=\"_blank\" rel=\"noopener noreferrer\"><strong>Jair Bolsonaro<\/strong><\/a>, para analisar a necessidade de cirurgia.<\/p>\n<p>No domingo (14), o ex-mandat\u00e1rio passou por exames de ultrassom e, segundo a defesa advogado, <strong><a href=\"https:\/\/jovempan.com.br\/noticias\/politica\/bolsonaro-realiza-exames-de-ultrassom-e-resultados-indicam-a-necessidade-de-cirurgia.html\" target=\"_blank\" rel=\"noopener noreferrer\">ficou constatado a necessidade de realizar uma cirurgia.<\/a><\/strong> \u201cOs exames identificaram duas h\u00e9rnias inguinais, e os m\u00e9dicos recomendaram que ele seja submetido a um procedimento cir\u00fargico, a \u00fanica forma de tratamento definitivo para o quadro\u201d, afirmou o advogado em publica\u00e7\u00e3o nas redes sociais.<\/p>\n<div class=\"cta-model cta-model2\" name=\"model2\">\n<div class=\"cta-container-general\">\n<div class=\"cta-container-model2\">\n<div class=\"container-image-text\">\n<div class=\"container-img\">\n                    <img decoding=\"async\" id=\"cta-image\" editable=\"true\" name=\"Imagem:\" src=\"https:\/\/s.jpimg.com.br\/wp-content\/plugins\/CTA-posts-selector\/assets\/images\/640_4anos-JPNews.jpg\" alt=\"cta_logo_jp\">\n                <\/div>\n<div class=\"container-title\">\n                    <span id=\"cta-text\" editable=\"true\" name=\"Conte\u00fado:\">Siga o canal da Jovem Pan News e receba as principais not\u00edcias no seu WhatsApp!<\/span>\n                <\/div>\n<\/p><\/div>\n<div class=\"cta-container-link\">\n<div class=\"cta-container-space\"><\/div>\n<p>                <a id=\"cta-link\" editable=\"true\" name=\"Link%20do%20bot%C3%A3o:\" target=\"_blank\" href=\"https:\/\/www.whatsapp.com\/channel\/0029VaAxUvrGJP8Fz9QZH93S\"><\/p>\n<div class=\"container-button\">\n                        <span id=\"cta-text2\" editable=\"true\" name=\"Texto do bot\u00e3o:\">WhatsApp<\/span>\n                    <\/div>\n<div class=\"container-icon\">\n                        <i id=\"cta-icon\" name=\"\u00cdcone do bot\u00e3o:\" editable=\"true\" class=\"fa-brands fa-whatsapp\"><\/i>\n                    <\/div>\n<p>                <\/a>\n            <\/div>\n<\/div>\n<\/div>\n<\/div>\n<p><strong><a href=\"https:\/\/jovempan.com.br\/noticias\/politica\/defesa-de-bolsonaro-pede-liberacao-para-cirurgia-urgente.html\" target=\"_blank\" rel=\"noopener noreferrer\">Neste segunda, a defesa pediu a libera\u00e7\u00e3o para cirurgia urgente.<\/a><\/strong> \u201cEvolu\u00e7\u00e3o objetiva e comprovada do quadro cl\u00ednico, agora amparada por exame de imagem recentemente realizado e por novo relat\u00f3rio m\u00e9dico conclusivo, que imp\u00f5em atua\u00e7\u00e3o imediata\u201d, diz a defesa.<\/p>\n<p>O pedido de novos exames de Bolsonaro foram solicitado nas quinta-feira (11) pela defesa. Na sexta, <strong><a href=\"https:\/\/jovempan.com.br\/noticias\/politica\/moraes-autoriza-exame-de-ultrassom-em-bolsonaro-a-pedido-da-defesa-do-ex-mandatario.html\" target=\"_blank\" rel=\"noopener noreferrer\">Moraes autorizou a realiza\u00e7\u00e3o do procedimento<\/a><\/strong>. Bolsonaro est\u00e1 detido h\u00e1 quase um m\u00eas em regime fechado, em uma cela especial nas depend\u00eancias da Pol\u00edcia Federal no Distrito Federal. Ele foi condenado h\u00e1 27 anos de pris\u00e3o.<\/p>\n<div class=\"list-related-posts\">\n<h3>Leia tamb\u00e9m<\/h3>\n<div class=\"related-posts-container\">\n<div class=\"related-post-item-container\">\n<div class=\"related-post\">\n<div class=\"img-related-box\">\n                                            <strong><a href=\"https:\/\/jovempan.com.br\/noticias\/politica\/flavio-bolsonaro-aciona-tcu-contra-filho-de-lula-apos-acusacoes-de-fraude-no-inss.html\" title=\"Fl\u00e1vio Bolsonaro aciona TCU contra filho de Lula ap\u00f3s acusa\u00e7\u00f5es de fraude no INSS\"><img decoding=\"async\" src=\"https:\/\/jpimg.com.br\/uploads\/2017\/04\/3828962842-fabio-luis-lula-da-silva-filho-do-ex-presidente-assiste-palestra-do-pai-luiz-inacio-em-2008.jpg\"><\/a><\/strong>\n                                        <\/div>\n<p>                                        <span class=\"box-the-title\"><br \/>\n                                            <strong><a href=\"https:\/\/jovempan.com.br\/noticias\/politica\/flavio-bolsonaro-aciona-tcu-contra-filho-de-lula-apos-acusacoes-de-fraude-no-inss.html\" title=\"Fl\u00e1vio Bolsonaro aciona TCU contra filho de Lula ap\u00f3s acusa\u00e7\u00f5es de fraude no INSS\">Fl\u00e1vio Bolsonaro aciona TCU contra filho de Lula ap\u00f3s acusa\u00e7\u00f5es de fraude no INSS<\/a><\/strong><br \/>\n                                        <\/span>\n                                    <\/div>\n<div class=\"related-post\">\n<div class=\"img-related-box\">\n                                            <strong><a href=\"https:\/\/jovempan.com.br\/noticias\/politica\/defesa-de-bolsonaro-pede-liberacao-para-cirurgia-urgente.html\" title=\"Defesa de Bolsonaro pede libera\u00e7\u00e3o para cirurgia urgente\"><img decoding=\"async\" src=\"https:\/\/jpimg.com.br\/uploads\/2025\/11\/imagem-jvp-15-2.png\"><\/a><\/strong>\n                                        <\/div>\n<p>                                        <span class=\"box-the-title\"><br \/>\n                                            <strong><a href=\"https:\/\/jovempan.com.br\/noticias\/politica\/defesa-de-bolsonaro-pede-liberacao-para-cirurgia-urgente.html\" title=\"Defesa de Bolsonaro pede libera\u00e7\u00e3o para cirurgia urgente\">Defesa de Bolsonaro pede libera\u00e7\u00e3o para cirurgia urgente<\/a><\/strong><br \/>\n                                        <\/span>\n                                    <\/div>\n<\/p><\/div>\n<\/p><\/div>\n<\/p><\/div>\n<\/div>\n","protected":false},"excerpt":{"rendered":"<p>O ministro do Supremo Tribunal Federal (STF), Alexandre de Moraes, determinou, nesta segunda-feira (15), uma per\u00edcia m\u00e9dica oficial, realizada pela Pol\u00edcia Federal (PF), nos exames do ex-presidente Jair Bolsonaro, para analisar a necessidade de cirurgia. No domingo (14), o ex-mandat\u00e1rio passou por exames de ultrassom e, segundo a defesa advogado, ficou constatado a necessidade de [&hellip;]<\/p>\n","protected":false},"author":117,"featured_media":62828,"comment_status":"closed","ping_status":"closed","sticky":false,"template":"","format":"standard","meta":{"_themeisle_gutenberg_block_has_review":false,"_jetpack_memberships_contains_paid_content":false,"footnotes":""},"categories":[9],"tags":[129],"class_list":{"0":"post-62827","1":"post","2":"type-post","3":"status-publish","4":"format-standard","5":"has-post-thumbnail","7":"category-politica","8":"tag-politica"},"jetpack_featured_media_url":"https:\/\/crajubaremacao.com.br\/wp-content\/uploads\/2025\/12\/imagem-jvp-1-3-750x450-2.png","jetpack_sharing_enabled":true,"_links":{"self":[{"href":"https:\/\/crajubaremacao.com.br\/index.php?rest_route=\/wp\/v2\/posts\/62827","targetHints":{"allow":["GET"]}}],"collection":[{"href":"https:\/\/crajubaremacao.com.br\/index.php?rest_route=\/wp\/v2\/posts"}],"about":[{"href":"https:\/\/crajubaremacao.com.br\/index.php?rest_route=\/wp\/v2\/types\/post"}],"author":[{"embeddable":true,"href":"https:\/\/crajubaremacao.com.br\/index.php?rest_route=\/wp\/v2\/users\/117"}],"replies":[{"embeddable":true,"href":"https:\/\/crajubaremacao.com.br\/index.php?rest_route=%2Fwp%2Fv2%2Fcomments&post=62827"}],"version-history":[{"count":0,"href":"https:\/\/crajubaremacao.com.br\/index.php?rest_route=\/wp\/v2\/posts\/62827\/revisions"}],"wp:featuredmedia":[{"embeddable":true,"href":"https:\/\/crajubaremacao.com.br\/index.php?rest_route=\/wp\/v2\/media\/62828"}],"wp:attachment":[{"href":"https:\/\/crajubaremacao.com.br\/index.php?rest_route=%2Fwp%2Fv2%2Fmedia&parent=62827"}],"wp:term":[{"taxonomy":"category","embeddable":true,"href":"https:\/\/crajubaremacao.com.br\/index.php?rest_route=%2Fwp%2Fv2%2Fcategories&post=62827"},{"taxonomy":"post_tag","embeddable":true,"href":"https:\/\/crajubaremacao.com.br\/index.php?rest_route=%2Fwp%2Fv2%2Ftags&post=62827"}],"curies":[{"name":"wp","href":"https:\/\/api.w.org\/{rel}","templated":true}]}}