{"id":62832,"date":"2025-12-16T03:01:13","date_gmt":"2025-12-16T06:01:13","guid":{"rendered":"https:\/\/crajubaremacao.com.br\/?p=62832"},"modified":"2025-12-16T03:01:13","modified_gmt":"2025-12-16T06:01:13","slug":"video-homem-ataca-outro-com-faca-e-acaba-esfaqueado-em-caninde-no-ceara","status":"publish","type":"post","link":"https:\/\/crajubaremacao.com.br\/?p=62832","title":{"rendered":"V\u00eddeo: Homem ataca outro com faca e acaba esfaqueado em Canind\u00e9, no Cear\u00e1"},"content":{"rendered":"<div><img decoding=\"async\" src=\"https:\/\/s2-g1.glbimg.com\/on8BuJu0X2yU1anWLjsYOJEqXqY=\/i.s3.glbimg.com\/v1\/AUTH_59edd422c0c84a879bd37670ae4f538a\/internal_photos\/bs\/2025\/R\/j\/nnjBiNRKa1EVA6vbBmSw\/ataque-faca-caninde.jpg\"><br \/>     Homem ataca outro com faca e acaba esfaqueado em Canind\u00e9, no Cear\u00e1.<br \/>\nUm tentativa de homic\u00eddio terminou com o agressor esfaqueado na manh\u00e3 do \u00faltimo domingo (14) em Canind\u00e9, no sert\u00e3o cearense. O homem tentou atacar outro com uma faca, os dois acabaram trocando golpes e o que iniciou a briga acabou com uma perfura\u00e7\u00e3o no peito.<br \/>\nO caso aconteceu por volta de 5 horas da manh\u00e3 no bairro Bela Vista. A a\u00e7\u00e3o foi toda filmada por c\u00e2meras de seguran\u00e7a. Um grupo de pessoas estava em uma cal\u00e7ada quando dois homens chegam em uma motocicleta.<br \/>\n\u2705 Clique aqui para seguir o canal do g1 Cear\u00e1 no WhatsApp<br \/>\nO piloto, que estava com uma camisa branca, desce do ve\u00edculo com uma faca e parte para cima de um homem que foge correndo. O piloto, ent\u00e3o, ataca um segundo homem que estava sentado, com camisa amarela. Este, por sua vez, tamb\u00e9m saca uma faca e os dois come\u00e7am a trocar golpes.<br \/>\nDurante a troca de facadas, o piloto da moto, que iniciou a agress\u00e3o, acaba sendo perfurado pr\u00f3ximo ao peito. Pelas imagens, o outro homem, de amarelo, parece deixar o local.<br \/>\nHomem ataca outro com faca e acaba esfaqueado em Canind\u00e9<br \/>\nReprodu\u00e7\u00e3o<br \/>\nPor meio de nota, a Secretaria da Seguran\u00e7a P\u00fablica (SSPDS) informou que duas pessoas ficaram lesionadas a faca durante a ocorr\u00eancia, mas n\u00e3o explicou quem foi o outro ferido. Os dois foram socorridos para unidades hospitalares.<br \/>\nO ataque a facadas no domingo foi o segundo do tipo em Canind\u00e9 no fim de semana. No s\u00e1bado (13), um homem tentou matar outro com um fac\u00e3o no bairro Centro, mas foi impedido por um sargento da Pol\u00edcia Militar que passava pelo local no momento.<br \/>\nOs dois casos ser\u00e3o investigados pela Pol\u00edcia Civil por meio da Delegacia de Canind\u00e9.<br \/>\nAssista aos v\u00eddeos mais vistos do Cear\u00e1<br \/>\n.<\/div>\n","protected":false},"excerpt":{"rendered":"<p>Homem ataca outro com faca e acaba esfaqueado em Canind\u00e9, no Cear\u00e1. Um tentativa de homic\u00eddio terminou com o agressor esfaqueado na manh\u00e3 do \u00faltimo domingo (14) em Canind\u00e9, no sert\u00e3o cearense. O homem tentou atacar outro com uma faca, os dois acabaram trocando golpes e o que iniciou a briga acabou com uma perfura\u00e7\u00e3o [&hellip;]<\/p>\n","protected":false},"author":264,"featured_media":62833,"comment_status":"closed","ping_status":"closed","sticky":false,"template":"","format":"standard","meta":{"_themeisle_gutenberg_block_has_review":false,"_jetpack_memberships_contains_paid_content":false,"footnotes":""},"categories":[4],"tags":[127,130],"class_list":{"0":"post-62832","1":"post","2":"type-post","3":"status-publish","4":"format-standard","5":"has-post-thumbnail","7":"category-regiao","8":"tag-cariri","9":"tag-ceara"},"jetpack_featured_media_url":"https:\/\/crajubaremacao.com.br\/wp-content\/uploads\/2025\/12\/ataque-faca-caninde.jpg","jetpack_sharing_enabled":true,"_links":{"self":[{"href":"https:\/\/crajubaremacao.com.br\/index.php?rest_route=\/wp\/v2\/posts\/62832","targetHints":{"allow":["GET"]}}],"collection":[{"href":"https:\/\/crajubaremacao.com.br\/index.php?rest_route=\/wp\/v2\/posts"}],"about":[{"href":"https:\/\/crajubaremacao.com.br\/index.php?rest_route=\/wp\/v2\/types\/post"}],"author":[{"embeddable":true,"href":"https:\/\/crajubaremacao.com.br\/index.php?rest_route=\/wp\/v2\/users\/264"}],"replies":[{"embeddable":true,"href":"https:\/\/crajubaremacao.com.br\/index.php?rest_route=%2Fwp%2Fv2%2Fcomments&post=62832"}],"version-history":[{"count":0,"href":"https:\/\/crajubaremacao.com.br\/index.php?rest_route=\/wp\/v2\/posts\/62832\/revisions"}],"wp:featuredmedia":[{"embeddable":true,"href":"https:\/\/crajubaremacao.com.br\/index.php?rest_route=\/wp\/v2\/media\/62833"}],"wp:attachment":[{"href":"https:\/\/crajubaremacao.com.br\/index.php?rest_route=%2Fwp%2Fv2%2Fmedia&parent=62832"}],"wp:term":[{"taxonomy":"category","embeddable":true,"href":"https:\/\/crajubaremacao.com.br\/index.php?rest_route=%2Fwp%2Fv2%2Fcategories&post=62832"},{"taxonomy":"post_tag","embeddable":true,"href":"https:\/\/crajubaremacao.com.br\/index.php?rest_route=%2Fwp%2Fv2%2Ftags&post=62832"}],"curies":[{"name":"wp","href":"https:\/\/api.w.org\/{rel}","templated":true}]}}