{"id":62853,"date":"2025-12-16T12:01:16","date_gmt":"2025-12-16T15:01:16","guid":{"rendered":"https:\/\/crajubaremacao.com.br\/?p=62853"},"modified":"2025-12-16T12:01:16","modified_gmt":"2025-12-16T15:01:16","slug":"angelina-jolie-exibe-cicatrizes-de-mastectomia-preventiva-em-capa-da-time-francesa-entenda-cirurgia","status":"publish","type":"post","link":"https:\/\/crajubaremacao.com.br\/?p=62853","title":{"rendered":"Angelina Jolie exibe cicatrizes de mastectomia preventiva em capa da Time francesa; entenda cirurgia"},"content":{"rendered":"<div><img decoding=\"async\" src=\"https:\/\/s2-g1.glbimg.com\/2BKRvvpbiwAERCgdHx7Z-aaqya0=\/i.s3.glbimg.com\/v1\/AUTH_59edd422c0c84a879bd37670ae4f538a\/internal_photos\/bs\/2025\/L\/T\/4Xk6XfST65eBop8Q5PMQ\/angelina-jolie-fait-la-couverture-du-premier-numero-de-time-france.heroine-du-film-coutures-d.jpg\"><br \/>     Angelina Jolie aparece em p\u00fablico pela primeira vez ap\u00f3s mastectomia preventiva<br \/>\nA atriz americana Angelina Jolie aparece na capa do primeiro n\u00famero da Time France, edi\u00e7\u00e3o francesa da revista centen\u00e1ria lan\u00e7ada nesta semana, exibindo as cicatrizes de uma dupla mastectomia preventiva realizada h\u00e1 mais de uma d\u00e9cada.<br \/>\n\u201cDivido estas cicatrizes com muitas mulheres que amo. E sempre me emociono quando vejo outras mulheres compartilharem as suas\u201d, afirma a atriz na edi\u00e7\u00e3o inaugural da revista, que chega \u00e0s bancas francesas na pr\u00f3xima quinta-feira (18).<br \/>\nAs imagens foram feitas pelo fot\u00f3grafo Nathaniel Goldberg e marcam um dos principais destaques da estreia da Time na Fran\u00e7a \u2014 a primeira licen\u00e7a internacional da publica\u00e7\u00e3o, adquirida pelo grupo 360BusinessMedia.<br \/>\nAngelina Jolie foi submetida \u00e0 mastectomia em 2013<br \/>\nReprodu\u00e7\u00e3o\/Instagram<br \/>\nAngelina Jolie revelou publicamente em 2013 que havia se submetido \u00e0 retirada preventiva das mamas ap\u00f3s descobrir ser portadora da muta\u00e7\u00e3o do gene BRCA1, que eleva significativamente o risco de c\u00e2ncer de mama e de ov\u00e1rio. Dois anos depois, em 2015, ela tamb\u00e9m retirou os ov\u00e1rios como medida preventiva.<br \/>\nNa entrevista, a atriz afirma que decidiu tornar sua experi\u00eancia p\u00fablica para incentivar decis\u00f5es informadas e ampliar o debate sobre acesso \u00e0 preven\u00e7\u00e3o.<br \/>\n\u201cO acesso aos exames de rastreio e ao atendimento m\u00e9dico n\u00e3o deveria depender dos recursos financeiros nem do local de resid\u00eancia\u201d, disse.<br \/>\nO que \u00e9 a mastectomia preventiva e quando ela \u00e9 indicada<br \/>\nA mastectomia preventiva \u00e9 a retirada cir\u00fargica das mamas com o objetivo de reduzir chances de desenvolvimento do c\u00e2ncer de mama em mulheres com risco gen\u00e9tico muito elevado para a doen\u00e7a. Trata-se de uma medida considerada extrema e indicada apenas para casos espec\u00edficos, ap\u00f3s avalia\u00e7\u00e3o m\u00e9dica especializada.<br \/>\nO principal grupo que pode se beneficiar desse tipo de cirurgia \u00e9 formado por mulheres portadoras das muta\u00e7\u00f5es gen\u00e9ticas BRCA1 e BRCA2, altera\u00e7\u00f5es heredit\u00e1rias que aumentam significativamente a probabilidade de c\u00e2ncer ao longo da vida.<br \/>\nSegundo estudos, mulheres com muta\u00e7\u00e3o no gene BRCA1 t\u00eam at\u00e9 70% de risco de desenvolver c\u00e2ncer de mama at\u00e9 os 70 anos. No caso do BRCA2, o risco gira em torno de 50%. Na popula\u00e7\u00e3o geral, sem essas muta\u00e7\u00f5es, o risco \u00e9 de cerca de 10% ao longo da vida.<br \/>\nEssas muta\u00e7\u00f5es tamb\u00e9m elevam o risco de c\u00e2ncer de ov\u00e1rio, que pode chegar a 40% entre portadoras do BRCA1 e a at\u00e9 20% entre aquelas com BRCA2.<br \/>\nAngelina Jolie \u00e9 capa da Time<br \/>\nReprodu\u00e7\u00e3o\/Instagram<br \/>\nRedu\u00e7\u00e3o importante do risco, mas n\u00e3o total<br \/>\nA dupla mastectomia reduz o risco de c\u00e2ncer de mama em mais de 90%, segundo dados de centros de refer\u00eancia internacionais, mas n\u00e3o elimina completamente a possibilidade da doen\u00e7a. Isso acontece porque pequenas quantidades de tecido mam\u00e1rio podem permanecer ap\u00f3s a cirurgia.<br \/>\nPor se tratar de uma cirurgia de grande porte, a decis\u00e3o exige acompanhamento multidisciplinar, com avalia\u00e7\u00e3o gen\u00e9tica, oncol\u00f3gica, psicol\u00f3gica e cir\u00fargica. Entre os riscos est\u00e3o complica\u00e7\u00f5es cir\u00fargicas, infec\u00e7\u00f5es, dor cr\u00f4nica e impacto emocional.<br \/>\nAlternativas \u00e0 cirurgia<br \/>\nPara mulheres com alto risco gen\u00e9tico que optam por n\u00e3o realizar a cirurgia preventiva, os m\u00e9dicos indicam vigil\u00e2ncia intensiva, com exames mais frequentes e iniciados em idade precoce, como resson\u00e2ncia magn\u00e9tica das mamas, mamografia e acompanhamento cl\u00ednico regular.<br \/>\nA testagem gen\u00e9tica para muta\u00e7\u00f5es nos genes BRCA \u00e9 indicada principalmente para mulheres com hist\u00f3rico pessoal ou familiar de c\u00e2ncer de mama ou ov\u00e1rio. O teste, no entanto, ainda tem custo elevado em muitos pa\u00edses e n\u00e3o est\u00e1 amplamente dispon\u00edvel no sistema p\u00fablico de sa\u00fade.<\/div>\n","protected":false},"excerpt":{"rendered":"<p>Angelina Jolie aparece em p\u00fablico pela primeira vez ap\u00f3s mastectomia preventiva A atriz americana Angelina Jolie aparece na capa do primeiro n\u00famero da Time France, edi\u00e7\u00e3o francesa da revista centen\u00e1ria lan\u00e7ada nesta semana, exibindo as cicatrizes de uma dupla mastectomia preventiva realizada h\u00e1 mais de uma d\u00e9cada. \u201cDivido estas cicatrizes com muitas mulheres que amo. [&hellip;]<\/p>\n","protected":false},"author":261,"featured_media":62854,"comment_status":"closed","ping_status":"closed","sticky":false,"template":"","format":"standard","meta":{"_themeisle_gutenberg_block_has_review":false,"_jetpack_memberships_contains_paid_content":false,"footnotes":""},"categories":[10],"tags":[156],"class_list":{"0":"post-62853","1":"post","2":"type-post","3":"status-publish","4":"format-standard","5":"has-post-thumbnail","7":"category-saude","8":"tag-saude"},"jetpack_featured_media_url":"https:\/\/crajubaremacao.com.br\/wp-content\/uploads\/2025\/12\/angelina-jolie-fait-la-couverture-du-premier-numero-de-time-franceheroine-du-film-coutures-d.jpg","jetpack_sharing_enabled":true,"_links":{"self":[{"href":"https:\/\/crajubaremacao.com.br\/index.php?rest_route=\/wp\/v2\/posts\/62853","targetHints":{"allow":["GET"]}}],"collection":[{"href":"https:\/\/crajubaremacao.com.br\/index.php?rest_route=\/wp\/v2\/posts"}],"about":[{"href":"https:\/\/crajubaremacao.com.br\/index.php?rest_route=\/wp\/v2\/types\/post"}],"author":[{"embeddable":true,"href":"https:\/\/crajubaremacao.com.br\/index.php?rest_route=\/wp\/v2\/users\/261"}],"replies":[{"embeddable":true,"href":"https:\/\/crajubaremacao.com.br\/index.php?rest_route=%2Fwp%2Fv2%2Fcomments&post=62853"}],"version-history":[{"count":0,"href":"https:\/\/crajubaremacao.com.br\/index.php?rest_route=\/wp\/v2\/posts\/62853\/revisions"}],"wp:featuredmedia":[{"embeddable":true,"href":"https:\/\/crajubaremacao.com.br\/index.php?rest_route=\/wp\/v2\/media\/62854"}],"wp:attachment":[{"href":"https:\/\/crajubaremacao.com.br\/index.php?rest_route=%2Fwp%2Fv2%2Fmedia&parent=62853"}],"wp:term":[{"taxonomy":"category","embeddable":true,"href":"https:\/\/crajubaremacao.com.br\/index.php?rest_route=%2Fwp%2Fv2%2Fcategories&post=62853"},{"taxonomy":"post_tag","embeddable":true,"href":"https:\/\/crajubaremacao.com.br\/index.php?rest_route=%2Fwp%2Fv2%2Ftags&post=62853"}],"curies":[{"name":"wp","href":"https:\/\/api.w.org\/{rel}","templated":true}]}}