{"id":62855,"date":"2025-12-16T15:02:16","date_gmt":"2025-12-16T18:02:16","guid":{"rendered":"https:\/\/crajubaremacao.com.br\/?p=62855"},"modified":"2025-12-16T15:02:16","modified_gmt":"2025-12-16T18:02:16","slug":"psg-e-condenado-a-pagar-r-390-milhoes-a-mbappe-por-salarios-atrasados","status":"publish","type":"post","link":"https:\/\/crajubaremacao.com.br\/?p=62855","title":{"rendered":"PSG \u00e9 condenado a pagar R$ 390 milh\u00f5es a Mbapp\u00e9 por sal\u00e1rios atrasados"},"content":{"rendered":"<div>\n<div style=\"margin-bottom: 15px;\"><img decoding=\"async\" class=\"type:primaryImage\" src=\"https:\/\/jpimg.com.br\/uploads\/2024\/01\/mbappe-750x450.jpg\"><\/div>\n<p><?xml encoding=\"UTF-8\"><\/p>\n<p>Um tribunal trabalhista de Paris decidiu, nesta ter\u00e7a-feira, que o Paris Saint-Germain deve pagar a Kylian Mbapp\u00e9 mais de 60 milh\u00f5es de euros (algo em torno de R$ 390 milh\u00f5es) em uma disputa sobre sal\u00e1rios e b\u00f4nus devidos ao jogador ao t\u00e9rmino de seu contrato, antes de sua transfer\u00eancia para o Real Madrid em 2024. A decis\u00e3o da Justi\u00e7a do Trabalho aconteceu de forma un\u00e2nime.<\/p>\n<p>Os advogados apresentaram seus argumentos no m\u00eas passado perante o Conselho de Direitos Humanos de Paris em uma saga jur\u00eddica envolvendo somas colossais. O tribunal deu veredicto favor\u00e1vel ao jogador, em meio a acusa\u00e7\u00f5es de trai\u00e7\u00e3o e ass\u00e9dio relacionadas ao rompimento de seu v\u00ednculo com o PSG.<\/p>\n<p>O corpo jur\u00eddico do atleta alegou que o PSG lhe devia mais de 260 milh\u00f5es de euros (pouco mais de R$ 1,6 bilh\u00e3o). J\u00e1 o clube franc\u00eas reivindicava 440 milh\u00f5es de euros (perto de R$ 2,8 bilh\u00f5es), alegando danos e \u201cperda de oportunidade\u201d ap\u00f3s sua sa\u00edda sem custos de transfer\u00eancia.<\/p>\n<p>Os representantes do atacante disseram que a decis\u00e3o \u201cconfirma que os compromissos devem ser honrados. Ela reafirma uma verdade simples: mesmo na ind\u00fastria do futebol profissional, a legisla\u00e7\u00e3o trabalhista se aplica a todos\u201d.<\/p>\n<p>A rela\u00e7\u00e3o entre clube e jogador se deteriorou quando Mbapp\u00e9 decidiu, em 2023, n\u00e3o renovar seu contrato, que expiraria no ver\u00e3o de 2024.<\/p>\n<p>Isso privou a agremia\u00e7\u00e3o de Paris de uma quantia substancial em uma transfer\u00eancia, apesar de ter oferecido a ele o contrato mais lucrativo da hist\u00f3ria quando assinou um novo acordo em 2022.<\/p>\n<p>Diante deste cen\u00e1rio, o atacante foi exclu\u00eddo da pr\u00e9-temporada e obrigado a treinar com o time reserva. Ele perdeu a partida de estreia do campeonato, mas retornou ao time titular para uma \u00faltima temporada ap\u00f3s conversas com o clube \u2013 conversas que s\u00e3o centrais para a disputa.<\/p>\n<p>O clube acusou Mbapp\u00e9 de descumprir um acerto firmado em agosto de 2023, que supostamente previa uma redu\u00e7\u00e3o salarial caso ele sa\u00edsse de gra\u00e7a \u2013 um acordo que o PSG afirmou ter como objetivo proteger sua estabilidade financeira.<\/p>\n<p>O PSG alegou ainda que o artilheiro ocultou sua decis\u00e3o de n\u00e3o renovar o contrato por quase 11 meses, impedindo o clube de vend\u00ea-lo e causando preju\u00edzos financeiros significativos.<\/p>\n<p>J\u00e1 os advogados de Mbapp\u00e9 insistiram que o PSG nunca apresentou provas de que o atacante concordou em abrir m\u00e3o de quaisquer pagamentos e alegaram que a agremia\u00e7\u00e3o deixou de pagar sal\u00e1rios e b\u00f4nus referentes a abril, maio e junho de 2024.<\/p>\n<p>Mbapp\u00e9 se transferiu para o Real Madrid no ver\u00e3o de 2024 sem custos, ap\u00f3s estabelecer um recorde com seus 256 gols marcados em sete anos com a camisa da equipe parisiense.<\/p>\n<p>*Estad\u00e3o Conte\u00fado<\/p>\n<\/div>\n","protected":false},"excerpt":{"rendered":"<p>Um tribunal trabalhista de Paris decidiu, nesta ter\u00e7a-feira, que o Paris Saint-Germain deve pagar a Kylian Mbapp\u00e9 mais de 60 milh\u00f5es de euros (algo em torno de R$ 390 milh\u00f5es) em uma disputa sobre sal\u00e1rios e b\u00f4nus devidos ao jogador ao t\u00e9rmino de seu contrato, antes de sua transfer\u00eancia para o Real Madrid em 2024. [&hellip;]<\/p>\n","protected":false},"author":260,"featured_media":62856,"comment_status":"closed","ping_status":"closed","sticky":false,"template":"","format":"standard","meta":{"_themeisle_gutenberg_block_has_review":false,"_jetpack_memberships_contains_paid_content":false,"footnotes":""},"categories":[12],"tags":[153],"class_list":{"0":"post-62855","1":"post","2":"type-post","3":"status-publish","4":"format-standard","5":"has-post-thumbnail","7":"category-esportes","8":"tag-esportes"},"jetpack_featured_media_url":"https:\/\/crajubaremacao.com.br\/wp-content\/uploads\/2025\/12\/mbappe-750x450-1.jpg","jetpack_sharing_enabled":true,"_links":{"self":[{"href":"https:\/\/crajubaremacao.com.br\/index.php?rest_route=\/wp\/v2\/posts\/62855","targetHints":{"allow":["GET"]}}],"collection":[{"href":"https:\/\/crajubaremacao.com.br\/index.php?rest_route=\/wp\/v2\/posts"}],"about":[{"href":"https:\/\/crajubaremacao.com.br\/index.php?rest_route=\/wp\/v2\/types\/post"}],"author":[{"embeddable":true,"href":"https:\/\/crajubaremacao.com.br\/index.php?rest_route=\/wp\/v2\/users\/260"}],"replies":[{"embeddable":true,"href":"https:\/\/crajubaremacao.com.br\/index.php?rest_route=%2Fwp%2Fv2%2Fcomments&post=62855"}],"version-history":[{"count":0,"href":"https:\/\/crajubaremacao.com.br\/index.php?rest_route=\/wp\/v2\/posts\/62855\/revisions"}],"wp:featuredmedia":[{"embeddable":true,"href":"https:\/\/crajubaremacao.com.br\/index.php?rest_route=\/wp\/v2\/media\/62856"}],"wp:attachment":[{"href":"https:\/\/crajubaremacao.com.br\/index.php?rest_route=%2Fwp%2Fv2%2Fmedia&parent=62855"}],"wp:term":[{"taxonomy":"category","embeddable":true,"href":"https:\/\/crajubaremacao.com.br\/index.php?rest_route=%2Fwp%2Fv2%2Fcategories&post=62855"},{"taxonomy":"post_tag","embeddable":true,"href":"https:\/\/crajubaremacao.com.br\/index.php?rest_route=%2Fwp%2Fv2%2Ftags&post=62855"}],"curies":[{"name":"wp","href":"https:\/\/api.w.org\/{rel}","templated":true}]}}