{"id":62858,"date":"2025-12-16T18:02:58","date_gmt":"2025-12-16T21:02:58","guid":{"rendered":"https:\/\/crajubaremacao.com.br\/?p=62858"},"modified":"2025-12-16T18:02:58","modified_gmt":"2025-12-16T21:02:58","slug":"federacao-assespro-sp-inaugura-nova-era-de-lideranca-com-neo-governanca-sob-conducao-de-waldemar-lobo","status":"publish","type":"post","link":"https:\/\/crajubaremacao.com.br\/?p=62858","title":{"rendered":"Federa\u00e7\u00e3o Assespro-SP inaugura nova era de lideran\u00e7a com Neo Governan\u00e7a sob condu\u00e7\u00e3o de Waldemar Lobo"},"content":{"rendered":"<div>\n<div style=\"margin-bottom: 15px;\"><img decoding=\"async\" class=\"type:primaryImage\" src=\"https:\/\/crajubaremacao.com.br\/wp-content\/uploads\/2025\/12\/whatsapp-image-2025-12-12-at-183557-333x500-1.jpeg\"><\/div>\n<p><?xml encoding=\"UTF-8\"><\/p>\n<p>Sob a lideran\u00e7a vision\u00e1ria de Waldemar Lobo, presidente da Federa\u00e7\u00e3o Assespro-SP, a entidade entra em uma nova era, implementando um modelo de governan\u00e7a inovador que visa posicionar a Federa\u00e7\u00e3o como protagonista do setor de tecnologia. A cria\u00e7\u00e3o do Conselho Consultivo e a ado\u00e7\u00e3o do modelo NeoGovernan\u00e7a s\u00e3o marcos hist\u00f3ricos dessa transforma\u00e7\u00e3o, refletindo o compromisso da atual gest\u00e3o com o fortalecimento institucional e a adapta\u00e7\u00e3o \u00e0s r\u00e1pidas mudan\u00e7as do setor.<br \/>\nA iniciativa surge em um cen\u00e1rio em que o setor de tecnologia exige flexibilidade, inova\u00e7\u00e3o e estrat\u00e9gias cada vez mais conectadas \u00e0s tend\u00eancias globais. A decis\u00e3o de implementar a NeoGovernan\u00e7a n\u00e3o \u00e9 apenas uma mudan\u00e7a administrativa, mas um movimento estrutural liderado por Waldemar Lobo para garantir que a Federa\u00e7\u00e3o Assespro-SP se mantenha \u00e0 frente das incertezas do mercado e das disrup\u00e7\u00f5es tecnol\u00f3gicas.<\/p>\n<h3><strong>A implementa\u00e7\u00e3o da NeoGovernan\u00e7a como pilar estrat\u00e9gico<\/strong><\/h3>\n<p>A NeoGovernan\u00e7a, modelo adotado pela gest\u00e3o de Waldemar Lobo, vai al\u00e9m da simples gest\u00e3o e controle. Ela \u00e9 uma filosofia din\u00e2mica que visa antecipar, conectar e transformar. A proposta se baseia em tr\u00eas pilares fundamentais:<br \/>\nProgresso Econ\u00f4mico: Foco em competitividade, inova\u00e7\u00e3o e oportunidades reais para o setor.<\/p>\n<p>Conex\u00e3o Humana: A tecnologia como um meio de melhorar a vida das pessoas e fortalecer la\u00e7os.<\/p>\n<p>Harmonia com a Natureza: Tomada de decis\u00f5es ecol\u00f3gicas, sustent\u00e1veis e conscientes.<\/p>\n<p>Esses pilares n\u00e3o apenas direcionam a nova vis\u00e3o da Federa\u00e7\u00e3o Assespro-SP, mas tamb\u00e9m refor\u00e7am seu papel de lideran\u00e7a no desenvolvimento e no fortalecimento de pol\u00edticas p\u00fablicas que impactam o futuro da tecnologia no Brasil.<\/p>\n<h3><strong>O papel fundamental do Conselho Consultivo<\/strong><\/h3>\n<p>A cria\u00e7\u00e3o do Conselho Consultivo foi uma das principais iniciativas da gest\u00e3o de Waldemar Lobo, que viu a necessidade de ter uma estrutura mais conectada, estrat\u00e9gica e colaborativa para o momento atual do setor. O Conselho Consultivo n\u00e3o \u00e9 apenas um f\u00f3rum de discuss\u00e3o, mas um motor que potencializa a tomada de decis\u00f5es e fortalece a atua\u00e7\u00e3o da Federa\u00e7\u00e3o.<\/p>\n<p>Segundo o pr\u00f3prio Waldemar Lobo, \u201ccada conselheiro faz parte de uma nova constru\u00e7\u00e3o que ficar\u00e1 registrada na hist\u00f3ria da nossa entidade\u201d, evidenciando a import\u00e2ncia da colabora\u00e7\u00e3o e do pensamento estrat\u00e9gico no novo modelo de governan\u00e7a.<br \/>\nPara Marco \u201cMac\u201d Carvalho, presidente do Conselho Consultivo, a implementa\u00e7\u00e3o dessa nova governan\u00e7a pode gerar resultados concretos:<br \/>\n\u201cNossa ambi\u00e7\u00e3o \u00e9 transformar cada R$ 1 milh\u00e3o de faturamento da Assespro-SP em R$ 100 milh\u00f5es em neg\u00f3cios para as empresas associadas. \u00c9 uma mudan\u00e7a de mentalidade e de impacto real para todos os envolvidos no ecossistema tecnol\u00f3gico.\u201d<\/p>\n<p>Uma gest\u00e3o com foco no futuro<\/p>\n<p>A atual gest\u00e3o, sob o comando de Waldemar Lobo, est\u00e1 colocando a Federa\u00e7\u00e3o Assespro-SP em um caminho de amadurecimento institucional e relev\u00e2ncia no cen\u00e1rio nacional. A NeoGovernan\u00e7a n\u00e3o \u00e9 apenas uma abordagem de gest\u00e3o, mas uma forma de adapta\u00e7\u00e3o e evolu\u00e7\u00e3o do setor, com foco no futuro e no legado que se est\u00e1 construindo.<\/p>\n<p>Renato de Faria e Almeida Prado, vice-presidente do Conselho Consultivo, refor\u00e7a a vis\u00e3o de transforma\u00e7\u00e3o:<\/p>\n<p>\u201cA NeoGovernan\u00e7a \u00e9 um imperativo de relev\u00e2ncia. Ela une a inova\u00e7\u00e3o tecnol\u00f3gica com a sabedoria humana, garantindo que cada passo da Federa\u00e7\u00e3o Assespro-SP seja firme em dire\u00e7\u00e3o a um futuro sustent\u00e1vel e abundante.\u201d<br \/>\nO futuro da Federa\u00e7\u00e3o Assespro-SP est\u00e1 sendo constru\u00eddo agora<br \/>\nA gest\u00e3o de Waldemar Lobo est\u00e1 deixando um legado de inova\u00e7\u00e3o, estrutura e comprometimento com o desenvolvimento da tecnologia e dos seus profissionais. O Conselho Consultivo e a NeoGovernan\u00e7a s\u00e3o as bases de um modelo que colocar\u00e1 a Federa\u00e7\u00e3o Assespro-SP \u00e0 frente das necessidades e desafios do mercado de tecnologia no Brasil.<\/p>\n<p>A Federa\u00e7\u00e3o Assespro-SP, sob a lideran\u00e7a de Waldemar Lobo, reafirma seu papel como a voz do setor de tecnologia e uma for\u00e7a central no desenvolvimento do Brasil. E, com a ado\u00e7\u00e3o de novas estrat\u00e9gias de governan\u00e7a, a Federa\u00e7\u00e3o est\u00e1 mais forte do que nunca, preparada para liderar com prop\u00f3sito, intelig\u00eancia coletiva e uma vis\u00e3o de longo prazo.<\/p>\n<p>\u201cA NeoGovernan\u00e7a n\u00e3o \u00e9 apenas um modelo de gest\u00e3o, \u00e9 uma forma de garantir que estamos fazendo nossa parte para um futuro mais sustent\u00e1vel e pr\u00f3spero para todos\u201d, conclui Waldemar Lobo.<br \/>\nA transforma\u00e7\u00e3o come\u00e7ou e o futuro est\u00e1 sendo moldado pela vis\u00e3o e lideran\u00e7a deste presidente inovador.<\/p>\n<\/div>\n","protected":false},"excerpt":{"rendered":"<p>Sob a lideran\u00e7a vision\u00e1ria de Waldemar Lobo, presidente da Federa\u00e7\u00e3o Assespro-SP, a entidade entra em uma nova era, implementando um modelo de governan\u00e7a inovador que visa posicionar a Federa\u00e7\u00e3o como protagonista do setor de tecnologia. A cria\u00e7\u00e3o do Conselho Consultivo e a ado\u00e7\u00e3o do modelo NeoGovernan\u00e7a s\u00e3o marcos hist\u00f3ricos dessa transforma\u00e7\u00e3o, refletindo o compromisso da [&hellip;]<\/p>\n","protected":false},"author":117,"featured_media":62859,"comment_status":"closed","ping_status":"closed","sticky":false,"template":"","format":"standard","meta":{"_themeisle_gutenberg_block_has_review":false,"_jetpack_memberships_contains_paid_content":false,"footnotes":""},"categories":[2],"tags":[150],"class_list":{"0":"post-62858","1":"post","2":"type-post","3":"status-publish","4":"format-standard","5":"has-post-thumbnail","7":"category-brasil","8":"tag-brasil"},"jetpack_featured_media_url":"https:\/\/crajubaremacao.com.br\/wp-content\/uploads\/2025\/12\/whatsapp-image-2025-12-12-at-183557-333x500-1.jpeg","jetpack_sharing_enabled":true,"_links":{"self":[{"href":"https:\/\/crajubaremacao.com.br\/index.php?rest_route=\/wp\/v2\/posts\/62858","targetHints":{"allow":["GET"]}}],"collection":[{"href":"https:\/\/crajubaremacao.com.br\/index.php?rest_route=\/wp\/v2\/posts"}],"about":[{"href":"https:\/\/crajubaremacao.com.br\/index.php?rest_route=\/wp\/v2\/types\/post"}],"author":[{"embeddable":true,"href":"https:\/\/crajubaremacao.com.br\/index.php?rest_route=\/wp\/v2\/users\/117"}],"replies":[{"embeddable":true,"href":"https:\/\/crajubaremacao.com.br\/index.php?rest_route=%2Fwp%2Fv2%2Fcomments&post=62858"}],"version-history":[{"count":0,"href":"https:\/\/crajubaremacao.com.br\/index.php?rest_route=\/wp\/v2\/posts\/62858\/revisions"}],"wp:featuredmedia":[{"embeddable":true,"href":"https:\/\/crajubaremacao.com.br\/index.php?rest_route=\/wp\/v2\/media\/62859"}],"wp:attachment":[{"href":"https:\/\/crajubaremacao.com.br\/index.php?rest_route=%2Fwp%2Fv2%2Fmedia&parent=62858"}],"wp:term":[{"taxonomy":"category","embeddable":true,"href":"https:\/\/crajubaremacao.com.br\/index.php?rest_route=%2Fwp%2Fv2%2Fcategories&post=62858"},{"taxonomy":"post_tag","embeddable":true,"href":"https:\/\/crajubaremacao.com.br\/index.php?rest_route=%2Fwp%2Fv2%2Ftags&post=62858"}],"curies":[{"name":"wp","href":"https:\/\/api.w.org\/{rel}","templated":true}]}}