{"id":62894,"date":"2025-12-17T12:15:29","date_gmt":"2025-12-17T15:15:29","guid":{"rendered":"https:\/\/crajubaremacao.com.br\/?p=62894"},"modified":"2025-12-17T12:15:29","modified_gmt":"2025-12-17T15:15:29","slug":"escalacao-do-flamengo-filipe-luis-define-time-para-enfrentar-o-psg","status":"publish","type":"post","link":"https:\/\/crajubaremacao.com.br\/?p=62894","title":{"rendered":"Escala\u00e7\u00e3o do Flamengo: Filipe Lu\u00eds define time para enfrentar o PSG"},"content":{"rendered":"<div>\n<div style=\"margin-bottom: 15px;\"><img decoding=\"async\" class=\"type:primaryImage\" src=\"https:\/\/jpimg.com.br\/uploads\/2025\/08\/54709747102_877f8f87a5_c-750x500.jpg\"><\/div>\n<p><?xml encoding=\"UTF-8\"><\/p>\n<p><a href=\"http:\/\/jovempan.com.br\/tag\/flamengo\"><strong>Flamengo<\/strong><\/a> e <a href=\"http:\/\/jovempan.com.br\/tag\/psg\"><strong>PSG<\/strong><\/a> se enfrentam nesta quarta-feira (17), \u00e0s 14h (de Bras\u00edlia), em Doha, no Catar, pela final do Intercontinental da Fifa. O departamento m\u00e9dico do time rubro-negro est\u00e1 vazio pela primeira vez no ano e o t\u00e9cnico <a href=\"http:\/\/jovempan.com.br\/tag\/flilipe-luis\"><strong>Filipe Lu\u00eds<\/strong><\/a> ter\u00e1 todo o elenco \u00e0 disposi\u00e7\u00e3o, exceto Vi\u00f1a e Allan que n\u00e3o foram relacionados para o torneio. O lateral-esquerdo e o volante podem deixar o clube na pr\u00f3xima temporada. Pedro, recuperado de les\u00e3o muscular, deve iniciar no banco de reservas.<\/p>\n<p>Em entrevista, Filipe Lu\u00eds garantiu um Flamengo competitivo contra o PSG: \u201cN\u00e3o tenho nenhuma d\u00favida que jogadores t\u00e3o jovens e t\u00e3o r\u00e1pidos nos colocar\u00e3o em dificuldade em determinados momentos do jogo. Assim como nos colocaram no Brasil, na Libertadores, na Copa de Clubes contra Chelsea e Bayern. Temos uma forma de defender, n\u00e3o defendemos o jogador, defendemos a equipe, a bola, e esperamos tirar o m\u00e1ximo de tempo poss\u00edvel de jogadores determinantes, em especial no meio. N\u00e3o tenho d\u00favidas de que teremos armas para neutralizar o ataque do PSG.\u201d<\/p>\n<div class=\"cta-model cta-model3\" name=\"model3\">\n<div class=\"cta-container-general\">\n<div class=\"cta-container-model3\">\n<div class=\"container-image-text\">\n<div class=\"container-img\">\n                    <img decoding=\"async\" id=\"cta-image\" editable=\"true\" name=\"Imagem:\" src=\"https:\/\/s.jpimg.com.br\/wp-content\/plugins\/CTA-posts-selector\/assets\/images\/640_JPEsportes.jpg\" alt=\"cta_logo_jp\">\n                <\/div>\n<div class=\"container-title\">\n                    <span id=\"cta-text\" editable=\"true\" name=\"Conte\u00fado:\">Siga o canal da Jovem Pan Esportes e receba as principais not\u00edcias no seu WhatsApp!<\/span>\n                <\/div>\n<\/p><\/div>\n<div class=\"cta-container-link\">\n<div class=\"cta-container-space\"><\/div>\n<p>                <a id=\"cta-link_3\" editable=\"true\" name=\"Link%20do%20bot%C3%A3o:\" target=\"_blank\" href=\"https:\/\/www.whatsapp.com\/channel\/0029Va9wMgZD8SE3UbBwem2u\"><\/p>\n<div class=\"container-button\">\n                        <span id=\"cta-text2\" editable=\"true\" name=\"Texto do bot\u00e3o:\">WhatsApp<\/span>\n                    <\/div>\n<div class=\"container-icon\">\n                        <i id=\"cta-icon\" name=\"\u00cdcone do bot\u00e3o:\" editable=\"true\" class=\"fa-brands fa-whatsapp\"><\/i>\n                    <\/div>\n<p>                <\/a>\n            <\/div>\n<\/div>\n<\/div>\n<\/div>\n<p>Al\u00e9m disso, o treinador falou da experi\u00eancia dos jogos contra Chelsea e Bayern de Munique na Copa do Mundo de Clubes: \u201cQuanto mais o time joga, mais a equipe se conhece. Cada competi\u00e7\u00e3o \u00e9 diferente. Era um contexto diferente, um pa\u00eds, um clima, temperatura, gramado, mas a vontade de ganhar \u00e9 a mesma. Alguns jogadores sa\u00edram, outros chegaram, esse grupo tem uma nova alma, se reinventou, conquistou t\u00edtulos dif\u00edceis no continente e quer escrever uma nova hist\u00f3ria. Sabemos a dificuldade desse jogo. F\u00e1cil n\u00e3o vai ser, mas sabemos que \u00e9 poss\u00edvel.\u201d<\/p>\n<p>Por fim, Filipe Lu\u00eds destacou que a chave do jogo ser\u00e1 o meio-campo: \u201cN\u00e3o s\u00f3 o Paris, mas a maioria dos jogos se define pelo dom\u00ednio territorial no meio de campo. S\u00e3o jogadores t\u00e3o din\u00e2micos e poderosos fisicamente, que cobrem o campo, fazem duas fun\u00e7\u00f5es e \u00e9 dif\u00edcil de defender. S\u00e3o jogadores t\u00e3o din\u00e2micos que h\u00e1 dificuldade de dar refer\u00eancias para os marcados. S\u00e3o v\u00e1rias equipes que jogaram contra eles, com estrat\u00e9gias diferentes, e poucos conseguiram neutralizar. S\u00e3o jogadores com velocidade, poderio ofensivo e muito completo em todas as fases. N\u00e3o \u00e0 toa, foram campe\u00f5es da Champions. Nossa equipe vai ter que fazer um jogo perfeito para neutralizar a melhor equipe do mundo.\u201d<\/p>\n<p>Sendo assim, uma prov\u00e1vel escala\u00e7\u00e3o do Flamengo tem: Rossi; Varela, L\u00e9o Ortiz, L\u00e9o Pereira e Alex Sandro; Pulgar e Jorginho; Carrascal, Arrascaeta e Samuel Lino; Bruno Henrique.<\/p>\n<div class=\"list-related-posts\">\n<h3>Leia tamb\u00e9m<\/h3>\n<div class=\"related-posts-container\">\n<div class=\"related-post-item-container\">\n<div class=\"related-post\">\n<div class=\"img-related-box\">\n                                            <strong><a href=\"https:\/\/jovempan.com.br\/esportes\/futebol\/corinthians\/corinthians-chega-a-final-com-oito-pendurados-e-liga-alerta-antes-de-enfrentar-o-vasco.html\" title=\"Corinthians chega \u00e0 final com oito pendurados e liga alerta antes de enfrentar o Vasco\"><img decoding=\"async\" src=\"https:\/\/jpimg.com.br\/uploads\/2025\/12\/a8d235a0-185e-4cb2-a5d1-51c3756a06d1.jpg\"><\/a><\/strong>\n                                        <\/div>\n<p>                                        <span class=\"box-the-title\"><br \/>\n                                            <strong><a href=\"https:\/\/jovempan.com.br\/esportes\/futebol\/corinthians\/corinthians-chega-a-final-com-oito-pendurados-e-liga-alerta-antes-de-enfrentar-o-vasco.html\" title=\"Corinthians chega \u00e0 final com oito pendurados e liga alerta antes de enfrentar o Vasco\">Corinthians chega \u00e0 final com oito pendurados e liga alerta antes de enfrentar o Vasco<\/a><\/strong><br \/>\n                                        <\/span>\n                                    <\/div>\n<div class=\"related-post\">\n<div class=\"img-related-box\">\n                                            <strong><a href=\"https:\/\/jovempan.com.br\/opiniao-jovem-pan\/comentaristas\/thiago-uberreich-comentaristas\/uruguai-e-espanha-empataram-por-2-a-2-na-copa-de-1950-em-jogo-no-pacaembu.html\" title=\"Uruguai e Espanha empataram por 2 a 2 na Copa de 1950, em jogo no Pacaembu\"><img decoding=\"async\" src=\"https:\/\/jpimg.com.br\/uploads\/2025\/12\/esp-ur.png\"><\/a><\/strong>\n                                        <\/div>\n<p>                                        <span class=\"box-the-title\"><br \/>\n                                            <strong><a href=\"https:\/\/jovempan.com.br\/opiniao-jovem-pan\/comentaristas\/thiago-uberreich-comentaristas\/uruguai-e-espanha-empataram-por-2-a-2-na-copa-de-1950-em-jogo-no-pacaembu.html\" title=\"Uruguai e Espanha empataram por 2 a 2 na Copa de 1950, em jogo no Pacaembu\">Uruguai e Espanha empataram por 2 a 2 na Copa de 1950, em jogo no Pacaembu<\/a><\/strong><br \/>\n                                        <\/span>\n                                    <\/div>\n<div class=\"related-post\">\n<div class=\"img-related-box\">\n                                            <strong><a href=\"https:\/\/jovempan.com.br\/esportes\/futebol\/pelo-mundo-de-novo-psg-e-flamengo-decidem-a-copa-intercontinental-em-doha.html\" title=\"Pelo Mundo de novo: PSG e Flamengo decidem a Copa Intercontinental em Doha\"><img decoding=\"async\" src=\"https:\/\/jpimg.com.br\/uploads\/2025\/12\/design-sem-nome-1-7.png\"><\/a><\/strong>\n                                        <\/div>\n<p>                                        <span class=\"box-the-title\"><br \/>\n                                            <strong><a href=\"https:\/\/jovempan.com.br\/esportes\/futebol\/pelo-mundo-de-novo-psg-e-flamengo-decidem-a-copa-intercontinental-em-doha.html\" title=\"Pelo Mundo de novo: PSG e Flamengo decidem a Copa Intercontinental em Doha\">Pelo Mundo de novo: PSG e Flamengo decidem a Copa Intercontinental em Doha<\/a><\/strong><br \/>\n                                        <\/span>\n                                    <\/div>\n<\/p><\/div>\n<\/p><\/div>\n<\/p><\/div>\n<\/div>\n","protected":false},"excerpt":{"rendered":"<p>Flamengo e PSG se enfrentam nesta quarta-feira (17), \u00e0s 14h (de Bras\u00edlia), em Doha, no Catar, pela final do Intercontinental da Fifa. O departamento m\u00e9dico do time rubro-negro est\u00e1 vazio pela primeira vez no ano e o t\u00e9cnico Filipe Lu\u00eds ter\u00e1 todo o elenco \u00e0 disposi\u00e7\u00e3o, exceto Vi\u00f1a e Allan que n\u00e3o foram relacionados para [&hellip;]<\/p>\n","protected":false},"author":260,"featured_media":62895,"comment_status":"closed","ping_status":"closed","sticky":false,"template":"","format":"standard","meta":{"_themeisle_gutenberg_block_has_review":false,"_jetpack_memberships_contains_paid_content":false,"footnotes":""},"categories":[12],"tags":[153],"class_list":{"0":"post-62894","1":"post","2":"type-post","3":"status-publish","4":"format-standard","5":"has-post-thumbnail","7":"category-esportes","8":"tag-esportes"},"jetpack_featured_media_url":"https:\/\/crajubaremacao.com.br\/wp-content\/uploads\/2025\/12\/54709747102_877f8f87a5_c-750x500-1.jpg","jetpack_sharing_enabled":true,"_links":{"self":[{"href":"https:\/\/crajubaremacao.com.br\/index.php?rest_route=\/wp\/v2\/posts\/62894","targetHints":{"allow":["GET"]}}],"collection":[{"href":"https:\/\/crajubaremacao.com.br\/index.php?rest_route=\/wp\/v2\/posts"}],"about":[{"href":"https:\/\/crajubaremacao.com.br\/index.php?rest_route=\/wp\/v2\/types\/post"}],"author":[{"embeddable":true,"href":"https:\/\/crajubaremacao.com.br\/index.php?rest_route=\/wp\/v2\/users\/260"}],"replies":[{"embeddable":true,"href":"https:\/\/crajubaremacao.com.br\/index.php?rest_route=%2Fwp%2Fv2%2Fcomments&post=62894"}],"version-history":[{"count":0,"href":"https:\/\/crajubaremacao.com.br\/index.php?rest_route=\/wp\/v2\/posts\/62894\/revisions"}],"wp:featuredmedia":[{"embeddable":true,"href":"https:\/\/crajubaremacao.com.br\/index.php?rest_route=\/wp\/v2\/media\/62895"}],"wp:attachment":[{"href":"https:\/\/crajubaremacao.com.br\/index.php?rest_route=%2Fwp%2Fv2%2Fmedia&parent=62894"}],"wp:term":[{"taxonomy":"category","embeddable":true,"href":"https:\/\/crajubaremacao.com.br\/index.php?rest_route=%2Fwp%2Fv2%2Fcategories&post=62894"},{"taxonomy":"post_tag","embeddable":true,"href":"https:\/\/crajubaremacao.com.br\/index.php?rest_route=%2Fwp%2Fv2%2Ftags&post=62894"}],"curies":[{"name":"wp","href":"https:\/\/api.w.org\/{rel}","templated":true}]}}