{"id":62910,"date":"2025-12-17T18:04:48","date_gmt":"2025-12-17T21:04:48","guid":{"rendered":"https:\/\/crajubaremacao.com.br\/?p=62910"},"modified":"2025-12-17T18:04:48","modified_gmt":"2025-12-17T21:04:48","slug":"adolescente-e-condenado-por-terrorismo-na-venezuela-apos-ser-associado-a-oposicao-pela-roupa-que-usava","status":"publish","type":"post","link":"https:\/\/crajubaremacao.com.br\/?p=62910","title":{"rendered":"Adolescente \u00e9 condenado por terrorismo na Venezuela ap\u00f3s ser associado \u00e0 oposi\u00e7\u00e3o pela roupa que usava"},"content":{"rendered":"<div><img decoding=\"async\" src=\"https:\/\/s2-g1.glbimg.com\/g61kdpR1c096q_jWkgvlIwATd-s=\/i.s3.glbimg.com\/v1\/AUTH_59edd422c0c84a879bd37670ae4f538a\/internal_photos\/bs\/2025\/v\/v\/59lstDTAyuRtABXzdBmw\/2025-09-01t181545z-9962062-rc26jgaywzoo-rtrmadp-3-venezuela-politics.jpg\"><br \/>     O presidente da Venezuela, Nicol\u00e1s Maduro, durante coletiva de imprensa em 1\u00ba de setembro de 2025<br \/>\nREUTERS\/Leonardo Fernandez Viloria<br \/>\nUm tribunal da Venezuela condenou um adolescente de 17 anos a seis anos de pris\u00e3o por \u201cterrorismo\u201d. Segundo uma organiza\u00e7\u00e3o de defesa de presos pol\u00edticos, as autoridades consideraram que as roupas usadas por ele eram semelhantes \u00e0s de manifestantes da oposi\u00e7\u00e3o. O caso foi divulgado nesta quarta-feira (17) pelo Comit\u00ea pela Liberdade dos Presos Pol\u00edticos.<br \/>\n\u2705 Siga o canal de not\u00edcias internacionais do g1 no WhatsApp<br \/>\nO jovem, identificado como Gabriel Rodr\u00edguez, foi acusado de \u201cterrorismo, incita\u00e7\u00e3o ao \u00f3dio e fechamento de vias p\u00fablicas\u201d. Ele foi detido em 9 de janeiro, no dia em que a oposi\u00e7\u00e3o foi \u00e0s ruas contra a posse do presidente Nicol\u00e1s Maduro para um terceiro mandato consecutivo.<br \/>\nA oposi\u00e7\u00e3o denuncia a reelei\u00e7\u00e3o de Maduro como fraudulenta e afirma que o vencedor foi o candidato Edmundo Gonz\u00e1lez. Os Estados Unidos, a Uni\u00e3o Europeia e a maioria dos pa\u00edses da Am\u00e9rica Latina n\u00e3o reconheceram o resultado.<br \/>\nSegundo familiares, Rodr\u00edguez n\u00e3o participava do protesto. Ele foi detido ao sair do trabalho, em Cabudare, no estado de Lara, no noroeste do pa\u00eds.<br \/>\n\u201cN\u00e3o encontraram nada contra ele. Simplesmente o prenderam por causa da roupa\u201d, disse no domingo (15) o av\u00f4 do adolescente, Luis M\u00e9ndez, durante um protesto em Caracas.<br \/>\nVeja os v\u00eddeos que est\u00e3o em alta no g1<br \/>\nDe acordo com a ONG Provea, o jovem vestia um casaco e uma bermuda pretos. As autoridades o acusaram de parecer um \u201cguarimbero\u201d, termo usado pelo chavismo para se referir a manifestantes da oposi\u00e7\u00e3o.<br \/>\n&#8220;Ele nem mesmo estava participando de nenhum protesto. Simplesmente estava passando e sua roupa chamou a aten\u00e7\u00e3o dos funcion\u00e1rios do Estado. Eles o levaram e envolveram em um caso no qual ele n\u00e3o tem nada a ver&#8221;, disse \u00e0 AFP Andre\u00edna Baduel, que integra o comit\u00ea.<br \/>\nBaduel \u00e9 filha de um ex-ministro da Defesa do presidente Hugo Ch\u00e1vez que caiu em desgra\u00e7a e morreu na pris\u00e3o.<br \/>\nSegundo a organiza\u00e7\u00e3o, n\u00e3o houve ordem judicial para a pris\u00e3o. \u201c\u00c9 desproporcional e ilegal\u201d, afirmou o grupo em publica\u00e7\u00e3o na rede X.<br \/>\nAl\u00e9m da pena de pris\u00e3o, o adolescente foi condenado a quatro anos de trabalho comunit\u00e1rio.<br \/>\nOs protestos de 9 de janeiro deixaram cerca de 20 detidos. A l\u00edder opositora Mar\u00eda Corina Machado, vencedora do pr\u00eamio Nobel da Paz, foi detida minutos depois de sair da clandestinidade para participar de uma marcha em Caracas.<br \/>\nNos \u00faltimos meses, uma nova onda de pris\u00f5es de opositores ocorreu no pa\u00eds. Segundo a ONG F\u00f3rum Penal, ao menos 902 pessoas est\u00e3o presas por motivos pol\u00edticos na Venezuela. Outras organiza\u00e7\u00f5es estimam que o n\u00famero ultrapasse mil.<br \/>\nLEIA TAMB\u00c9M<br \/>\nPetr\u00f3leo \u00e9 prioridade em investida de Trump contra a Venezuela, diz jornal<br \/>\nTrump eleva o tom contra Maduro a n\u00edvel estridente com amea\u00e7a de bloqueio total<br \/>\nA escalada da tens\u00e3o entre Venezuela e EUA, dia a dia: bombardeios no Caribe, porta-avi\u00f5es e amea\u00e7a direta de ataque<br \/>\nV\u00cdDEOS: mais assistidos do g1<\/div>\n","protected":false},"excerpt":{"rendered":"<p>O presidente da Venezuela, Nicol\u00e1s Maduro, durante coletiva de imprensa em 1\u00ba de setembro de 2025 REUTERS\/Leonardo Fernandez Viloria Um tribunal da Venezuela condenou um adolescente de 17 anos a seis anos de pris\u00e3o por \u201cterrorismo\u201d. Segundo uma organiza\u00e7\u00e3o de defesa de presos pol\u00edticos, as autoridades consideraram que as roupas usadas por ele eram semelhantes [&hellip;]<\/p>\n","protected":false},"author":261,"featured_media":62911,"comment_status":"closed","ping_status":"closed","sticky":false,"template":"","format":"standard","meta":{"_themeisle_gutenberg_block_has_review":false,"_jetpack_memberships_contains_paid_content":false,"footnotes":""},"categories":[5],"tags":[155],"class_list":{"0":"post-62910","1":"post","2":"type-post","3":"status-publish","4":"format-standard","5":"has-post-thumbnail","7":"category-internacionais","8":"tag-mundo"},"jetpack_featured_media_url":"https:\/\/crajubaremacao.com.br\/wp-content\/uploads\/2025\/12\/2025-09-01t181545z-9962062-rc26jgaywzoo-rtrmadp-3-venezuela-politics-scaled.jpg","jetpack_sharing_enabled":true,"_links":{"self":[{"href":"https:\/\/crajubaremacao.com.br\/index.php?rest_route=\/wp\/v2\/posts\/62910","targetHints":{"allow":["GET"]}}],"collection":[{"href":"https:\/\/crajubaremacao.com.br\/index.php?rest_route=\/wp\/v2\/posts"}],"about":[{"href":"https:\/\/crajubaremacao.com.br\/index.php?rest_route=\/wp\/v2\/types\/post"}],"author":[{"embeddable":true,"href":"https:\/\/crajubaremacao.com.br\/index.php?rest_route=\/wp\/v2\/users\/261"}],"replies":[{"embeddable":true,"href":"https:\/\/crajubaremacao.com.br\/index.php?rest_route=%2Fwp%2Fv2%2Fcomments&post=62910"}],"version-history":[{"count":0,"href":"https:\/\/crajubaremacao.com.br\/index.php?rest_route=\/wp\/v2\/posts\/62910\/revisions"}],"wp:featuredmedia":[{"embeddable":true,"href":"https:\/\/crajubaremacao.com.br\/index.php?rest_route=\/wp\/v2\/media\/62911"}],"wp:attachment":[{"href":"https:\/\/crajubaremacao.com.br\/index.php?rest_route=%2Fwp%2Fv2%2Fmedia&parent=62910"}],"wp:term":[{"taxonomy":"category","embeddable":true,"href":"https:\/\/crajubaremacao.com.br\/index.php?rest_route=%2Fwp%2Fv2%2Fcategories&post=62910"},{"taxonomy":"post_tag","embeddable":true,"href":"https:\/\/crajubaremacao.com.br\/index.php?rest_route=%2Fwp%2Fv2%2Ftags&post=62910"}],"curies":[{"name":"wp","href":"https:\/\/api.w.org\/{rel}","templated":true}]}}