{"id":62914,"date":"2025-12-18T00:01:37","date_gmt":"2025-12-18T03:01:37","guid":{"rendered":"https:\/\/crajubaremacao.com.br\/?p=62914"},"modified":"2025-12-18T00:01:37","modified_gmt":"2025-12-18T03:01:37","slug":"botafogo-anuncia-saida-do-tecnico-davide-ancelotti","status":"publish","type":"post","link":"https:\/\/crajubaremacao.com.br\/?p=62914","title":{"rendered":"Botafogo anuncia sa\u00edda do t\u00e9cnico Davide Ancelotti"},"content":{"rendered":"<div>\n<div style=\"margin-bottom: 15px;\"><img decoding=\"async\" class=\"type:primaryImage\" src=\"https:\/\/jpimg.com.br\/uploads\/2025\/07\/afp__20250714__66qq7gc__v1__highres__fblbrabotafogocoachancelotti-750x500.jpg\"><\/div>\n<p><?xml encoding=\"UTF-8\"><\/p>\n<p>O <strong><a href=\"https:\/\/jovempan.com.br\/tag\/botafogo\" target=\"_blank\" rel=\"noopener noreferrer\">Botafogo<\/a><\/strong> anunciou na noite desta quarta-feira (17) a sa\u00edda de Davide Ancelotti. \u201cO Botafogo informa que Davide Ancelotti n\u00e3o \u00e9 mais o t\u00e9cnico da equipe principal. O preparador f\u00edsico Luca Guerra e os auxiliares Luis Tevenet e Andrew Mangan tamb\u00e9m est\u00e3o de sa\u00edda. A decis\u00e3o foi tomada ap\u00f3s reuni\u00f5es nesta quarta-feira (17)\u201d, diz a nota, que agradece o profissionalismo e comprometimento do agora ex-treinador.<\/p>\n<p>Davide Ancelotti, tinha contrato com o Glorioso at\u00e9 o fim de 2026, e se despede do Botafogo com 32 jogos, 14 vit\u00f3rias, 11 empates e sete derrotas. Segundo o Botafogo, em breve vai ser anunciado a nova comiss\u00e3o t\u00e9cnica. A demiss\u00e3o de Ancelotti teria sido em decorr\u00eancia da demiss\u00e3o do seu preparado f\u00edsico, do que ele n\u00e3o estava de acordo.<\/p>\n<div class=\"cta-model cta-model3\" name=\"model3\">\n<div class=\"cta-container-general\">\n<div class=\"cta-container-model3\">\n<div class=\"container-image-text\">\n<div class=\"container-img\">\n                    <img decoding=\"async\" id=\"cta-image\" editable=\"true\" name=\"Imagem:\" src=\"https:\/\/s.jpimg.com.br\/wp-content\/plugins\/CTA-posts-selector\/assets\/images\/640_JPEsportes.jpg\" alt=\"cta_logo_jp\">\n                <\/div>\n<div class=\"container-title\">\n                    <span id=\"cta-text\" editable=\"true\" name=\"Conte\u00fado:\">Siga o canal da Jovem Pan Esportes e receba as principais not\u00edcias no seu WhatsApp!<\/span>\n                <\/div>\n<\/p><\/div>\n<div class=\"cta-container-link\">\n<div class=\"cta-container-space\"><\/div>\n<p>                <a id=\"cta-link_3\" editable=\"true\" name=\"Link%20do%20bot%C3%A3o:\" target=\"_blank\" href=\"https:\/\/www.whatsapp.com\/channel\/0029Va9wMgZD8SE3UbBwem2u\"><\/p>\n<div class=\"container-button\">\n                        <span id=\"cta-text2\" editable=\"true\" name=\"Texto do bot\u00e3o:\">WhatsApp<\/span>\n                    <\/div>\n<div class=\"container-icon\">\n                        <i id=\"cta-icon\" name=\"\u00cdcone do bot\u00e3o:\" editable=\"true\" class=\"fa-brands fa-whatsapp\"><\/i>\n                    <\/div>\n<p>                <\/a>\n            <\/div>\n<\/div>\n<\/div>\n<\/div>\n<div class=\"list-related-posts\">\n<h3>Leia tamb\u00e9m<\/h3>\n<div class=\"related-posts-container\">\n<div class=\"related-post-item-container\">\n<div class=\"related-post\">\n<div class=\"img-related-box\">\n                                            <strong><a href=\"https:\/\/jovempan.com.br\/esportes\/futebol\/corinthians\/corinthians-x-vasco-confira-a-transmissao-da-jovem-pan-ao-vivo-2.html\" title=\"Confira como foi a transmiss\u00e3o da Jovem Pan do jogo entre Corinthians 0 x 0 Vasco\"><img decoding=\"async\" src=\"https:\/\/jpimg.com.br\/uploads\/2025\/12\/img-20251217-wa0014.jpg\"><\/a><\/strong>\n                                        <\/div>\n<p>                                        <span class=\"box-the-title\"><br \/>\n                                            <strong><a href=\"https:\/\/jovempan.com.br\/esportes\/futebol\/corinthians\/corinthians-x-vasco-confira-a-transmissao-da-jovem-pan-ao-vivo-2.html\" title=\"Confira como foi a transmiss\u00e3o da Jovem Pan do jogo entre Corinthians 0 x 0 Vasco\">Confira como foi a transmiss\u00e3o da Jovem Pan do jogo entre Corinthians 0 x 0 Vasco<\/a><\/strong><br \/>\n                                        <\/span>\n                                    <\/div>\n<div class=\"related-post\">\n<div class=\"img-related-box\">\n                                            <strong><a href=\"https:\/\/jovempan.com.br\/esportes\/futebol\/psg-e-campeao-mundial-nos-penaltis-contra-o-flamengo.html\" title=\"Flamengo perde Mundial de Clubes nos p\u00eanaltis para o PSG\"><img decoding=\"async\" src=\"https:\/\/jpimg.com.br\/uploads\/2025\/12\/afp__20251217__88gd4dh__v1__highres__fblfifaqatpsgflamengo.jpg\"><\/a><\/strong>\n                                        <\/div>\n<p>                                        <span class=\"box-the-title\"><br \/>\n                                            <strong><a href=\"https:\/\/jovempan.com.br\/esportes\/futebol\/psg-e-campeao-mundial-nos-penaltis-contra-o-flamengo.html\" title=\"Flamengo perde Mundial de Clubes nos p\u00eanaltis para o PSG\">Flamengo perde Mundial de Clubes nos p\u00eanaltis para o PSG<\/a><\/strong><br \/>\n                                        <\/span>\n                                    <\/div>\n<\/p><\/div>\n<\/p><\/div>\n<\/p><\/div>\n<\/div>\n","protected":false},"excerpt":{"rendered":"<p>O Botafogo anunciou na noite desta quarta-feira (17) a sa\u00edda de Davide Ancelotti. \u201cO Botafogo informa que Davide Ancelotti n\u00e3o \u00e9 mais o t\u00e9cnico da equipe principal. O preparador f\u00edsico Luca Guerra e os auxiliares Luis Tevenet e Andrew Mangan tamb\u00e9m est\u00e3o de sa\u00edda. A decis\u00e3o foi tomada ap\u00f3s reuni\u00f5es nesta quarta-feira (17)\u201d, diz a [&hellip;]<\/p>\n","protected":false},"author":260,"featured_media":62915,"comment_status":"closed","ping_status":"closed","sticky":false,"template":"","format":"standard","meta":{"_themeisle_gutenberg_block_has_review":false,"_jetpack_memberships_contains_paid_content":false,"footnotes":""},"categories":[12],"tags":[153],"class_list":{"0":"post-62914","1":"post","2":"type-post","3":"status-publish","4":"format-standard","5":"has-post-thumbnail","7":"category-esportes","8":"tag-esportes"},"jetpack_featured_media_url":"https:\/\/crajubaremacao.com.br\/wp-content\/uploads\/2025\/12\/afp__20250714__66qq7gc__v1__highres__fblbrabotafogocoachancelotti-750x500-1.jpg","jetpack_sharing_enabled":true,"_links":{"self":[{"href":"https:\/\/crajubaremacao.com.br\/index.php?rest_route=\/wp\/v2\/posts\/62914","targetHints":{"allow":["GET"]}}],"collection":[{"href":"https:\/\/crajubaremacao.com.br\/index.php?rest_route=\/wp\/v2\/posts"}],"about":[{"href":"https:\/\/crajubaremacao.com.br\/index.php?rest_route=\/wp\/v2\/types\/post"}],"author":[{"embeddable":true,"href":"https:\/\/crajubaremacao.com.br\/index.php?rest_route=\/wp\/v2\/users\/260"}],"replies":[{"embeddable":true,"href":"https:\/\/crajubaremacao.com.br\/index.php?rest_route=%2Fwp%2Fv2%2Fcomments&post=62914"}],"version-history":[{"count":0,"href":"https:\/\/crajubaremacao.com.br\/index.php?rest_route=\/wp\/v2\/posts\/62914\/revisions"}],"wp:featuredmedia":[{"embeddable":true,"href":"https:\/\/crajubaremacao.com.br\/index.php?rest_route=\/wp\/v2\/media\/62915"}],"wp:attachment":[{"href":"https:\/\/crajubaremacao.com.br\/index.php?rest_route=%2Fwp%2Fv2%2Fmedia&parent=62914"}],"wp:term":[{"taxonomy":"category","embeddable":true,"href":"https:\/\/crajubaremacao.com.br\/index.php?rest_route=%2Fwp%2Fv2%2Fcategories&post=62914"},{"taxonomy":"post_tag","embeddable":true,"href":"https:\/\/crajubaremacao.com.br\/index.php?rest_route=%2Fwp%2Fv2%2Ftags&post=62914"}],"curies":[{"name":"wp","href":"https:\/\/api.w.org\/{rel}","templated":true}]}}