{"id":62978,"date":"2025-12-19T00:02:06","date_gmt":"2025-12-19T03:02:06","guid":{"rendered":"https:\/\/crajubaremacao.com.br\/?p=62978"},"modified":"2025-12-19T00:02:06","modified_gmt":"2025-12-19T03:02:06","slug":"endrick-se-apresentara-ao-lyon-no-dia-1o-de-janeiro-e-assumira-a-camisa-9","status":"publish","type":"post","link":"https:\/\/crajubaremacao.com.br\/?p=62978","title":{"rendered":"Endrick se apresentar\u00e1 ao Lyon no dia 1\u00ba de janeiro e assumir\u00e1 a camisa 9"},"content":{"rendered":"<div>\n<div style=\"margin-bottom: 15px;\"><img decoding=\"async\" class=\"type:primaryImage\" src=\"https:\/\/jpimg.com.br\/uploads\/2025\/04\/774e434bc15af5ab0bc6a407e2cfdbadcfc9f256-750x500.jpg\"><\/div>\n<p><?xml encoding=\"UTF-8\"><\/p>\n<p>O brasileiro <a href=\"https:\/\/jovempan.com.br\/tag\/endrick\" target=\"_blank\" rel=\"noopener noreferrer\"><strong>Endrick<\/strong> <\/a>se apresentar\u00e1 ao Lyon no dia 1\u00ba de janeiro e vestir\u00e1 a camisa 9. Emprestado pelo <strong><a href=\"https:\/\/jovempan.com.br\/tag\/real-madrid\" target=\"_blank\" rel=\"noopener noreferrer\">Real Madrid<\/a><\/strong> para o time franc\u00eas, ele deve ficaram at\u00e9 o fim da temporada, em julho. O empr\u00e9stimo se d\u00e1 ap\u00f3s o jogador n\u00e3o ter tido espa\u00e7o no Real Madrid com Xabi Alonso. Ele tem 99 minutos jogados em tr\u00eas jogos, apenas um como titular, nesta temporada. No Lyon, o contrato prev\u00ea que ele tenha ao menos 25 partidas na escala\u00e7\u00e3o inicial.<\/p>\n<p>Apesar da transfer\u00eancia, se mant\u00e9m ativo dois gatilhos contratuais que podem beneficiar o Palmeiras. As metas que continuam em vigor envolvem duas premia\u00e7\u00f5es individuais:<\/p>\n<ul>\n<li>Golden Boy, concedido pela revista italiana Tuttosport ao melhor jogador com menos de 21 anos do futebol europeu; e o<\/li>\n<li>Pr\u00eamio Kopa, que tamb\u00e9m \u00e9 dado ao melhor atleta Sub-21, mas pela France Football (a mesma da Bola de Ouro).<\/li>\n<\/ul>\n<div class=\"cta-model cta-model3\" name=\"model3\">\n<div class=\"cta-container-general\">\n<div class=\"cta-container-model3\">\n<div class=\"container-image-text\">\n<div class=\"container-img\">\n                    <img decoding=\"async\" id=\"cta-image\" editable=\"true\" name=\"Imagem:\" src=\"https:\/\/s.jpimg.com.br\/wp-content\/plugins\/CTA-posts-selector\/assets\/images\/640_JPEsportes.jpg\" alt=\"cta_logo_jp\">\n                <\/div>\n<div class=\"container-title\">\n                    <span id=\"cta-text\" editable=\"true\" name=\"Conte\u00fado:\">Siga o canal da Jovem Pan Esportes e receba as principais not\u00edcias no seu WhatsApp!<\/span>\n                <\/div>\n<\/p><\/div>\n<div class=\"cta-container-link\">\n<div class=\"cta-container-space\"><\/div>\n<p>                <a id=\"cta-link_3\" editable=\"true\" name=\"Link%20do%20bot%C3%A3o:\" target=\"_blank\" href=\"https:\/\/www.whatsapp.com\/channel\/0029Va9wMgZD8SE3UbBwem2u\"><\/p>\n<div class=\"container-button\">\n                        <span id=\"cta-text2\" editable=\"true\" name=\"Texto do bot\u00e3o:\">WhatsApp<\/span>\n                    <\/div>\n<div class=\"container-icon\">\n                        <i id=\"cta-icon\" name=\"\u00cdcone do bot\u00e3o:\" editable=\"true\" class=\"fa-brands fa-whatsapp\"><\/i>\n                    <\/div>\n<p>                <\/a>\n            <\/div>\n<\/div>\n<\/div>\n<\/div>\n<p>Se vencer um deles, Endrick render\u00e1 mais 1 milh\u00e3o de euros (R$ 6,4 milh\u00f5es, na cota\u00e7\u00e3o atual) ao Palmeiras.<\/p>\n<p>At\u00e9 agora, Endrick j\u00e1 ativou tr\u00eas gatilhos que fazem com que o Real Madrid repasse valores ao Palmeiras. A quantia chega a 955 mil euros (R$ 6,2 milh\u00f5es) dos 12,5 milh\u00f5es de euros poss\u00edveis (R$ 81 milh\u00f5es). Isso representa 7% do total.<\/p>\n<div class=\"list-related-posts\">\n<h3>Leia tamb\u00e9m<\/h3>\n<div class=\"related-posts-container\">\n<div class=\"related-post-item-container\">\n<div class=\"related-post\">\n<div class=\"img-related-box\">\n                                            <strong><a href=\"https:\/\/jovempan.com.br\/esportes\/futebol\/conmebol-divulga-datas-e-horarios-do-jogo-da-recopra-2026-entre-flamengo-e-lanus.html\" title=\"Conmebol divulga datas e hor\u00e1rios do jogo da Recopa 2026 entre Flamengo e Lan\u00fas\"><img decoding=\"async\" src=\"https:\/\/jpimg.com.br\/uploads\/2025\/11\/design-sem-nome-29.png\"><\/a><\/strong>\n                                        <\/div>\n<p>                                        <span class=\"box-the-title\"><br \/>\n                                            <strong><a href=\"https:\/\/jovempan.com.br\/esportes\/futebol\/conmebol-divulga-datas-e-horarios-do-jogo-da-recopra-2026-entre-flamengo-e-lanus.html\" title=\"Conmebol divulga datas e hor\u00e1rios do jogo da Recopa 2026 entre Flamengo e Lan\u00fas\">Conmebol divulga datas e hor\u00e1rios do jogo da Recopa 2026 entre Flamengo e Lan\u00fas<\/a><\/strong><br \/>\n                                        <\/span>\n                                    <\/div>\n<\/p><\/div>\n<\/p><\/div>\n<\/p><\/div>\n<p>*Com informa\u00e7\u00f5es do Estad\u00e3o Conte\u00fado<\/p>\n<p>\u00a0<\/p>\n<\/div>\n","protected":false},"excerpt":{"rendered":"<p>O brasileiro Endrick se apresentar\u00e1 ao Lyon no dia 1\u00ba de janeiro e vestir\u00e1 a camisa 9. Emprestado pelo Real Madrid para o time franc\u00eas, ele deve ficaram at\u00e9 o fim da temporada, em julho. O empr\u00e9stimo se d\u00e1 ap\u00f3s o jogador n\u00e3o ter tido espa\u00e7o no Real Madrid com Xabi Alonso. Ele tem 99 [&hellip;]<\/p>\n","protected":false},"author":260,"featured_media":62979,"comment_status":"closed","ping_status":"closed","sticky":false,"template":"","format":"standard","meta":{"_themeisle_gutenberg_block_has_review":false,"_jetpack_memberships_contains_paid_content":false,"footnotes":""},"categories":[12],"tags":[153],"class_list":{"0":"post-62978","1":"post","2":"type-post","3":"status-publish","4":"format-standard","5":"has-post-thumbnail","7":"category-esportes","8":"tag-esportes"},"jetpack_featured_media_url":"https:\/\/crajubaremacao.com.br\/wp-content\/uploads\/2025\/12\/774e434bc15af5ab0bc6a407e2cfdbadcfc9f256-750x500-1.jpg","jetpack_sharing_enabled":true,"_links":{"self":[{"href":"https:\/\/crajubaremacao.com.br\/index.php?rest_route=\/wp\/v2\/posts\/62978","targetHints":{"allow":["GET"]}}],"collection":[{"href":"https:\/\/crajubaremacao.com.br\/index.php?rest_route=\/wp\/v2\/posts"}],"about":[{"href":"https:\/\/crajubaremacao.com.br\/index.php?rest_route=\/wp\/v2\/types\/post"}],"author":[{"embeddable":true,"href":"https:\/\/crajubaremacao.com.br\/index.php?rest_route=\/wp\/v2\/users\/260"}],"replies":[{"embeddable":true,"href":"https:\/\/crajubaremacao.com.br\/index.php?rest_route=%2Fwp%2Fv2%2Fcomments&post=62978"}],"version-history":[{"count":0,"href":"https:\/\/crajubaremacao.com.br\/index.php?rest_route=\/wp\/v2\/posts\/62978\/revisions"}],"wp:featuredmedia":[{"embeddable":true,"href":"https:\/\/crajubaremacao.com.br\/index.php?rest_route=\/wp\/v2\/media\/62979"}],"wp:attachment":[{"href":"https:\/\/crajubaremacao.com.br\/index.php?rest_route=%2Fwp%2Fv2%2Fmedia&parent=62978"}],"wp:term":[{"taxonomy":"category","embeddable":true,"href":"https:\/\/crajubaremacao.com.br\/index.php?rest_route=%2Fwp%2Fv2%2Fcategories&post=62978"},{"taxonomy":"post_tag","embeddable":true,"href":"https:\/\/crajubaremacao.com.br\/index.php?rest_route=%2Fwp%2Fv2%2Ftags&post=62978"}],"curies":[{"name":"wp","href":"https:\/\/api.w.org\/{rel}","templated":true}]}}