{"id":63013,"date":"2025-12-19T18:00:50","date_gmt":"2025-12-19T21:00:50","guid":{"rendered":"https:\/\/crajubaremacao.com.br\/?p=63013"},"modified":"2025-12-19T18:00:50","modified_gmt":"2025-12-19T21:00:50","slug":"ramagem-quebra-silencio-sobre-cassacao-chama-motta-da-marionete-e-diz-que-decisao-foi-uma-covardia","status":"publish","type":"post","link":"https:\/\/crajubaremacao.com.br\/?p=63013","title":{"rendered":"Ramagem quebra sil\u00eancio sobre cassa\u00e7\u00e3o, chama Motta da \u2018marionete\u2019 e diz que decis\u00e3o foi uma \u2018covardia\u2019"},"content":{"rendered":"<div>\n<div style=\"margin-bottom: 15px;\"><img decoding=\"async\" class=\"type:primaryImage\" src=\"https:\/\/jpimg.com.br\/uploads\/2025\/06\/agf20250610033-750x500.jpg\"><\/div>\n<p><?xml encoding=\"UTF-8\"><\/p>\n<p><a href=\"https:\/\/jovempan.com.br\/tag\/alexandre-ramagem\" target=\"_blank\" rel=\"noopener noreferrer\"><strong>Alexandre Ramagem<\/strong><\/a> (PL-RJ) quebrou nesta sexta-feira (19) o sil\u00eancio ap\u00f3s ter o mandato de deputado federal cassado pela <strong><a href=\"https:\/\/jovempan.com.br\/tag\/camara-dos-deputados\" target=\"_blank\" rel=\"noopener noreferrer\">C\u00e2mara dos Deputados<\/a><\/strong>. Em uma publica\u00e7\u00e3o nas redes sociais, o agora ex-deputado disse que a decis\u00e3o foi uma covardia.<\/p>\n<p>\u201cO presidente da c\u00e2mara dos deputados ca\u00e7ou meu mandato na canetada, pela mesa da casa, por pura covardia, uma decis\u00e3o que n\u00e3o respeitou os regramento das os regulamento da pr\u00f3pria C\u00e2mara, nem a vontade do voto em plen\u00e1rio, muito menos obedeceu ao texto claro da constitui\u00e7\u00e3o\u201d, disse em um v\u00eddeo compartilhado no X (antigo Twitter).<\/p>\n<p>Ramagem atacou o presidente da C\u00e2mara, Hugo Motta, e disse que ele \u00e9 uma marionete do ministro do Supremo Tribunal Federal (STF). \u201cAs palavras do presidente da C\u00e2mara foram: \u2018Fiz o que tinha que fazer\u2019, as palavras de um boneco, uma marionete nas m\u00e3os de um ministro do STF\u201d, declarou.<\/p>\n<div class=\"cta-model cta-model2\" name=\"model2\">\n<div class=\"cta-container-general\">\n<div class=\"cta-container-model2\">\n<div class=\"container-image-text\">\n<div class=\"container-img\">\n                    <img decoding=\"async\" id=\"cta-image\" editable=\"true\" name=\"Imagem:\" src=\"https:\/\/s.jpimg.com.br\/wp-content\/plugins\/CTA-posts-selector\/assets\/images\/640_4anos-JPNews.jpg\" alt=\"cta_logo_jp\">\n                <\/div>\n<div class=\"container-title\">\n                    <span id=\"cta-text\" editable=\"true\" name=\"Conte\u00fado:\">Siga o canal da Jovem Pan News e receba as principais not\u00edcias no seu WhatsApp!<\/span>\n                <\/div>\n<\/p><\/div>\n<div class=\"cta-container-link\">\n<div class=\"cta-container-space\"><\/div>\n<p>                <a id=\"cta-link\" editable=\"true\" name=\"Link%20do%20bot%C3%A3o:\" target=\"_blank\" href=\"https:\/\/www.whatsapp.com\/channel\/0029VaAxUvrGJP8Fz9QZH93S\"><\/p>\n<div class=\"container-button\">\n                        <span id=\"cta-text2\" editable=\"true\" name=\"Texto do bot\u00e3o:\">WhatsApp<\/span>\n                    <\/div>\n<div class=\"container-icon\">\n                        <i id=\"cta-icon\" name=\"\u00cdcone do bot\u00e3o:\" editable=\"true\" class=\"fa-brands fa-whatsapp\"><\/i>\n                    <\/div>\n<p>                <\/a>\n            <\/div>\n<\/div>\n<\/div>\n<\/div>\n<blockquote class=\"twitter-tweet\" data-media-max-width=\"560\">\n<p dir=\"ltr\" lang=\"pt\">O presidente da C\u00e2mara dos Deputados cassou meu mandato, na canetada, pela Mesa da C\u00e2mara.<\/p>\n<p>Cumpriu ordens inconstitucionais como subordinado de um ministro ditador.<\/p>\n<p>A C\u00e2mara dos Deputados efetivamente acabou, por covardia de quem a preside. <a href=\"https:\/\/t.co\/YpI9lFD1zH\">pic.twitter.com\/YpI9lFD1zH<\/a><\/p>\n<p>\u2014 Alexandre Ramagem (@delegadoramagem) <a href=\"https:\/\/twitter.com\/delegadoramagem\/status\/2002009646890877187?ref_src=twsrc%5Etfw\">December 19, 2025<\/a><\/p>\n<\/blockquote>\n<p><script async src=\"https:\/\/platform.twitter.com\/widgets.js\" charset=\"utf-8\"><\/script><\/p>\n<p><strong><a href=\"https:\/\/jovempan.com.br\/noticias\/politica\/mesa-diretora-cassa-mandato-de-eduardo-bolsonaro-e-alexandre-ramagem.html\" target=\"_blank\" rel=\"noopener noreferrer\">Alexandre Ramagem teve o mandato cassado na quinta-feira (19) e est\u00e1 ineleg\u00edvel<\/a><\/strong>. Ex-diretor da <a href=\"https:\/\/jovempan.com.br\/tag\/abin\" target=\"_blank\" rel=\"noopener noreferrer\"><strong>Ag\u00eancia Nacional de Intelig\u00eancia (Abin)<\/strong><\/a>, ele foi condenado a 16 anos e um m\u00eas de pris\u00e3o. Nas suas acusa\u00e7\u00f5es constam: organiza\u00e7\u00e3o criminosa, tentativa de aboli\u00e7\u00e3o violenta do Estado Democr\u00e1tico de Direito e golpe de Estado.<\/p>\n<p>Na mesma quinta, antes da vota\u00e7\u00e3o que definiria o seu futuro, <strong><a href=\"https:\/\/jovempan.com.br\/noticias\/mundo\/ramagem-pede-que-camara-ignore-decisao-do-stf-mantenha-mandato-e-autorize-voto-remoto.html\" target=\"_blank\" rel=\"noopener noreferrer\">Ramagem havia pedido a C\u00e2mara que ignorasse a decis\u00e3o no ministro do Supremo Tribunal Federal, Alexandre de Moraes, que na segunda-feira (14) oficializou o pedido de extradi\u00e7\u00e3o<\/a><\/strong> do ex-deputado, que fugiu para os Estados Unidos em setembro. Mas o pedido n\u00e3o foi atendido.<\/p>\n<div class=\"list-related-posts\">\n<h3>Leia tamb\u00e9m<\/h3>\n<div class=\"related-posts-container\">\n<div class=\"related-post-item-container\">\n<div class=\"related-post\">\n<div class=\"img-related-box\">\n                                            <strong><a href=\"https:\/\/jovempan.com.br\/noticias\/politica\/eduardo-bolsonaro-diz-que-valeu-a-pena-ir-para-os-eua-e-que-a-historia-nao-acabou-resistiremos-e-venceremos.html\" title=\"Eduardo Bolsonaro diz que 'valeu a pena' ir para os EUA e que a hist\u00f3ria n\u00e3o acabou: 'Resistiremos e venceremos'\u00a0\"><img decoding=\"async\" src=\"https:\/\/jpimg.com.br\/uploads\/2023\/08\/img20230510175836628med.jpg\"><\/a><\/strong>\n                                        <\/div>\n<p>                                        <span class=\"box-the-title\"><br \/>\n                                            <strong><a href=\"https:\/\/jovempan.com.br\/noticias\/politica\/eduardo-bolsonaro-diz-que-valeu-a-pena-ir-para-os-eua-e-que-a-historia-nao-acabou-resistiremos-e-venceremos.html\" title=\"Eduardo Bolsonaro diz que 'valeu a pena' ir para os EUA e que a hist\u00f3ria n\u00e3o acabou: 'Resistiremos e venceremos'\u00a0\">Eduardo Bolsonaro diz que &#8216;valeu a pena&#8217; ir para os EUA e que a hist\u00f3ria n\u00e3o acabou: &#8216;Resistiremos e venceremos&#8217;\u00a0<\/a><\/strong><br \/>\n                                        <\/span>\n                                    <\/div>\n<div class=\"related-post\">\n<div class=\"img-related-box\">\n                                            <strong><a href=\"https:\/\/jovempan.com.br\/noticias\/politica\/saiba-quem-sao-missionario-jose-olimpio-e-dr-flavio-suplentes-de-bolsonaro-e-ramagem.html\" title=\"Saiba quem s\u00e3o Mission\u00e1rio Jos\u00e9 Ol\u00edmpio e Dr.Fl\u00e1vio, suplentes de Bolsonaro e Ramagem\"><img decoding=\"async\" src=\"https:\/\/jpimg.com.br\/uploads\/2025\/12\/missionario-jose-olimpio-e-dr-flavio.jpg\"><\/a><\/strong>\n                                        <\/div>\n<p>                                        <span class=\"box-the-title\"><br \/>\n                                            <strong><a href=\"https:\/\/jovempan.com.br\/noticias\/politica\/saiba-quem-sao-missionario-jose-olimpio-e-dr-flavio-suplentes-de-bolsonaro-e-ramagem.html\" title=\"Saiba quem s\u00e3o Mission\u00e1rio Jos\u00e9 Ol\u00edmpio e Dr.Fl\u00e1vio, suplentes de Bolsonaro e Ramagem\">Saiba quem s\u00e3o Mission\u00e1rio Jos\u00e9 Ol\u00edmpio e Dr.Fl\u00e1vio, suplentes de Bolsonaro e Ramagem<\/a><\/strong><br \/>\n                                        <\/span>\n                                    <\/div>\n<\/p><\/div>\n<\/p><\/div>\n<\/p><\/div>\n<\/div>\n","protected":false},"excerpt":{"rendered":"<p>Alexandre Ramagem (PL-RJ) quebrou nesta sexta-feira (19) o sil\u00eancio ap\u00f3s ter o mandato de deputado federal cassado pela C\u00e2mara dos Deputados. Em uma publica\u00e7\u00e3o nas redes sociais, o agora ex-deputado disse que a decis\u00e3o foi uma covardia. \u201cO presidente da c\u00e2mara dos deputados ca\u00e7ou meu mandato na canetada, pela mesa da casa, por pura covardia, [&hellip;]<\/p>\n","protected":false},"author":117,"featured_media":63014,"comment_status":"closed","ping_status":"closed","sticky":false,"template":"","format":"standard","meta":{"_themeisle_gutenberg_block_has_review":false,"_jetpack_memberships_contains_paid_content":false,"footnotes":""},"categories":[9],"tags":[129],"class_list":{"0":"post-63013","1":"post","2":"type-post","3":"status-publish","4":"format-standard","5":"has-post-thumbnail","7":"category-politica","8":"tag-politica"},"jetpack_featured_media_url":"https:\/\/crajubaremacao.com.br\/wp-content\/uploads\/2025\/12\/agf20250610033-750x500-1.jpg","jetpack_sharing_enabled":true,"_links":{"self":[{"href":"https:\/\/crajubaremacao.com.br\/index.php?rest_route=\/wp\/v2\/posts\/63013","targetHints":{"allow":["GET"]}}],"collection":[{"href":"https:\/\/crajubaremacao.com.br\/index.php?rest_route=\/wp\/v2\/posts"}],"about":[{"href":"https:\/\/crajubaremacao.com.br\/index.php?rest_route=\/wp\/v2\/types\/post"}],"author":[{"embeddable":true,"href":"https:\/\/crajubaremacao.com.br\/index.php?rest_route=\/wp\/v2\/users\/117"}],"replies":[{"embeddable":true,"href":"https:\/\/crajubaremacao.com.br\/index.php?rest_route=%2Fwp%2Fv2%2Fcomments&post=63013"}],"version-history":[{"count":0,"href":"https:\/\/crajubaremacao.com.br\/index.php?rest_route=\/wp\/v2\/posts\/63013\/revisions"}],"wp:featuredmedia":[{"embeddable":true,"href":"https:\/\/crajubaremacao.com.br\/index.php?rest_route=\/wp\/v2\/media\/63014"}],"wp:attachment":[{"href":"https:\/\/crajubaremacao.com.br\/index.php?rest_route=%2Fwp%2Fv2%2Fmedia&parent=63013"}],"wp:term":[{"taxonomy":"category","embeddable":true,"href":"https:\/\/crajubaremacao.com.br\/index.php?rest_route=%2Fwp%2Fv2%2Fcategories&post=63013"},{"taxonomy":"post_tag","embeddable":true,"href":"https:\/\/crajubaremacao.com.br\/index.php?rest_route=%2Fwp%2Fv2%2Ftags&post=63013"}],"curies":[{"name":"wp","href":"https:\/\/api.w.org\/{rel}","templated":true}]}}