{"id":63157,"date":"2025-12-23T12:02:08","date_gmt":"2025-12-23T15:02:08","guid":{"rendered":"https:\/\/crajubaremacao.com.br\/?p=63157"},"modified":"2025-12-23T12:02:08","modified_gmt":"2025-12-23T15:02:08","slug":"lula-empossa-gustavo-feliciano-como-novo-ministro-do-turismo","status":"publish","type":"post","link":"https:\/\/crajubaremacao.com.br\/?p=63157","title":{"rendered":"Lula empossa Gustavo Feliciano como novo ministro do Turismo"},"content":{"rendered":"<div>\n<div style=\"margin-bottom: 15px;\"><img decoding=\"async\" class=\"type:primaryImage\" src=\"https:\/\/jpimg.com.br\/uploads\/2025\/12\/design-sem-nome-14-5-750x450.png\"><\/div>\n<p><?xml encoding=\"UTF-8\"><\/p>\n<p>O presidente Luiz In\u00e1cio <a href=\"http:\/\/jovempan.com.br\/tag\/lula\"><strong>Lula<\/strong><\/a> da Silva (PT) empossou, nesta ter\u00e7a-feira (23), <a href=\"http:\/\/jovempan.com.br\/tag\/gustavo-feliciano\"><strong>Gustavo Feliciano<\/strong><\/a> como o novo titular do Minist\u00e9rio do Turismo. O paraibano assume a cadeira deixada por <a href=\"http:\/\/jovempan.com.br\/tag\/celso-sabino\"><strong>Celso Sabino<\/strong><\/a>, demitido ap\u00f3s press\u00e3o de uma ala de deputados federais governistas do Uni\u00e3o Brasil. O antigo ministro havia sido expulso da legenda, que articulou a troca de comando na pasta.<\/p>\n<p>A indica\u00e7\u00e3o de Feliciano reflete movimentos pol\u00edticos estrat\u00e9gicos visando o cen\u00e1rio eleitoral de 2026. O novo ministro \u00e9 filho do l\u00edder da bancada negra da <a href=\"http:\/\/jovempan.com.br\/tag\/camara\"><strong>C\u00e2mara<\/strong><\/a>, Dami\u00e3o Feliciano (Uni\u00e3o-PB), e aliado pr\u00f3ximo do presidente da Casa, <a href=\"http:\/\/jovempan.com.br\/tag\/hugo-motta\"><strong>Hugo Motta<\/strong><\/a> (Republicanos-PB). Motta confirmou ter intercedido junto a Lula pela nomea\u00e7\u00e3o, movimento interpretado por membros da c\u00fapula do Uni\u00e3o Brasil como uma tentativa de melhorar a rela\u00e7\u00e3o com o Planalto para viabilizar a candidatura de seu pai, Nabor Wanderley, ao <a href=\"http:\/\/jovempan.com.br\/tag\/senado\"><strong>Senado<\/strong><\/a> no futuro.<\/p>\n<h3><strong>Apoio parlamentar e articula\u00e7\u00e3o<\/strong><\/h3>\n<p>A cerim\u00f4nia de posse no Pal\u00e1cio do Planalto contou com a presen\u00e7a de Hugo Motta, do governador da <a href=\"http:\/\/jovempan.com.br\/tag\/paraiba\"><strong>Para\u00edba<\/strong><\/a>, Jo\u00e3o Azev\u00eado (PSB), e de lideran\u00e7as do Uni\u00e3o, PP e PSD. Em conversa com jornalistas, o presidente da C\u00e2mara destacou que seu \u201ctestemunho favor\u00e1vel\u201d ajudar\u00e1 na interlocu\u00e7\u00e3o do governo com o Uni\u00e3o Brasil.<\/p>\n<p>\u201cAcho que o presidente foi feliz na escolha do Gustavo para ser o ministro do Turismo\u201d, afirmou Motta, acrescentando que a decis\u00e3o demonstra sensibilidade pol\u00edtica e capacidade de agregar. Ele garantiu ainda que a nova gest\u00e3o ter\u00e1 o apoio do Parlamento.<\/p>\n<p>Segundo relatos, a indica\u00e7\u00e3o partiu de uma fatia da bancada do Uni\u00e3o Brasil que deseja alinhamento com Lula nas disputas regionais de 2026. Em troca, os deputados comprometeram-se a auxiliar o Planalto nas vota\u00e7\u00f5es dentro da Casa.<\/p>\n<h3><strong>Perfil do novo ministro<\/strong><\/h3>\n<p>Apesar de ter sido indicado pela bancada, Gustavo Feliciano n\u00e3o \u00e9 atualmente filiado ao Uni\u00e3o Brasil, tendo deixado o partido em outubro de 2025. Com passagens anteriores pelo PDT e MDB, ele traz experi\u00eancia administrativa na \u00e1rea, tendo atuado como secret\u00e1rio do Turismo da Para\u00edba entre 2019 e 2021. Ele \u00e9 filho da ex-vice-governadora do estado, L\u00edgia Feliciano.<\/p>\n<div class=\"cta-model cta-model2\" name=\"model2\">\n<div class=\"cta-container-general\">\n<div class=\"cta-container-model2\">\n<div class=\"container-image-text\">\n<div class=\"container-img\">\n                    <img decoding=\"async\" id=\"cta-image\" editable=\"true\" name=\"Imagem:\" src=\"https:\/\/s.jpimg.com.br\/wp-content\/plugins\/CTA-posts-selector\/assets\/images\/640_4anos-JPNews.jpg\" alt=\"cta_logo_jp\">\n                <\/div>\n<div class=\"container-title\">\n                    <span id=\"cta-text\" editable=\"true\" name=\"Conte\u00fado:\">Siga o canal da Jovem Pan News e receba as principais not\u00edcias no seu WhatsApp!<\/span>\n                <\/div>\n<\/p><\/div>\n<div class=\"cta-container-link\">\n<div class=\"cta-container-space\"><\/div>\n<p>                <a id=\"cta-link\" editable=\"true\" name=\"Link%20do%20bot%C3%A3o:\" target=\"_blank\" href=\"https:\/\/www.whatsapp.com\/channel\/0029VaAxUvrGJP8Fz9QZH93S\"><\/p>\n<div class=\"container-button\">\n                        <span id=\"cta-text2\" editable=\"true\" name=\"Texto do bot\u00e3o:\">WhatsApp<\/span>\n                    <\/div>\n<div class=\"container-icon\">\n                        <i id=\"cta-icon\" name=\"\u00cdcone do bot\u00e3o:\" editable=\"true\" class=\"fa-brands fa-whatsapp\"><\/i>\n                    <\/div>\n<p>                <\/a>\n            <\/div>\n<\/div>\n<\/div>\n<\/div>\n<p>Em seu primeiro discurso, o novo ministro agradeceu \u00e0s lideran\u00e7as partid\u00e1rias e a Hugo Motta. Feliciano defendeu o investimento no setor e a democratiza\u00e7\u00e3o do acesso ao lazer.\u00a0\u201cFelicidade e alegria n\u00e3o podem ser quest\u00e3o social. Quanto mais turismo, mais igualdade. E quanto mais turismo, mais emprego, mais renda\u201d, declarou.<\/p>\n<div class=\"list-related-posts\">\n<h3>Leia tamb\u00e9m<\/h3>\n<div class=\"related-posts-container\">\n<div class=\"related-post-item-container\">\n<div class=\"related-post\">\n<div class=\"img-related-box\">\n                                            <strong><a href=\"https:\/\/jovempan.com.br\/noticias\/politica\/moraes-diz-que-reunioes-com-galipolo-e-banqueiros-trataram-de-sancoes-dos-eua.html\" title=\"Moraes diz que reuni\u00f5es com Gal\u00edpolo e banqueiros trataram de san\u00e7\u00f5es dos EUA\"><img decoding=\"async\" src=\"https:\/\/jpimg.com.br\/uploads\/2025\/12\/design-sem-nome-12-4.png\"><\/a><\/strong>\n                                        <\/div>\n<p>                                        <span class=\"box-the-title\"><br \/>\n                                            <strong><a href=\"https:\/\/jovempan.com.br\/noticias\/politica\/moraes-diz-que-reunioes-com-galipolo-e-banqueiros-trataram-de-sancoes-dos-eua.html\" title=\"Moraes diz que reuni\u00f5es com Gal\u00edpolo e banqueiros trataram de san\u00e7\u00f5es dos EUA\">Moraes diz que reuni\u00f5es com Gal\u00edpolo e banqueiros trataram de san\u00e7\u00f5es dos EUA<\/a><\/strong><br \/>\n                                        <\/span>\n                                    <\/div>\n<div class=\"related-post\">\n<div class=\"img-related-box\">\n                                            <strong><a href=\"https:\/\/jovempan.com.br\/noticias\/economia\/ipca-15-sobe-025-em-dezembro-e-acumula-alta-de-441-em-2025.html\" title=\"IPCA-15 sobe 0,25% em dezembro e acumula alta de 4,41% em 2025\"><img decoding=\"async\" src=\"https:\/\/jpimg.com.br\/uploads\/2024\/02\/economia_ilustracao-2.jpg\"><\/a><\/strong>\n                                        <\/div>\n<p>                                        <span class=\"box-the-title\"><br \/>\n                                            <strong><a href=\"https:\/\/jovempan.com.br\/noticias\/economia\/ipca-15-sobe-025-em-dezembro-e-acumula-alta-de-441-em-2025.html\" title=\"IPCA-15 sobe 0,25% em dezembro e acumula alta de 4,41% em 2025\">IPCA-15 sobe 0,25% em dezembro e acumula alta de 4,41% em 2025<\/a><\/strong><br \/>\n                                        <\/span>\n                                    <\/div>\n<\/p><\/div>\n<\/p><\/div>\n<\/p><\/div>\n<\/div>\n","protected":false},"excerpt":{"rendered":"<p>O presidente Luiz In\u00e1cio Lula da Silva (PT) empossou, nesta ter\u00e7a-feira (23), Gustavo Feliciano como o novo titular do Minist\u00e9rio do Turismo. O paraibano assume a cadeira deixada por Celso Sabino, demitido ap\u00f3s press\u00e3o de uma ala de deputados federais governistas do Uni\u00e3o Brasil. O antigo ministro havia sido expulso da legenda, que articulou a [&hellip;]<\/p>\n","protected":false},"author":117,"featured_media":63158,"comment_status":"closed","ping_status":"closed","sticky":false,"template":"","format":"standard","meta":{"_themeisle_gutenberg_block_has_review":false,"_jetpack_memberships_contains_paid_content":false,"footnotes":""},"categories":[9],"tags":[129],"class_list":{"0":"post-63157","1":"post","2":"type-post","3":"status-publish","4":"format-standard","5":"has-post-thumbnail","7":"category-politica","8":"tag-politica"},"jetpack_featured_media_url":"https:\/\/crajubaremacao.com.br\/wp-content\/uploads\/2025\/12\/design-sem-nome-14-5-750x450-1.png","jetpack_sharing_enabled":true,"_links":{"self":[{"href":"https:\/\/crajubaremacao.com.br\/index.php?rest_route=\/wp\/v2\/posts\/63157","targetHints":{"allow":["GET"]}}],"collection":[{"href":"https:\/\/crajubaremacao.com.br\/index.php?rest_route=\/wp\/v2\/posts"}],"about":[{"href":"https:\/\/crajubaremacao.com.br\/index.php?rest_route=\/wp\/v2\/types\/post"}],"author":[{"embeddable":true,"href":"https:\/\/crajubaremacao.com.br\/index.php?rest_route=\/wp\/v2\/users\/117"}],"replies":[{"embeddable":true,"href":"https:\/\/crajubaremacao.com.br\/index.php?rest_route=%2Fwp%2Fv2%2Fcomments&post=63157"}],"version-history":[{"count":0,"href":"https:\/\/crajubaremacao.com.br\/index.php?rest_route=\/wp\/v2\/posts\/63157\/revisions"}],"wp:featuredmedia":[{"embeddable":true,"href":"https:\/\/crajubaremacao.com.br\/index.php?rest_route=\/wp\/v2\/media\/63158"}],"wp:attachment":[{"href":"https:\/\/crajubaremacao.com.br\/index.php?rest_route=%2Fwp%2Fv2%2Fmedia&parent=63157"}],"wp:term":[{"taxonomy":"category","embeddable":true,"href":"https:\/\/crajubaremacao.com.br\/index.php?rest_route=%2Fwp%2Fv2%2Fcategories&post=63157"},{"taxonomy":"post_tag","embeddable":true,"href":"https:\/\/crajubaremacao.com.br\/index.php?rest_route=%2Fwp%2Fv2%2Ftags&post=63157"}],"curies":[{"name":"wp","href":"https:\/\/api.w.org\/{rel}","templated":true}]}}