{"id":63165,"date":"2025-12-23T18:03:28","date_gmt":"2025-12-23T21:03:28","guid":{"rendered":"https:\/\/crajubaremacao.com.br\/?p=63165"},"modified":"2025-12-23T18:03:28","modified_gmt":"2025-12-23T21:03:28","slug":"diretor-do-flamengo-diz-que-grandeza-do-clube-e-maior-que-a-do-palmeiras","status":"publish","type":"post","link":"https:\/\/crajubaremacao.com.br\/?p=63165","title":{"rendered":"Diretor do Flamengo diz que \u2018grandeza\u2019 do clube \u00e9 maior que a do Palmeiras"},"content":{"rendered":"<div>\n<div style=\"margin-bottom: 15px;\"><img decoding=\"async\" class=\"type:primaryImage\" src=\"https:\/\/jpimg.com.br\/uploads\/2025\/12\/wpr20251025019-750x500.jpg\"><\/div>\n<p><?xml encoding=\"UTF-8\"><\/p>\n<div class=\"flex flex-col text-sm pb-25\">\n<article class=\"text-token-text-primary w-full focus:outline-none [--shadow-height:45px] has-data-writing-block:pointer-events-none has-data-writing-block:-mt-(--shadow-height) has-data-writing-block:pt-(--shadow-height) [&amp;:has([data-writing-block])&gt;*]:pointer-events-auto scroll-mt-[calc(var(--header-height)+min(200px,max(70px,20svh)))]\" dir=\"auto\" tabindex=\"-1\" data-turn-id=\"request-WEB:04224e01-11f8-4c85-b7ec-d6aa35118f9c-23\" data-testid=\"conversation-turn-48\" data-scroll-anchor=\"true\" data-turn=\"assistant\">\n<div class=\"text-base my-auto mx-auto pb-10 [--thread-content-margin:--spacing(4)] @w-sm\/main:[--thread-content-margin:--spacing(6)] @w-lg\/main:[--thread-content-margin:--spacing(16)] px-(--thread-content-margin)\">\n<div class=\"[--thread-content-max-width:40rem] @w-lg\/main:[--thread-content-max-width:48rem] mx-auto max-w-(--thread-content-max-width) flex-1 group\/turn-messages focus-visible:outline-hidden relative flex w-full min-w-0 flex-col agent-turn\" tabindex=\"-1\">\n<div class=\"flex max-w-full flex-col grow\">\n<div class=\"min-h-8 text-message relative flex w-full flex-col items-end gap-2 text-start break-words whitespace-normal [.text-message+&amp;]:mt-1\" dir=\"auto\" data-message-author-role=\"assistant\" data-message-id=\"ae2bba0d-3c40-427e-b54b-de5f635b0029\" data-message-model-slug=\"gpt-5-2\">\n<div class=\"flex w-full flex-col gap-1 empty:hidden first:pt-[1px]\">\n<div class=\"markdown prose dark:prose-invert w-full break-words light markdown-new-styling\">Apesar de um ano vitorioso, com as conquistas do Campeonato Brasileiro e da Copa Libertadores, o Flamengo enfrenta uma reflex\u00e3o importante sobre o uso de atletas das categorias de base no elenco profissional. A escassez de jogadores formados no clube gerou pol\u00eamica, especialmente em compara\u00e7\u00e3o com o Palmeiras.<\/div>\n<\/div>\n<\/div>\n<\/div>\n<div class=\"z-0 flex min-h-[46px] justify-start\">\n<p data-start=\"388\" data-end=\"777\">Em entrevista ao podcast <em data-start=\"413\" data-end=\"438\">No Princ\u00edpio Era a Bola<\/em>, do jornal <em data-start=\"450\" data-end=\"468\">Tribuna Expresso<\/em> de Portugal, o diretor de futebol do Flamengo, Jos\u00e9 Boto, destacou a diferen\u00e7a entre os clubes no que diz respeito \u00e0 transi\u00e7\u00e3o dos jogadores da base para o time principal. Boto afirmou que o Palmeiras est\u00e1 mais avan\u00e7ado nesse aspecto, mas destacou que a press\u00e3o enfrentada pelo Flamengo \u00e9 muito mais intensa.<\/p>\n<p data-start=\"779\" data-end=\"1285\">\u201cO Palmeiras est\u00e1 \u00e0 frente, n\u00e3o por ter melhores jogadores, mas pela forma como faz a transi\u00e7\u00e3o para o profissional. Mas, no Flamengo, a press\u00e3o \u00e9 diferente. O Palmeiras, apesar da grandeza que tem, n\u00e3o tem a grandeza do Flamengo. N\u00e3o estamos falando do jogador n\u00e3o estar pronto, mas sim das cr\u00edticas absurdas nas redes sociais, at\u00e9 na m\u00e3e do jogador\u201d, criticou Boto, ao citar o exemplo do zagueiro Jo\u00e3o Victor, que teve um erro marcante em dois jogos com o time profissional. \u201cEle tem grande potencial, mas aquele erro pode afetar a confian\u00e7a de qualquer jovem jogador\u201d, completou.<\/p>\n<h3 data-start=\"1287\" data-end=\"1331\"><strong data-start=\"1287\" data-end=\"1331\">Desafios para 2026 e foco na experi\u00eancia<\/strong><\/h3>\n<p data-start=\"1333\" data-end=\"1634\">Boto tamb\u00e9m comentou sobre os desafios para a temporada de 2026, destacando que, apesar das conquistas de 2025, o Flamengo enfrentar\u00e1 grandes cobran\u00e7as. \u201cSer\u00e1 mais dif\u00edcil repetir o que fizemos, porque a torcida e a imprensa v\u00e3o exigir ainda mais, mesmo quando n\u00e3o h\u00e1 mais t\u00edtulos para ganhar\u201d, disse.<\/p>\n<p data-start=\"1636\" data-end=\"1892\">O diretor indicou que o elenco passar\u00e1 por ajustes pontuais, mas descartou grandes mudan\u00e7as no time. \u201cA preocupa\u00e7\u00e3o \u00e9 dar f\u00e9rias adequadas aos jogadores para que se recuperem mentalmente. N\u00e3o queremos uma revolu\u00e7\u00e3o no time, apenas ajustes calmos\u201d, afirmou.<\/p>\n<p data-start=\"1636\" data-end=\"1892\">\n<div class=\"cta-model cta-model2\" name=\"model2\">\n<div class=\"cta-container-general\">\n<div class=\"cta-container-model2\">\n<div class=\"container-image-text\">\n<div class=\"container-img\">\n                    <img decoding=\"async\" id=\"cta-image\" editable=\"true\" name=\"Imagem:\" src=\"https:\/\/s.jpimg.com.br\/wp-content\/plugins\/CTA-posts-selector\/assets\/images\/640_4anos-JPNews.jpg\" alt=\"cta_logo_jp\">\n                <\/div>\n<div class=\"container-title\">\n                    <span id=\"cta-text\" editable=\"true\" name=\"Conte\u00fado:\">Siga o canal da Jovem Pan News e receba as principais not\u00edcias no seu WhatsApp!<\/span>\n                <\/div>\n<\/p><\/div>\n<div class=\"cta-container-link\">\n<div class=\"cta-container-space\"><\/div>\n<p>                <a id=\"cta-link\" editable=\"true\" name=\"Link%20do%20bot%C3%A3o:\" target=\"_blank\" href=\"https:\/\/www.whatsapp.com\/channel\/0029VaAxUvrGJP8Fz9QZH93S\"><\/p>\n<div class=\"container-button\">\n                        <span id=\"cta-text2\" editable=\"true\" name=\"Texto do bot\u00e3o:\">WhatsApp<\/span>\n                    <\/div>\n<div class=\"container-icon\">\n                        <i id=\"cta-icon\" name=\"\u00cdcone do bot\u00e3o:\" editable=\"true\" class=\"fa-brands fa-whatsapp\"><\/i>\n                    <\/div>\n<p>                <\/a>\n            <\/div>\n<\/div>\n<\/div>\n<\/div>\n<h3 data-start=\"1894\" data-end=\"1931\"><strong data-start=\"1894\" data-end=\"1931\">O mercado europeu como prioridade<\/strong><\/h3>\n<p data-start=\"1933\" data-end=\"2339\" data-is-last-node=\"\" data-is-only-node=\"\">Em rela\u00e7\u00e3o ao mercado de contrata\u00e7\u00f5es, Boto explicou que o Flamengo tem focado mais no mercado europeu, pois o sul-americano n\u00e3o oferece tantas op\u00e7\u00f5es prontas para a press\u00e3o que o clube exige. \u201cJogadores com mais bagagem e experi\u00eancia lidam melhor com a press\u00e3o do Maracan\u00e3 e a m\u00eddia constante\u201d, completou o dirigente, reafirmando que o clube busca trazer uma cultura mais europeia para dentro do Flamengo.<\/p>\n<p data-start=\"1933\" data-end=\"2339\" data-is-last-node=\"\" data-is-only-node=\"\"><em>*Com informa\u00e7\u00f5es do Estad\u00e3o Conte\u00fado<\/em><\/p>\n<p data-start=\"1933\" data-end=\"2339\" data-is-last-node=\"\" data-is-only-node=\"\">\n<div class=\"list-related-posts\">\n<h3>Leia tamb\u00e9m<\/h3>\n<div class=\"related-posts-container\">\n<div class=\"related-post-item-container\">\n<div class=\"related-post\">\n<div class=\"img-related-box\">\n                                            <strong><a href=\"https:\/\/jovempan.com.br\/esportes\/futebol\/corinthians\/corinthians-enfrenta-maratona-de-jogos-com-classicos-e-decisao-da-supercopa-em-janeiro.html\" title=\"Corinthians enfrenta maratona de jogos com cl\u00e1ssicos e decis\u00e3o da Supercopa em janeiro\"><img decoding=\"async\" src=\"https:\/\/jpimg.com.br\/uploads\/2025\/12\/design-sem-nome-7-7.png\"><\/a><\/strong>\n                                        <\/div>\n<p>                                        <span class=\"box-the-title\"><br \/>\n                                            <strong><a href=\"https:\/\/jovempan.com.br\/esportes\/futebol\/corinthians\/corinthians-enfrenta-maratona-de-jogos-com-classicos-e-decisao-da-supercopa-em-janeiro.html\" title=\"Corinthians enfrenta maratona de jogos com cl\u00e1ssicos e decis\u00e3o da Supercopa em janeiro\">Corinthians enfrenta maratona de jogos com cl\u00e1ssicos e decis\u00e3o da Supercopa em janeiro<\/a><\/strong><br \/>\n                                        <\/span>\n                                    <\/div>\n<div class=\"related-post\">\n<div class=\"img-related-box\">\n                                            <strong><a href=\"https:\/\/jovempan.com.br\/esportes\/futebol\/corinthians-garante-a-ultima-vaga-brasileira-na-libertadores.html\" title=\"Corinthians garante a \u00faltima vaga brasileira na Libertadores\"><img decoding=\"async\" src=\"https:\/\/jpimg.com.br\/uploads\/2025\/12\/cdg20251221086.jpg\"><\/a><\/strong>\n                                        <\/div>\n<p>                                        <span class=\"box-the-title\"><br \/>\n                                            <strong><a href=\"https:\/\/jovempan.com.br\/esportes\/futebol\/corinthians-garante-a-ultima-vaga-brasileira-na-libertadores.html\" title=\"Corinthians garante a \u00faltima vaga brasileira na Libertadores\">Corinthians garante a \u00faltima vaga brasileira na Libertadores<\/a><\/strong><br \/>\n                                        <\/span>\n                                    <\/div>\n<\/p><\/div>\n<\/p><\/div>\n<\/p><\/div>\n<\/div>\n<div class=\"mt-3 w-full empty:hidden\">\n<div class=\"text-center\"><\/div>\n<\/div>\n<\/div>\n<\/div>\n<\/article>\n<\/div>\n<div class=\"pointer-events-none h-px w-px absolute bottom-0\" aria-hidden=\"true\" data-edge=\"true\"><\/div>\n<\/div>\n","protected":false},"excerpt":{"rendered":"<p>Apesar de um ano vitorioso, com as conquistas do Campeonato Brasileiro e da Copa Libertadores, o Flamengo enfrenta uma reflex\u00e3o importante sobre o uso de atletas das categorias de base no elenco profissional. A escassez de jogadores formados no clube gerou pol\u00eamica, especialmente em compara\u00e7\u00e3o com o Palmeiras. Em entrevista ao podcast No Princ\u00edpio Era [&hellip;]<\/p>\n","protected":false},"author":260,"featured_media":63166,"comment_status":"closed","ping_status":"closed","sticky":false,"template":"","format":"standard","meta":{"_themeisle_gutenberg_block_has_review":false,"_jetpack_memberships_contains_paid_content":false,"footnotes":""},"categories":[12],"tags":[153],"class_list":{"0":"post-63165","1":"post","2":"type-post","3":"status-publish","4":"format-standard","5":"has-post-thumbnail","7":"category-esportes","8":"tag-esportes"},"jetpack_featured_media_url":"https:\/\/crajubaremacao.com.br\/wp-content\/uploads\/2025\/12\/wpr20251025019-750x500-1.jpg","jetpack_sharing_enabled":true,"_links":{"self":[{"href":"https:\/\/crajubaremacao.com.br\/index.php?rest_route=\/wp\/v2\/posts\/63165","targetHints":{"allow":["GET"]}}],"collection":[{"href":"https:\/\/crajubaremacao.com.br\/index.php?rest_route=\/wp\/v2\/posts"}],"about":[{"href":"https:\/\/crajubaremacao.com.br\/index.php?rest_route=\/wp\/v2\/types\/post"}],"author":[{"embeddable":true,"href":"https:\/\/crajubaremacao.com.br\/index.php?rest_route=\/wp\/v2\/users\/260"}],"replies":[{"embeddable":true,"href":"https:\/\/crajubaremacao.com.br\/index.php?rest_route=%2Fwp%2Fv2%2Fcomments&post=63165"}],"version-history":[{"count":0,"href":"https:\/\/crajubaremacao.com.br\/index.php?rest_route=\/wp\/v2\/posts\/63165\/revisions"}],"wp:featuredmedia":[{"embeddable":true,"href":"https:\/\/crajubaremacao.com.br\/index.php?rest_route=\/wp\/v2\/media\/63166"}],"wp:attachment":[{"href":"https:\/\/crajubaremacao.com.br\/index.php?rest_route=%2Fwp%2Fv2%2Fmedia&parent=63165"}],"wp:term":[{"taxonomy":"category","embeddable":true,"href":"https:\/\/crajubaremacao.com.br\/index.php?rest_route=%2Fwp%2Fv2%2Fcategories&post=63165"},{"taxonomy":"post_tag","embeddable":true,"href":"https:\/\/crajubaremacao.com.br\/index.php?rest_route=%2Fwp%2Fv2%2Ftags&post=63165"}],"curies":[{"name":"wp","href":"https:\/\/api.w.org\/{rel}","templated":true}]}}