{"id":63206,"date":"2025-12-24T12:04:15","date_gmt":"2025-12-24T15:04:15","guid":{"rendered":"https:\/\/crajubaremacao.com.br\/?p=63206"},"modified":"2025-12-24T12:04:15","modified_gmt":"2025-12-24T15:04:15","slug":"tornado-com-ventos-acima-de-100-km-h-destroi-casas-e-escola-no-rs","status":"publish","type":"post","link":"https:\/\/crajubaremacao.com.br\/?p=63206","title":{"rendered":"Tornado com ventos acima de 100 km\/h destr\u00f3i casas e escola no RS"},"content":{"rendered":"<div>\n<div style=\"margin-bottom: 15px;\"><img decoding=\"async\" class=\"type:primaryImage\" src=\"https:\/\/crajubaremacao.com.br\/wp-content\/uploads\/2025\/12\/design-sem-nome-2025-12-24t111648070-750x450-1.png\"><\/div>\n<p><?xml encoding=\"UTF-8\"><\/p>\n<p>Um tornado de curta dura\u00e7\u00e3o atingiu a cidade de Farroupilha, no <a href=\"http:\/\/jovempan.com.br\/tag\/rio-grande-do-sul\"><strong>Rio Grande do Sul<\/strong><\/a>, na ter\u00e7a-feira (23). A tempestade teve ventos que superaram 100 km\/h, que destru\u00edram 15 resid\u00eancias e uma escola.\u00a0At\u00e9 a apura\u00e7\u00e3o mais recente da reportagem, feita no fim da noite de ter\u00e7a, havia apenas danos materiais, sem v\u00edtimas, de acordo com a Defesa Civil Estadual.<\/p>\n<p>A Escola Municipal Jos\u00e9 Chesini sofreu destelhamento quase total e alagamentos internos, informa a prefeitura. \u201cA limpeza e a coloca\u00e7\u00e3o de lonas j\u00e1 est\u00e3o em andamento. Ningu\u00e9m estava no pr\u00e9dio durante o temporal e n\u00e3o houve feridos.\u201d<\/p>\n<p>J\u00e1 nas casas, h\u00e1 queda de fia\u00e7\u00e3o el\u00e9trica sobre vias, o que aumenta o risco para quem circula na \u00e1rea. A prefeitura disse que acionou o desligamento da rede el\u00e9trica.<\/p>\n<p>A cidade de cerca de 72 mil habitantes fica na Serra Ga\u00facha, a 110 quil\u00f4metros de <a href=\"http:\/\/jovempan.com.br\/tag\/porto-alegre\"><strong>Porto Alegre<\/strong><\/a>, perto de Caxias do Sul, Bento Gon\u00e7alves e Flores da Cunha.<\/p>\n<p>O Centro de Monitoramento da Defesa Civil Estadual confirmou o tornado por meio da an\u00e1lise de imagens a\u00e9reas do desastre na comunidade de Vila Rica, interior de Farroupilha.\u00a0Elas mostram que o padr\u00e3o de danos indica que os destro\u00e7os foram espalhados para diferentes dire\u00e7\u00f5es, o que caracteriza o fen\u00f4meno.<\/p>\n<p>\u00c0s 12h58, o Centro de Opera\u00e7\u00f5es enviou alerta laranja para a regi\u00e3o de Farroupilha, incluindo a localidade atingida, com potencial para chuva, vento e raios.<\/p>\n<p>A Defesa Civil de Farroupilha solicita que a popula\u00e7\u00e3o n\u00e3o se desloque at\u00e9 os locais afetados. \u201cA medida \u00e9 necess\u00e1ria para garantir o atendimento \u00e0s fam\u00edlias prejudicadas e para preservar a seguran\u00e7a de todos.\u201d<\/p>\n<div class=\"cta-model cta-model2\" name=\"model2\">\n<div class=\"cta-container-general\">\n<div class=\"cta-container-model2\">\n<div class=\"container-image-text\">\n<div class=\"container-img\">\n                    <img decoding=\"async\" id=\"cta-image\" editable=\"true\" name=\"Imagem:\" src=\"https:\/\/crajubaremacao.com.br\/wp-content\/uploads\/2025\/12\/640_4anos-JPNews-45.jpg\" alt=\"cta_logo_jp\">\n                <\/div>\n<div class=\"container-title\">\n                    <span id=\"cta-text\" editable=\"true\" name=\"Conte\u00fado:\">Siga o canal da Jovem Pan News e receba as principais not\u00edcias no seu WhatsApp!<\/span>\n                <\/div>\n<\/p><\/div>\n<div class=\"cta-container-link\">\n<div class=\"cta-container-space\"><\/div>\n<p>                <a id=\"cta-link\" editable=\"true\" name=\"Link%20do%20bot%C3%A3o:\" target=\"_blank\" href=\"https:\/\/www.whatsapp.com\/channel\/0029VaAxUvrGJP8Fz9QZH93S\"><\/p>\n<div class=\"container-button\">\n                        <span id=\"cta-text2\" editable=\"true\" name=\"Texto do bot\u00e3o:\">WhatsApp<\/span>\n                    <\/div>\n<div class=\"container-icon\">\n                        <i id=\"cta-icon\" name=\"\u00cdcone do bot\u00e3o:\" editable=\"true\" class=\"fa-brands fa-whatsapp\"><\/i>\n                    <\/div>\n<p>                <\/a>\n            <\/div>\n<\/div>\n<\/div>\n<\/div>\n<p>J\u00e1 a Defesa Civil do Rio Grande do Sul diz que ir\u00e1 avaliar os danos e organizar as pr\u00f3ximas a\u00e7\u00f5es de reconstru\u00e7\u00e3o. \u201cA orienta\u00e7\u00e3o \u00e9 clara: n\u00e3o v\u00e1 at\u00e9 as \u00e1reas atingidas. As equipes est\u00e3o mobilizadas e trabalhando para garantir seguran\u00e7a e assist\u00eancia \u00e0s fam\u00edlias\u201d, refor\u00e7a. \u201cA equipe da 9\u00aa Coordenadoria Regional de Prote\u00e7\u00e3o e Defesa Civil, com sede em Caxias do Sul, esteve na cidade de Farroupilha para apoiar a gest\u00e3o local no levantamento dos danos e eventuais medidas de gerenciamento do desastre que ser\u00e3o adotadas\u201d, informou.<\/p>\n<p><em>*Com informa\u00e7\u00f5es do Estad\u00e3o Conte\u00fado<br \/>\n<\/em><em>Publicado por N\u00edcolas Robert<\/em><\/p>\n<div class=\"list-related-posts\">\n<h3>Leia tamb\u00e9m<\/h3>\n<div class=\"related-posts-container\">\n<div class=\"related-post-item-container\">\n<div class=\"related-post\">\n<div class=\"img-related-box\">\n                                            <strong><a href=\"https:\/\/jovempan.com.br\/noticias\/politica\/michelle-pede-oracoes-e-avisa-que-ficara-sem-celular-durante-internacao-de-bolsonaro.html\" title=\"Michelle pede ora\u00e7\u00f5es e avisa que ficar\u00e1 sem celular durante interna\u00e7\u00e3o de Bolsonaro\"><img decoding=\"async\" src=\"https:\/\/crajubaremacao.com.br\/wp-content\/uploads\/2025\/12\/age20250606007.jpg\"><\/a><\/strong>\n                                        <\/div>\n<p>                                        <span class=\"box-the-title\"><br \/>\n                                            <strong><a href=\"https:\/\/jovempan.com.br\/noticias\/politica\/michelle-pede-oracoes-e-avisa-que-ficara-sem-celular-durante-internacao-de-bolsonaro.html\" title=\"Michelle pede ora\u00e7\u00f5es e avisa que ficar\u00e1 sem celular durante interna\u00e7\u00e3o de Bolsonaro\">Michelle pede ora\u00e7\u00f5es e avisa que ficar\u00e1 sem celular durante interna\u00e7\u00e3o de Bolsonaro<\/a><\/strong><br \/>\n                                        <\/span>\n                                    <\/div>\n<div class=\"related-post\">\n<div class=\"img-related-box\">\n                                            <strong><a href=\"https:\/\/jovempan.com.br\/noticias\/politica\/bolsonaro-ficara-em-ala-isolada-de-hospital-antes-de-cirurgia.html\" title=\"Bolsonaro ficar\u00e1 em ala isolada de hospital antes de cirurgia\"><img decoding=\"async\" src=\"https:\/\/crajubaremacao.com.br\/wp-content\/uploads\/2025\/12\/age20250911072.jpg\"><\/a><\/strong>\n                                        <\/div>\n<p>                                        <span class=\"box-the-title\"><br \/>\n                                            <strong><a href=\"https:\/\/jovempan.com.br\/noticias\/politica\/bolsonaro-ficara-em-ala-isolada-de-hospital-antes-de-cirurgia.html\" title=\"Bolsonaro ficar\u00e1 em ala isolada de hospital antes de cirurgia\">Bolsonaro ficar\u00e1 em ala isolada de hospital antes de cirurgia<\/a><\/strong><br \/>\n                                        <\/span>\n                                    <\/div>\n<\/p><\/div>\n<\/p><\/div>\n<\/p><\/div>\n<\/div>\n","protected":false},"excerpt":{"rendered":"<p>Um tornado de curta dura\u00e7\u00e3o atingiu a cidade de Farroupilha, no Rio Grande do Sul, na ter\u00e7a-feira (23). A tempestade teve ventos que superaram 100 km\/h, que destru\u00edram 15 resid\u00eancias e uma escola.\u00a0At\u00e9 a apura\u00e7\u00e3o mais recente da reportagem, feita no fim da noite de ter\u00e7a, havia apenas danos materiais, sem v\u00edtimas, de acordo com [&hellip;]<\/p>\n","protected":false},"author":117,"featured_media":63207,"comment_status":"closed","ping_status":"closed","sticky":false,"template":"","format":"standard","meta":{"_themeisle_gutenberg_block_has_review":false,"_jetpack_memberships_contains_paid_content":false,"footnotes":""},"categories":[2],"tags":[150],"class_list":{"0":"post-63206","1":"post","2":"type-post","3":"status-publish","4":"format-standard","5":"has-post-thumbnail","7":"category-brasil","8":"tag-brasil"},"jetpack_featured_media_url":"https:\/\/crajubaremacao.com.br\/wp-content\/uploads\/2025\/12\/design-sem-nome-2025-12-24t111648070-750x450-1.png","jetpack_sharing_enabled":true,"_links":{"self":[{"href":"https:\/\/crajubaremacao.com.br\/index.php?rest_route=\/wp\/v2\/posts\/63206","targetHints":{"allow":["GET"]}}],"collection":[{"href":"https:\/\/crajubaremacao.com.br\/index.php?rest_route=\/wp\/v2\/posts"}],"about":[{"href":"https:\/\/crajubaremacao.com.br\/index.php?rest_route=\/wp\/v2\/types\/post"}],"author":[{"embeddable":true,"href":"https:\/\/crajubaremacao.com.br\/index.php?rest_route=\/wp\/v2\/users\/117"}],"replies":[{"embeddable":true,"href":"https:\/\/crajubaremacao.com.br\/index.php?rest_route=%2Fwp%2Fv2%2Fcomments&post=63206"}],"version-history":[{"count":0,"href":"https:\/\/crajubaremacao.com.br\/index.php?rest_route=\/wp\/v2\/posts\/63206\/revisions"}],"wp:featuredmedia":[{"embeddable":true,"href":"https:\/\/crajubaremacao.com.br\/index.php?rest_route=\/wp\/v2\/media\/63207"}],"wp:attachment":[{"href":"https:\/\/crajubaremacao.com.br\/index.php?rest_route=%2Fwp%2Fv2%2Fmedia&parent=63206"}],"wp:term":[{"taxonomy":"category","embeddable":true,"href":"https:\/\/crajubaremacao.com.br\/index.php?rest_route=%2Fwp%2Fv2%2Fcategories&post=63206"},{"taxonomy":"post_tag","embeddable":true,"href":"https:\/\/crajubaremacao.com.br\/index.php?rest_route=%2Fwp%2Fv2%2Ftags&post=63206"}],"curies":[{"name":"wp","href":"https:\/\/api.w.org\/{rel}","templated":true}]}}