{"id":63208,"date":"2025-12-24T12:04:28","date_gmt":"2025-12-24T15:04:28","guid":{"rendered":"https:\/\/crajubaremacao.com.br\/?p=63208"},"modified":"2025-12-24T12:04:28","modified_gmt":"2025-12-24T15:04:28","slug":"lula-publica-decreto-que-aumenta-salario-minimo-para-r-1-621-em-2026","status":"publish","type":"post","link":"https:\/\/crajubaremacao.com.br\/?p=63208","title":{"rendered":"Lula publica decreto que aumenta sal\u00e1rio m\u00ednimo para R$ 1.621 em 2026"},"content":{"rendered":"<div>\n<div style=\"margin-bottom: 15px;\"><img decoding=\"async\" class=\"type:primaryImage\" src=\"https:\/\/jpimg.com.br\/uploads\/2017\/04\/H_20101118_204035-300x225.jpg\"><\/div>\n<p><?xml encoding=\"UTF-8\"><\/p>\n<p>O governo federal publicou nesta quarta-feira, 24, no Di\u00e1rio Oficial da Uni\u00e3o, o Decreto que estabelece o valor do sal\u00e1rio m\u00ednimo que ir\u00e1 vigorar a partir de 1\u00ba de janeiro de 2026. Conforme o projeto or\u00e7ament\u00e1rio para o pr\u00f3ximo ano aprovado pelo Congresso, o sal\u00e1rio m\u00ednimo passar\u00e1 dos atuais R$ 1.518,00 para R$ 1.621,00 em 2026, uma corre\u00e7\u00e3o de 6,79%.<\/p>\n<p>Pelas regras em vigor, o valor do m\u00ednimo \u00e9 atualizado pela infla\u00e7\u00e3o medida pelo \u00cdndice Nacional de Pre\u00e7os ao Consumidor (INPC) acumulado em 12 meses at\u00e9 novembro, mais o crescimento da economia brasileira dois anos antes, no caso 2024.<\/p>\n<p>O reajuste entra em vigor em janeiro, com o pagamento efetivo ocorrendo a partir de fevereiro. O aumento de R$ 103 reflete a atual pol\u00edtica de valoriza\u00e7\u00e3o do m\u00ednimo, embora tenha sofrido limita\u00e7\u00f5es devido \u00e0s novas regras fiscais aprovadas no final do ano passado.<\/p>\n<h3><strong>Regra do reajuste e o \u2018teto\u2019<\/strong><\/h3>\n<p>A defini\u00e7\u00e3o do novo valor segue uma f\u00f3rmula composta por dois indicadores econ\u00f4micos principais:<\/p>\n<p><strong>Infla\u00e7\u00e3o (INPC):<\/strong> A reposi\u00e7\u00e3o das perdas inflacion\u00e1rias medidas pelo \u00cdndice Nacional de Pre\u00e7os ao Consumidor em 12 meses at\u00e9 novembro (4,4%, segundo o <a href=\"http:\/\/jovempan.com.br\/tag\/ibge\"><strong>IBGE<\/strong><\/a>);<\/p>\n<p><strong>Crescimento do <a href=\"http:\/\/jovempan.com.br\/tag\/pib\">PIB<\/a>:<\/strong> O crescimento real da economia de dois anos antes (neste caso, o PIB de 2024);<\/p>\n<p>Embora o Produto Interno Bruto (PIB) de 2024 tenha crescido 3,4%, o aumento real repassado ao trabalhador foi limitado a 2,5%. Essa trava ocorre devido ao teto de gastos imposto pelo novo arcabou\u00e7o fiscal, que restringe o crescimento real das despesas a esse percentual.<\/p>\n<h3><strong>Impacto social<\/strong><\/h3>\n<p>Segundo nota t\u00e9cnica do Departamento Intersindical de Estat\u00edstica e Estudos Socioecon\u00f4micos (Dieese), o sal\u00e1rio m\u00ednimo serve de refer\u00eancia direta para 59,9 milh\u00f5es de pessoas no <a href=\"http:\/\/jovempan.com.br\/tag\/brasil\"><strong>Brasil<\/strong><\/a>.<\/p>\n<p>O reajuste impacta n\u00e3o apenas os trabalhadores da ativa, mas uma vasta gama de benefici\u00e1rios de programas sociais e previdenci\u00e1rios, incluindo:<\/p>\n<p><strong>\u2013 Aposentadorias do INSS;<\/strong><\/p>\n<p><strong>\u2013 Benef\u00edcio de Presta\u00e7\u00e3o Continuada (BPC);<\/strong><\/p>\n<p><strong>\u2013 Abono salarial;<\/strong><\/p>\n<p><strong>\u2013 Seguro-desemprego;<\/strong><\/p>\n<h3><strong>Peso nas contas p\u00fablicas<\/strong><\/h3>\n<p>O aumento do piso nacional gera um efeito cascata imediato nas despesas do governo federal, visto que os benef\u00edcios previdenci\u00e1rios e assistenciais s\u00e3o indexados ao m\u00ednimo.<\/p>\n<p>C\u00e1lculos do governo indicam que cada R$ 1 de aumento no sal\u00e1rio m\u00ednimo gera uma despesa adicional de aproximadamente R$ 420 milh\u00f5es.\u00a0Desta forma, o incremento de R$ 103 resultar\u00e1 em um aumento de cerca de R$ 43,2 bilh\u00f5es nas despesas obrigat\u00f3rias para 2026. Economistas alertam que essa eleva\u00e7\u00e3o comprime o or\u00e7amento, reduzindo os recursos dispon\u00edveis para gastos \u201cdiscricion\u00e1rios\u201d (investimentos e custeio da m\u00e1quina p\u00fablica) e pressionando a d\u00edvida p\u00fablica.<\/p>\n<p>H\u00e1 um debate crescente entre especialistas sobre a possibilidade de desvincular o piso dos benef\u00edcios previdenci\u00e1rios do sal\u00e1rio m\u00ednimo, mantendo apenas a corre\u00e7\u00e3o pela infla\u00e7\u00e3o para esses casos, visando o equil\u00edbrio fiscal.<\/p>\n<h3><strong>Disparidade com o \u2018sal\u00e1rio ideal\u2019<\/strong><\/h3>\n<p>Apesar do reajuste, o valor ainda est\u00e1 distante do que \u00e9 considerado necess\u00e1rio para o sustento digno de uma fam\u00edlia brasileira.<\/p>\n<p>O Dieese estima que, para cobrir despesas b\u00e1sicas com alimenta\u00e7\u00e3o, moradia, sa\u00fade, educa\u00e7\u00e3o, vestu\u00e1rio, higiene, transporte, lazer e previd\u00eancia, o sal\u00e1rio m\u00ednimo deveria ser de R$ 7.067,18 (dados de novembro). Esse montante equivale a 4,66 vezes o valor do piso atual.<\/p>\n<\/div>\n","protected":false},"excerpt":{"rendered":"<p>O governo federal publicou nesta quarta-feira, 24, no Di\u00e1rio Oficial da Uni\u00e3o, o Decreto que estabelece o valor do sal\u00e1rio m\u00ednimo que ir\u00e1 vigorar a partir de 1\u00ba de janeiro de 2026. Conforme o projeto or\u00e7ament\u00e1rio para o pr\u00f3ximo ano aprovado pelo Congresso, o sal\u00e1rio m\u00ednimo passar\u00e1 dos atuais R$ 1.518,00 para R$ 1.621,00 em [&hellip;]<\/p>\n","protected":false},"author":117,"featured_media":63209,"comment_status":"closed","ping_status":"closed","sticky":false,"template":"","format":"standard","meta":{"_themeisle_gutenberg_block_has_review":false,"_jetpack_memberships_contains_paid_content":false,"footnotes":""},"categories":[9],"tags":[129],"class_list":{"0":"post-63208","1":"post","2":"type-post","3":"status-publish","4":"format-standard","5":"has-post-thumbnail","7":"category-politica","8":"tag-politica"},"jetpack_featured_media_url":"https:\/\/crajubaremacao.com.br\/wp-content\/uploads\/2025\/12\/H_20101118_204035-300x225-1.jpg","jetpack_sharing_enabled":true,"_links":{"self":[{"href":"https:\/\/crajubaremacao.com.br\/index.php?rest_route=\/wp\/v2\/posts\/63208","targetHints":{"allow":["GET"]}}],"collection":[{"href":"https:\/\/crajubaremacao.com.br\/index.php?rest_route=\/wp\/v2\/posts"}],"about":[{"href":"https:\/\/crajubaremacao.com.br\/index.php?rest_route=\/wp\/v2\/types\/post"}],"author":[{"embeddable":true,"href":"https:\/\/crajubaremacao.com.br\/index.php?rest_route=\/wp\/v2\/users\/117"}],"replies":[{"embeddable":true,"href":"https:\/\/crajubaremacao.com.br\/index.php?rest_route=%2Fwp%2Fv2%2Fcomments&post=63208"}],"version-history":[{"count":0,"href":"https:\/\/crajubaremacao.com.br\/index.php?rest_route=\/wp\/v2\/posts\/63208\/revisions"}],"wp:featuredmedia":[{"embeddable":true,"href":"https:\/\/crajubaremacao.com.br\/index.php?rest_route=\/wp\/v2\/media\/63209"}],"wp:attachment":[{"href":"https:\/\/crajubaremacao.com.br\/index.php?rest_route=%2Fwp%2Fv2%2Fmedia&parent=63208"}],"wp:term":[{"taxonomy":"category","embeddable":true,"href":"https:\/\/crajubaremacao.com.br\/index.php?rest_route=%2Fwp%2Fv2%2Fcategories&post=63208"},{"taxonomy":"post_tag","embeddable":true,"href":"https:\/\/crajubaremacao.com.br\/index.php?rest_route=%2Fwp%2Fv2%2Ftags&post=63208"}],"curies":[{"name":"wp","href":"https:\/\/api.w.org\/{rel}","templated":true}]}}