{"id":63268,"date":"2025-12-26T03:02:47","date_gmt":"2025-12-26T06:02:47","guid":{"rendered":"https:\/\/crajubaremacao.com.br\/?p=63268"},"modified":"2025-12-26T03:02:47","modified_gmt":"2025-12-26T06:02:47","slug":"2-178-agentes-das-forcas-de-seguranca-do-estado-participam-de-plano-operacional-para-o-reveillon-2026","status":"publish","type":"post","link":"https:\/\/crajubaremacao.com.br\/?p=63268","title":{"rendered":"2.178 agentes das For\u00e7as de Seguran\u00e7a do estado participam de plano operacional para o R\u00e9veillon 2026"},"content":{"rendered":"<div>\n<p>\u00a0<\/p>\n<p style=\"background-color: white; border: 0px; box-sizing: border-box; font-family: OpenSans-Light, Helvetica, Arial, sans-serif; font-feature-settings: normal; font-kerning: auto; font-language-override: normal; font-optical-sizing: auto; font-size-adjust: none; font-size: 1.4em; font-stretch: normal; font-variant-alternates: normal; font-variant-east-asian: normal; font-variant-emoji: normal; font-variant-numeric: normal; font-variant-position: normal; font-variation-settings: normal; line-height: 1.8; margin: 0px 0px 20px; padding: 0px; vertical-align: baseline;\"><a href=\"https:\/\/www.ceara.gov.br\/2025\/12\/25\/2-178-agentes-das-forcas-de-seguranca-do-estado-participam-de-plano-operacional-para-o-reveillon-2026\/cisp-com-apoio-do-nuvidciopssspds-pmce-impede-furto-de-fio-e-captura-foragido-em-fortaleza\/\" rel=\"attachment wp-att-306689\" style=\"border: 0px; box-sizing: border-box; color: #00a84a; font: inherit; margin: 0px; outline: none !important; padding: 0px; text-decoration-line: none; vertical-align: baseline;\"><img fetchpriority=\"high\" alt=\"\" class=\"size-full wp-image-306689 aligncenter\" decoding=\"async\" fetchpriority=\"high\" height=\"415\" sizes=\"(max-width: 900px) 100vw, 900px\" src=\"https:\/\/www.ceara.gov.br\/wp-content\/uploads\/2025\/12\/Cisp-Com-apoio-do-NuvidCiopsSSPDS-PMCE-impede-furto-de-fio-e-captura-foragido-em-Fortaleza-e1723060895332.jpeg\" srcset=\"https:\/\/www.ceara.gov.br\/wp-content\/uploads\/2025\/12\/Cisp-Com-apoio-do-NuvidCiopsSSPDS-PMCE-impede-furto-de-fio-e-captura-foragido-em-Fortaleza-e1723060895332.jpeg 900w, https:\/\/www.ceara.gov.br\/wp-content\/uploads\/2025\/12\/Cisp-Com-apoio-do-NuvidCiopsSSPDS-PMCE-impede-furto-de-fio-e-captura-foragido-em-Fortaleza-e1723060895332-600x277.jpeg 600w, https:\/\/www.ceara.gov.br\/wp-content\/uploads\/2025\/12\/Cisp-Com-apoio-do-NuvidCiopsSSPDS-PMCE-impede-furto-de-fio-e-captura-foragido-em-Fortaleza-e1723060895332-768x354.jpeg 768w\" style=\"border: 0px; box-sizing: border-box; clear: both; display: block; font: inherit; height: auto; margin: 15px auto; max-width: 100%; padding: 0px; vertical-align: baseline;\" width=\"900\"><\/a><\/p>\n<p style=\"background-color: white; border: 0px; box-sizing: border-box; font-family: OpenSans-Light, Helvetica, Arial, sans-serif; font-feature-settings: normal; font-kerning: auto; font-language-override: normal; font-optical-sizing: auto; font-size-adjust: none; font-size: 1.4em; font-stretch: normal; font-variant-alternates: normal; font-variant-east-asian: normal; font-variant-emoji: normal; font-variant-numeric: normal; font-variant-position: normal; font-variation-settings: normal; line-height: 1.8; margin: 0px 0px 20px; padding: 0px; vertical-align: baseline;\">As For\u00e7as de Seguran\u00e7a do Cear\u00e1 ter\u00e3o a atua\u00e7\u00e3o refor\u00e7ada durante o R\u00e9veillon 2026, que, neste ano, contar\u00e1 com polos em Messejana, no Conjunto Cear\u00e1 e no Aterro da Praia de Iracema. O plano operacional de seguran\u00e7a foi divulgado, nessa ter\u00e7a-feira (23), em coletiva de imprensa da Prefeitura de Fortaleza, e tem a coordena\u00e7\u00e3o da Coordenadoria de Planejamento Operacional (Copol), da Secretaria da Seguran\u00e7a P\u00fablica e Defesa Social (SSPDS). Ao todo, ser\u00e3o 2.178 agentes de seguran\u00e7a do estado no evento.<\/p>\n<p style=\"background-color: white; border: 0px; box-sizing: border-box; font-family: OpenSans-Light, Helvetica, Arial, sans-serif; font-feature-settings: normal; font-kerning: auto; font-language-override: normal; font-optical-sizing: auto; font-size-adjust: none; font-size: 1.4em; font-stretch: normal; font-variant-alternates: normal; font-variant-east-asian: normal; font-variant-emoji: normal; font-variant-numeric: normal; font-variant-position: normal; font-variation-settings: normal; line-height: 1.8; margin: 0px 0px 20px; padding: 0px; vertical-align: baseline;\">A seguran\u00e7a do evento ser\u00e1 assegurada por uma opera\u00e7\u00e3o integrada entre for\u00e7as municipais e estaduais com atua\u00e7\u00e3o simult\u00e2nea nos tr\u00eas polos do evento. A Pol\u00edcia Militar do Cear\u00e1 (PMCE) atuar\u00e1 com um efetivo de 1.963 policiais, respons\u00e1veis pelo policiamento ostensivo e preventivo, com presen\u00e7a refor\u00e7ada nas \u00e1reas de maior circula\u00e7\u00e3o de pessoas, nos acessos aos polos e em seus entornos. Haver\u00e1 policiamento a p\u00e9, a cavalo, motorizado e em pontos bases em locais estrat\u00e9gicos.<\/p>\n<p style=\"background-color: white; border: 0px; box-sizing: border-box; font-family: OpenSans-Light, Helvetica, Arial, sans-serif; font-feature-settings: normal; font-kerning: auto; font-language-override: normal; font-optical-sizing: auto; font-size-adjust: none; font-size: 1.4em; font-stretch: normal; font-variant-alternates: normal; font-variant-east-asian: normal; font-variant-emoji: normal; font-variant-numeric: normal; font-variant-position: normal; font-variation-settings: normal; line-height: 1.8; margin: 0px 0px 20px; padding: 0px; vertical-align: baseline;\">A opera\u00e7\u00e3o tamb\u00e9m contar\u00e1 com a atua\u00e7\u00e3o da Pol\u00edcia Civil do Estado do Cear\u00e1 (PCCE), que disponibilizar\u00e1 175 agentes para o suporte investigativo, registro e atendimento de ocorr\u00eancias, assegurando respostas r\u00e1pidas a eventuais demandas. J\u00e1 o Corpo de Bombeiros Militar do Cear\u00e1 (CBMCE) atuar\u00e1 com 40 profissionais, garantindo a\u00e7\u00f5es preventivas, atendimentos de emerg\u00eancia e resposta a situa\u00e7\u00f5es de risco, incluindo salvamentos e ocorr\u00eancias relacionadas \u00e0 seguran\u00e7a estrutural e inc\u00eandios.<\/p>\n<p style=\"background-color: white; border: 0px; box-sizing: border-box; font-family: OpenSans-Light, Helvetica, Arial, sans-serif; font-feature-settings: normal; font-kerning: auto; font-language-override: normal; font-optical-sizing: auto; font-size-adjust: none; font-size: 1.4em; font-stretch: normal; font-variant-alternates: normal; font-variant-east-asian: normal; font-variant-emoji: normal; font-variant-numeric: normal; font-variant-position: normal; font-variation-settings: normal; line-height: 1.8; margin: 0px 0px 20px; padding: 0px; vertical-align: baseline;\">Todo o plano operacional ser\u00e1 monitorado por meio de uma sala de situa\u00e7\u00e3o integrada \u00e0 Central de Opera\u00e7\u00f5es Integradas da Beira-Mar, possibilitando o acompanhamento em tempo real das a\u00e7\u00f5es, a troca imediata de informa\u00e7\u00f5es entre os \u00f3rg\u00e3os envolvidos e a r\u00e1pida tomada de decis\u00f5es, assegurando uma atua\u00e7\u00e3o eficiente e coordenada durante toda a programa\u00e7\u00e3o.<\/p>\n<h2 style=\"background-color: white; border: 0px; box-sizing: border-box; color: #00a84a; font-family: OpenSans-Light, Helvetica, Arial, sans-serif; font-feature-settings: inherit; font-kerning: inherit; font-language-override: inherit; font-optical-sizing: inherit; font-size-adjust: inherit; font-size: 2.8em; font-stretch: inherit; font-variant-alternates: inherit; font-variant-east-asian: inherit; font-variant-emoji: inherit; font-variant-numeric: inherit; font-variant-position: inherit; font-variation-settings: inherit; font-weight: inherit; letter-spacing: 1px; line-height: 1.2em; margin: 0px 0px 4px; padding: 0px; vertical-align: baseline;\">Den\u00fancias<\/h2>\n<p style=\"background-color: white; border: 0px; box-sizing: border-box; font-family: OpenSans-Light, Helvetica, Arial, sans-serif; font-feature-settings: normal; font-kerning: auto; font-language-override: normal; font-optical-sizing: auto; font-size-adjust: none; font-size: 1.4em; font-stretch: normal; font-variant-alternates: normal; font-variant-east-asian: normal; font-variant-emoji: normal; font-variant-numeric: normal; font-variant-position: normal; font-variation-settings: normal; line-height: 1.8; margin: 0px 0px 20px; padding: 0px; vertical-align: baseline;\">A popula\u00e7\u00e3o pode contribuir com as investiga\u00e7\u00f5es repassando informa\u00e7\u00f5es que auxiliem os trabalhos policiais. As informa\u00e7\u00f5es podem ser direcionadas para o n\u00famero 181, o Disque-Den\u00fancia da Secretaria da Seguran\u00e7a P\u00fablica e Defesa Social (SSPDS), ou para o (85)3101-0181, que \u00e9 o n\u00famero de WhatsApp, pelo qual podem ser feitas den\u00fancias via mensagem, \u00e1udio, v\u00eddeo e fotografia ou ainda via \u201ce-den\u00fancia\u201d, o site do servi\u00e7o 181, por meio do endere\u00e7o eletr\u00f4nico https:\/\/disquedenuncia181.sspds.ce.gov.br\/.<\/p>\n<\/div>\n","protected":false},"excerpt":{"rendered":"<p>\u00a0 As For\u00e7as de Seguran\u00e7a do Cear\u00e1 ter\u00e3o a atua\u00e7\u00e3o refor\u00e7ada durante o R\u00e9veillon 2026, que, neste ano, contar\u00e1 com polos em Messejana, no Conjunto Cear\u00e1 e no Aterro da Praia de Iracema. O plano operacional de seguran\u00e7a foi divulgado, nessa ter\u00e7a-feira (23), em coletiva de imprensa da Prefeitura de Fortaleza, e tem a coordena\u00e7\u00e3o [&hellip;]<\/p>\n","protected":false},"author":88,"featured_media":63269,"comment_status":"closed","ping_status":"closed","sticky":false,"template":"","format":"standard","meta":{"_themeisle_gutenberg_block_has_review":false,"_jetpack_memberships_contains_paid_content":false,"footnotes":""},"categories":[4],"tags":[127,130],"class_list":{"0":"post-63268","1":"post","2":"type-post","3":"status-publish","4":"format-standard","5":"has-post-thumbnail","7":"category-regiao","8":"tag-cariri","9":"tag-ceara"},"jetpack_featured_media_url":"https:\/\/crajubaremacao.com.br\/wp-content\/uploads\/2025\/12\/Cisp-Com-apoio-do-NuvidCiopsSSPDS-PMCE-impede-furto-de-fio-e-captura-foragido-em-Fortaleza-e1723060895332.jpeg","jetpack_sharing_enabled":true,"_links":{"self":[{"href":"https:\/\/crajubaremacao.com.br\/index.php?rest_route=\/wp\/v2\/posts\/63268","targetHints":{"allow":["GET"]}}],"collection":[{"href":"https:\/\/crajubaremacao.com.br\/index.php?rest_route=\/wp\/v2\/posts"}],"about":[{"href":"https:\/\/crajubaremacao.com.br\/index.php?rest_route=\/wp\/v2\/types\/post"}],"author":[{"embeddable":true,"href":"https:\/\/crajubaremacao.com.br\/index.php?rest_route=\/wp\/v2\/users\/88"}],"replies":[{"embeddable":true,"href":"https:\/\/crajubaremacao.com.br\/index.php?rest_route=%2Fwp%2Fv2%2Fcomments&post=63268"}],"version-history":[{"count":0,"href":"https:\/\/crajubaremacao.com.br\/index.php?rest_route=\/wp\/v2\/posts\/63268\/revisions"}],"wp:featuredmedia":[{"embeddable":true,"href":"https:\/\/crajubaremacao.com.br\/index.php?rest_route=\/wp\/v2\/media\/63269"}],"wp:attachment":[{"href":"https:\/\/crajubaremacao.com.br\/index.php?rest_route=%2Fwp%2Fv2%2Fmedia&parent=63268"}],"wp:term":[{"taxonomy":"category","embeddable":true,"href":"https:\/\/crajubaremacao.com.br\/index.php?rest_route=%2Fwp%2Fv2%2Fcategories&post=63268"},{"taxonomy":"post_tag","embeddable":true,"href":"https:\/\/crajubaremacao.com.br\/index.php?rest_route=%2Fwp%2Fv2%2Ftags&post=63268"}],"curies":[{"name":"wp","href":"https:\/\/api.w.org\/{rel}","templated":true}]}}