{"id":63293,"date":"2025-12-27T00:00:34","date_gmt":"2025-12-27T03:00:34","guid":{"rendered":"https:\/\/crajubaremacao.com.br\/?p=63293"},"modified":"2025-12-27T00:00:34","modified_gmt":"2025-12-27T03:00:34","slug":"silvinei-vasques-e-entregue-a-policia-federal-apos-ser-preso-no-paraguai","status":"publish","type":"post","link":"https:\/\/crajubaremacao.com.br\/?p=63293","title":{"rendered":"Silvinei Vasques \u00e9 entregue \u00e0 Pol\u00edcia Federal ap\u00f3s ser preso no Paraguai"},"content":{"rendered":"<div>\n<div style=\"margin-bottom: 15px;\"><img decoding=\"async\" class=\"type:primaryImage\" src=\"https:\/\/jpimg.com.br\/uploads\/2023\/05\/1766772671694ecfbf0fc2c_1766772671_3x2_lg-750x500.jpg\"><\/div>\n<p><?xml encoding=\"UTF-8\"><\/p>\n<p data-start=\"21\" data-end=\"454\">O ex-diretor da Pol\u00edcia Rodovi\u00e1ria Federal (PRF), Silvinei Vasques, foi entregue \u00e0 Pol\u00edcia Federal (PF) brasileira nesta sexta-feira (26), ap\u00f3s ser detido no Paraguai. Ele foi preso em Assun\u00e7\u00e3o, no Aeroporto Internacional Silvio Pettirossi, ao tentar embarcar para El Salvador com documentos falsificados. A deten\u00e7\u00e3o aconteceu depois que Vasques violou as condi\u00e7\u00f5es de sua liberdade condicional ao romper sua tornozeleira eletr\u00f4nica.<\/p>\n<p data-start=\"456\" data-end=\"854\">Vasques, condenado pelo Supremo Tribunal Federal (STF) a 24 anos e seis meses de pris\u00e3o por envolvimento em uma tentativa de golpe de Estado em 2022, foi preso pelas autoridades paraguaias e, em seguida, conduzido \u00e0 aduana de Cidade do Leste, onde passou por procedimentos de expuls\u00e3o. Ele foi entregue aos policiais federais brasileiros, que o levaram at\u00e9 a sede da PF em Foz do Igua\u00e7u, no Paran\u00e1.<\/p>\n<p data-start=\"856\" data-end=\"1282\">A PF havia detectado, na madrugada de 25 de dezembro, uma falha na tornozeleira eletr\u00f4nica de Vasques, que parou de transmitir o sinal de GPS. Isso levantou suspeitas de fuga, e a pol\u00edcia iniciou buscas para localiz\u00e1-lo. Durante a investiga\u00e7\u00e3o, foi descoberto que o ex-PRF havia sa\u00eddo de seu apartamento em S\u00e3o Jos\u00e9 (SC) na noite de 24 de dezembro, utilizando um carro alugado e levando consigo um cachorro e alguns pertences.<\/p>\n<p data-start=\"1284\" data-end=\"1489\">Ao ser detido, Vasques tentou enganar as autoridades paraguaias, apresentando documentos falsos e alegando ter uma doen\u00e7a grave. No entanto, ap\u00f3s verifica\u00e7\u00e3o, ele confessou que os documentos n\u00e3o eram seus.<\/p>\n<p data-start=\"1284\" data-end=\"1489\">\n<div class=\"cta-model cta-model2\" name=\"model2\">\n<div class=\"cta-container-general\">\n<div class=\"cta-container-model2\">\n<div class=\"container-image-text\">\n<div class=\"container-img\">\n                    <img decoding=\"async\" id=\"cta-image\" editable=\"true\" name=\"Imagem:\" src=\"https:\/\/s.jpimg.com.br\/wp-content\/plugins\/CTA-posts-selector\/assets\/images\/640_4anos-JPNews.jpg\" alt=\"cta_logo_jp\">\n                <\/div>\n<div class=\"container-title\">\n                    <span id=\"cta-text\" editable=\"true\" name=\"Conte\u00fado:\">Siga o canal da Jovem Pan News e receba as principais not\u00edcias no seu WhatsApp!<\/span>\n                <\/div>\n<\/p><\/div>\n<div class=\"cta-container-link\">\n<div class=\"cta-container-space\"><\/div>\n<p>                <a id=\"cta-link\" editable=\"true\" name=\"Link%20do%20bot%C3%A3o:\" target=\"_blank\" href=\"https:\/\/www.whatsapp.com\/channel\/0029VaAxUvrGJP8Fz9QZH93S\"><\/p>\n<div class=\"container-button\">\n                        <span id=\"cta-text2\" editable=\"true\" name=\"Texto do bot\u00e3o:\">WhatsApp<\/span>\n                    <\/div>\n<div class=\"container-icon\">\n                        <i id=\"cta-icon\" name=\"\u00cdcone do bot\u00e3o:\" editable=\"true\" class=\"fa-brands fa-whatsapp\"><\/i>\n                    <\/div>\n<p>                <\/a>\n            <\/div>\n<\/div>\n<\/div>\n<\/div>\n<p data-start=\"1491\" data-end=\"1779\">O ministro do STF, Alexandre de Moraes, decretou a pris\u00e3o preventiva de Vasques, destacando que ele tentou fugir para escapar das ordens judiciais e da condena\u00e7\u00e3o imposta. A PF agora investiga como o ex-PRF conseguiu os documentos falsificados e continua apurando os detalhes de sua fuga.<\/p>\n<p data-start=\"1491\" data-end=\"1779\">\n<div class=\"list-related-posts\">\n<h3>Leia tamb\u00e9m<\/h3>\n<div class=\"related-posts-container\">\n<div class=\"related-post-item-container\">\n<div class=\"related-post\">\n<div class=\"img-related-box\">\n                                            <strong><a href=\"https:\/\/jovempan.com.br\/judiciario\/preso-no-paraguai-silvinei-diz-que-nao-fala-nem-ouve-devido-a-um-cancer.html\" title=\"Preso no Paraguai, Silvinei diz que 'n\u00e3o fala, nem ouve' devido a um c\u00e2ncer\"><img decoding=\"async\" src=\"https:\/\/jpimg.com.br\/uploads\/2025\/12\/httpsportalnorte.com_.brwp-adminpost.phppost-292629-action-edit-15-.png\"><\/a><\/strong>\n                                        <\/div>\n<p>                                        <span class=\"box-the-title\"><br \/>\n                                            <strong><a href=\"https:\/\/jovempan.com.br\/judiciario\/preso-no-paraguai-silvinei-diz-que-nao-fala-nem-ouve-devido-a-um-cancer.html\" title=\"Preso no Paraguai, Silvinei diz que 'n\u00e3o fala, nem ouve' devido a um c\u00e2ncer\">Preso no Paraguai, Silvinei diz que &#8216;n\u00e3o fala, nem ouve&#8217; devido a um c\u00e2ncer<\/a><\/strong><br \/>\n                                        <\/span>\n                                    <\/div>\n<div class=\"related-post\">\n<div class=\"img-related-box\">\n                                            <strong><a href=\"https:\/\/jovempan.com.br\/judiciario\/tornozeleira-de-silvinei-vasques-ficou-sem-sinal-no-natal.html\" title=\"Tornozeleira de Silvinei Vasques ficou sem sinal no Natal\"><img decoding=\"async\" src=\"https:\/\/jpimg.com.br\/uploads\/2025\/12\/vac_abr_1104220347.jpg\"><\/a><\/strong>\n                                        <\/div>\n<p>                                        <span class=\"box-the-title\"><br \/>\n                                            <strong><a href=\"https:\/\/jovempan.com.br\/judiciario\/tornozeleira-de-silvinei-vasques-ficou-sem-sinal-no-natal.html\" title=\"Tornozeleira de Silvinei Vasques ficou sem sinal no Natal\">Tornozeleira de Silvinei Vasques ficou sem sinal no Natal<\/a><\/strong><br \/>\n                                        <\/span>\n                                    <\/div>\n<\/p><\/div>\n<\/p><\/div>\n<\/p><\/div>\n<\/div>\n","protected":false},"excerpt":{"rendered":"<p>O ex-diretor da Pol\u00edcia Rodovi\u00e1ria Federal (PRF), Silvinei Vasques, foi entregue \u00e0 Pol\u00edcia Federal (PF) brasileira nesta sexta-feira (26), ap\u00f3s ser detido no Paraguai. Ele foi preso em Assun\u00e7\u00e3o, no Aeroporto Internacional Silvio Pettirossi, ao tentar embarcar para El Salvador com documentos falsificados. A deten\u00e7\u00e3o aconteceu depois que Vasques violou as condi\u00e7\u00f5es de sua liberdade [&hellip;]<\/p>\n","protected":false},"author":117,"featured_media":63294,"comment_status":"closed","ping_status":"closed","sticky":false,"template":"","format":"standard","meta":{"_themeisle_gutenberg_block_has_review":false,"_jetpack_memberships_contains_paid_content":false,"footnotes":""},"categories":[9],"tags":[129],"class_list":{"0":"post-63293","1":"post","2":"type-post","3":"status-publish","4":"format-standard","5":"has-post-thumbnail","7":"category-politica","8":"tag-politica"},"jetpack_featured_media_url":"https:\/\/crajubaremacao.com.br\/wp-content\/uploads\/2025\/12\/1766772671694ecfbf0fc2c_1766772671_3x2_lg-750x500-1.jpg","jetpack_sharing_enabled":true,"_links":{"self":[{"href":"https:\/\/crajubaremacao.com.br\/index.php?rest_route=\/wp\/v2\/posts\/63293","targetHints":{"allow":["GET"]}}],"collection":[{"href":"https:\/\/crajubaremacao.com.br\/index.php?rest_route=\/wp\/v2\/posts"}],"about":[{"href":"https:\/\/crajubaremacao.com.br\/index.php?rest_route=\/wp\/v2\/types\/post"}],"author":[{"embeddable":true,"href":"https:\/\/crajubaremacao.com.br\/index.php?rest_route=\/wp\/v2\/users\/117"}],"replies":[{"embeddable":true,"href":"https:\/\/crajubaremacao.com.br\/index.php?rest_route=%2Fwp%2Fv2%2Fcomments&post=63293"}],"version-history":[{"count":0,"href":"https:\/\/crajubaremacao.com.br\/index.php?rest_route=\/wp\/v2\/posts\/63293\/revisions"}],"wp:featuredmedia":[{"embeddable":true,"href":"https:\/\/crajubaremacao.com.br\/index.php?rest_route=\/wp\/v2\/media\/63294"}],"wp:attachment":[{"href":"https:\/\/crajubaremacao.com.br\/index.php?rest_route=%2Fwp%2Fv2%2Fmedia&parent=63293"}],"wp:term":[{"taxonomy":"category","embeddable":true,"href":"https:\/\/crajubaremacao.com.br\/index.php?rest_route=%2Fwp%2Fv2%2Fcategories&post=63293"},{"taxonomy":"post_tag","embeddable":true,"href":"https:\/\/crajubaremacao.com.br\/index.php?rest_route=%2Fwp%2Fv2%2Ftags&post=63293"}],"curies":[{"name":"wp","href":"https:\/\/api.w.org\/{rel}","templated":true}]}}