{"id":63301,"date":"2025-12-27T03:00:42","date_gmt":"2025-12-27T06:00:42","guid":{"rendered":"https:\/\/crajubaremacao.com.br\/?p=63301"},"modified":"2025-12-27T03:00:42","modified_gmt":"2025-12-27T06:00:42","slug":"enfermeira-e-motorista-morrem-em-acidente-apos-carros-baterem-de-frente-no-interior-do-ceara","status":"publish","type":"post","link":"https:\/\/crajubaremacao.com.br\/?p=63301","title":{"rendered":"Enfermeira e motorista morrem em acidente ap\u00f3s carros baterem de frente no interior do Cear\u00e1"},"content":{"rendered":"<div><img decoding=\"async\" src=\"https:\/\/s2-g1.glbimg.com\/TMQeOfLXcQsGrmQvlU5WbaWEUfw=\/i.s3.glbimg.com\/v1\/AUTH_59edd422c0c84a879bd37670ae4f538a\/internal_photos\/bs\/2025\/h\/w\/cOyPbYSbWZWdRp7bihXQ\/enfermeira-e-motorista-acidente-1-.jpg\"><br \/>     \u00c9rica Montenegro e Jonas Morais morreram em acidente de tr\u00e2nsito ap\u00f3s os carros dos dois colidirem frontalmente<br \/>\nReprodu\u00e7\u00e3o<br \/>\nUma enfermeira e um motorista morreram em um acidente de tr\u00e2nsito na manh\u00e3 desta sexta-feira (26) em um trecho da CE-178 no munic\u00edpio de Santana do Acara\u00fa, na regi\u00e3o norte do Cear\u00e1. Os carros dos dois colidiram frontalmente e eles morreram no local.<br \/>\nA enfermeira foi identificada como \u00c9rica Montenegro, de 33 anos. J\u00e1 o homem foi identificado como Jonas Morais. Ele trabalhava como motorista e no momento do acidente ele conduzia uma picape com um carga de oxig\u00eanio.<br \/>\n\u2705 Clique aqui para seguir o canal do g1 Cear\u00e1 no WhatsApp<br \/>\nConforme informa\u00e7\u00f5es policiais, os dois estavam em carros diferentes, que bateram de frente na rodovia estadual. Ainda n\u00e3o se sabe o que causou o acidente. De acordo com a Secretaria de Seguran\u00e7a P\u00fablica do Cear\u00e1 (SSPDS), o caso ser\u00e1 investigado pela Delegacia de Santana do Acara\u00fa.<br \/>\nA C\u00e2mara Municipal de Amontada, munic\u00edpio onde \u00c9rica trabalhava como enfermeira, lamentou a morte. &#8220;A Casa Legislativa se solidariza com os familiares e amigos enlutados nesse momento de dor. Que Deus lhes d\u00ea o conforto necess\u00e1rio&#8221;, disse o \u00f3rg\u00e3o.<br \/>\nLEIA TAMB\u00c9M:<br \/>\nMotociclista e passageiro morrem ap\u00f3s moto bater em muro em Fortaleza<br \/>\nA academia onde Jonas treinava kickboxing tamb\u00e9m publicou uma nota de pesar pela morte do motorista.<br \/>\n&#8220;Jonas fez parte da nossa academia e ser\u00e1 lembrado com carinho, respeito e gratid\u00e3o por todos que conviveram com ele. Neste momento de dor, nos solidarizamos com os familiares, amigos e colegas, desejando for\u00e7a, conforto e serenidade para enfrentar essa perda&#8221;, disse a academia.<br \/>\nAssista aos v\u00eddeos mais vistos do Cear\u00e1<\/div>\n","protected":false},"excerpt":{"rendered":"<p>\u00c9rica Montenegro e Jonas Morais morreram em acidente de tr\u00e2nsito ap\u00f3s os carros dos dois colidirem frontalmente Reprodu\u00e7\u00e3o Uma enfermeira e um motorista morreram em um acidente de tr\u00e2nsito na manh\u00e3 desta sexta-feira (26) em um trecho da CE-178 no munic\u00edpio de Santana do Acara\u00fa, na regi\u00e3o norte do Cear\u00e1. Os carros dos dois colidiram [&hellip;]<\/p>\n","protected":false},"author":264,"featured_media":63302,"comment_status":"closed","ping_status":"closed","sticky":false,"template":"","format":"standard","meta":{"_themeisle_gutenberg_block_has_review":false,"_jetpack_memberships_contains_paid_content":false,"footnotes":""},"categories":[4],"tags":[127,130],"class_list":{"0":"post-63301","1":"post","2":"type-post","3":"status-publish","4":"format-standard","5":"has-post-thumbnail","7":"category-regiao","8":"tag-cariri","9":"tag-ceara"},"jetpack_featured_media_url":"https:\/\/crajubaremacao.com.br\/wp-content\/uploads\/2025\/12\/enfermeira-e-motorista-acidente-1-.jpg","jetpack_sharing_enabled":true,"_links":{"self":[{"href":"https:\/\/crajubaremacao.com.br\/index.php?rest_route=\/wp\/v2\/posts\/63301","targetHints":{"allow":["GET"]}}],"collection":[{"href":"https:\/\/crajubaremacao.com.br\/index.php?rest_route=\/wp\/v2\/posts"}],"about":[{"href":"https:\/\/crajubaremacao.com.br\/index.php?rest_route=\/wp\/v2\/types\/post"}],"author":[{"embeddable":true,"href":"https:\/\/crajubaremacao.com.br\/index.php?rest_route=\/wp\/v2\/users\/264"}],"replies":[{"embeddable":true,"href":"https:\/\/crajubaremacao.com.br\/index.php?rest_route=%2Fwp%2Fv2%2Fcomments&post=63301"}],"version-history":[{"count":0,"href":"https:\/\/crajubaremacao.com.br\/index.php?rest_route=\/wp\/v2\/posts\/63301\/revisions"}],"wp:featuredmedia":[{"embeddable":true,"href":"https:\/\/crajubaremacao.com.br\/index.php?rest_route=\/wp\/v2\/media\/63302"}],"wp:attachment":[{"href":"https:\/\/crajubaremacao.com.br\/index.php?rest_route=%2Fwp%2Fv2%2Fmedia&parent=63301"}],"wp:term":[{"taxonomy":"category","embeddable":true,"href":"https:\/\/crajubaremacao.com.br\/index.php?rest_route=%2Fwp%2Fv2%2Fcategories&post=63301"},{"taxonomy":"post_tag","embeddable":true,"href":"https:\/\/crajubaremacao.com.br\/index.php?rest_route=%2Fwp%2Fv2%2Ftags&post=63301"}],"curies":[{"name":"wp","href":"https:\/\/api.w.org\/{rel}","templated":true}]}}