{"id":63303,"date":"2025-12-27T03:01:00","date_gmt":"2025-12-27T06:01:00","guid":{"rendered":"https:\/\/crajubaremacao.com.br\/?p=63303"},"modified":"2025-12-27T03:01:00","modified_gmt":"2025-12-27T06:01:00","slug":"policia-do-paraguai-entrega-silvinei-vasques-a-pf-ex-diretor-da-prf-sera-transferido-para-brasilia","status":"publish","type":"post","link":"https:\/\/crajubaremacao.com.br\/?p=63303","title":{"rendered":"Pol\u00edcia do Paraguai entrega Silvinei Vasques \u00e0 PF Ex-diretor da PRF ser\u00e1 transferido para Bras\u00edlia"},"content":{"rendered":"<div>\n<p>\u00a0<span style='background-color: white; color: #0c1a3d; font-family: \"Tipo Brasil Rounded\", Inter, sans-serif;'>O\u00a0<\/span><strong style='box-sizing: border-box; color: #0c1a3d; font-family: \"Tipo Brasil Rounded\", Inter, sans-serif; margin: 0px; padding: 0px;'>ex-diretor da Pol\u00edcia Rodovi\u00e1ria Federal (PRF) Silvinei Vasques j\u00e1 est\u00e1 sob cust\u00f3dia da Pol\u00edcia Federal (PF)<\/strong><span style='background-color: white; color: #0c1a3d; font-family: \"Tipo Brasil Rounded\", Inter, sans-serif;'>.\u00a0<\/span><img decoding=\"async\" src=\"https:\/\/agenciabrasil.ebc.com.br\/ebc.png?id=1673497&amp;o=node\" style='border: 0px; box-sizing: border-box; color: #0c1a3d; display: inline; font-family: \"Tipo Brasil Rounded\", Inter, sans-serif; height: 1px; margin: 0px; padding: 0px; width: 1px;'><img decoding=\"async\" src=\"https:\/\/agenciabrasil.ebc.com.br\/ebc.gif?id=1673497&amp;o=node\" style='border: 0px; box-sizing: border-box; color: #0c1a3d; display: inline; font-family: \"Tipo Brasil Rounded\", Inter, sans-serif; height: 1px; margin: 0px; padding: 0px; width: 1px;'><\/p>\n<p style='background-color: white; box-sizing: border-box; color: #0c1a3d; font-family: \"Tipo Brasil Rounded\", Inter, sans-serif; line-height: 1.5; margin: 1.3rem 0px 0px; padding: 0px;'>Vasques\u00a0<a href=\"https:\/\/agenciabrasil.ebc.com.br\/geral\/noticia\/2025-12\/ex-diretor-da-policia-rodoviaria-federal-e-preso-no-paraguai\" style=\"box-sizing: border-box; color: #1e3394; font-weight: 700; margin: 0px; padding: 0px; text-decoration-line: none;\" target=\"_blank\">foi detido nesta sexta-feira (26), no Paraguai, ao tentar embarcar para El Salvador com um passaporte falso<\/a>.<\/p>\n<p style='background-color: white; box-sizing: border-box; color: #0c1a3d; font-family: \"Tipo Brasil Rounded\", Inter, sans-serif; line-height: 1.5; margin: 1.3rem 0px 0px; padding: 0px;'>Por volta das 20h,<strong style=\"box-sizing: border-box; margin: 0px; padding: 0px;\">\u00a0o ex-diretor foi levado pela pol\u00edcia paraguaia para a fronteira com o Brasil e entregue a agentes da PF na Ponte da Amizade<\/strong>, que liga Foz do Igua\u00e7u, no Paran\u00e1, a Ciudad del Leste. Ele deve ser transferido para Bras\u00edlia nas pr\u00f3ximas horas.\u00a0<\/p>\n<p style='background-color: white; box-sizing: border-box; color: #0c1a3d; font-family: \"Tipo Brasil Rounded\", Inter, sans-serif; line-height: 1.5; margin: 1.3rem 0px 0px; padding: 0px;'>Condenado a 24 anos e 6 meses de pris\u00e3o na a\u00e7\u00e3o penal do N\u00facleo 2 da trama golpista, o ex-diretor cumpria pris\u00e3o domiciliar, mas rompeu a tornozeleira eletr\u00f4nica e fugiu para o pa\u00eds vizinho para evitar o cumprimento da pena. A fuga ocorreu na madrugada de Natal.<\/p>\n<p style='background-color: white; box-sizing: border-box; color: #0c1a3d; font-family: \"Tipo Brasil Rounded\", Inter, sans-serif; line-height: 1.5; margin: 1.3rem 0px 0px; padding: 0px;'>Ap\u00f3s ser informado sobre a fuga, o\u00a0<a href=\"https:\/\/agenciabrasil.ebc.com.br\/justica\/noticia\/2025-12\/moraes-decreta-prisao-preventiva-de-ex-diretor-da-prf-silvinei-vasques\" style=\"box-sizing: border-box; color: #1e3394; font-weight: 700; margin: 0px; padding: 0px; text-decoration-line: none;\" target=\"_blank\">ministro Alexandre de Moraes, do Supremo Tribunal Federal (STF), determinou a pris\u00e3o preventiva<\/a>\u00a0do ex-diretor.<\/p>\n<p style='background-color: white; box-sizing: border-box; color: #0c1a3d; font-family: \"Tipo Brasil Rounded\", Inter, sans-serif; line-height: 1.5; margin: 1.3rem 0px 0px; padding: 0px;'>De acordo com a PF, a tornozeleira parou de emitir sinal de GPS por volta das 3h da madrugada de quinta-feira (25). Em seguida, agentes foram ao apartamento do ex-diretor, localizado em S\u00e3o Jos\u00e9 (SC), e constataram que ele n\u00e3o estava na resid\u00eancia.\u00a0<\/p>\n<p style='background-color: white; box-sizing: border-box; color: #0c1a3d; font-family: \"Tipo Brasil Rounded\", Inter, sans-serif; line-height: 1.5; margin: 1.3rem 0px 0px; padding: 0px;'>Ap\u00f3s verificarem o\u00a0sistema de c\u00e2meras do pr\u00e9dio, os agentes conclu\u00edram que ele esteve no apartamento at\u00e9 as 19h22 da v\u00e9spera de Natal, na quarta-feira (24).<\/p>\n<p style='background-color: white; box-sizing: border-box; color: #0c1a3d; font-family: \"Tipo Brasil Rounded\", Inter, sans-serif; line-height: 1.5; margin: 1.3rem 0px 0px; padding: 0px;'>As imagens do circuito interno de TV mostraram Vasques colocando bolsas no porta-malas de um carro. Ele usava uma cal\u00e7a de moletom preta, camiseta cinza e um bon\u00e9 preto.<\/p>\n<p style='background-color: white; box-sizing: border-box; color: #0c1a3d; font-family: \"Tipo Brasil Rounded\", Inter, sans-serif; line-height: 1.5; margin: 1.3rem 0px 0px; padding: 0px;'>Ele tamb\u00e9m levou\u00a0um cachorro da ra\u00e7a Pitbull, ra\u00e7\u00e3o e tapetes higi\u00eanicos durante a fuga.\u00a0<\/p>\n<\/div>\n","protected":false},"excerpt":{"rendered":"<p>\u00a0O\u00a0ex-diretor da Pol\u00edcia Rodovi\u00e1ria Federal (PRF) Silvinei Vasques j\u00e1 est\u00e1 sob cust\u00f3dia da Pol\u00edcia Federal (PF).\u00a0 Vasques\u00a0foi detido nesta sexta-feira (26), no Paraguai, ao tentar embarcar para El Salvador com um passaporte falso. Por volta das 20h,\u00a0o ex-diretor foi levado pela pol\u00edcia paraguaia para a fronteira com o Brasil e entregue a agentes da PF [&hellip;]<\/p>\n","protected":false},"author":88,"featured_media":0,"comment_status":"closed","ping_status":"closed","sticky":false,"template":"","format":"standard","meta":{"_themeisle_gutenberg_block_has_review":false,"_jetpack_memberships_contains_paid_content":false,"footnotes":""},"categories":[4],"tags":[127,130],"class_list":{"0":"post-63303","1":"post","2":"type-post","3":"status-publish","4":"format-standard","6":"category-regiao","7":"tag-cariri","8":"tag-ceara"},"jetpack_featured_media_url":"","jetpack_sharing_enabled":true,"_links":{"self":[{"href":"https:\/\/crajubaremacao.com.br\/index.php?rest_route=\/wp\/v2\/posts\/63303","targetHints":{"allow":["GET"]}}],"collection":[{"href":"https:\/\/crajubaremacao.com.br\/index.php?rest_route=\/wp\/v2\/posts"}],"about":[{"href":"https:\/\/crajubaremacao.com.br\/index.php?rest_route=\/wp\/v2\/types\/post"}],"author":[{"embeddable":true,"href":"https:\/\/crajubaremacao.com.br\/index.php?rest_route=\/wp\/v2\/users\/88"}],"replies":[{"embeddable":true,"href":"https:\/\/crajubaremacao.com.br\/index.php?rest_route=%2Fwp%2Fv2%2Fcomments&post=63303"}],"version-history":[{"count":0,"href":"https:\/\/crajubaremacao.com.br\/index.php?rest_route=\/wp\/v2\/posts\/63303\/revisions"}],"wp:attachment":[{"href":"https:\/\/crajubaremacao.com.br\/index.php?rest_route=%2Fwp%2Fv2%2Fmedia&parent=63303"}],"wp:term":[{"taxonomy":"category","embeddable":true,"href":"https:\/\/crajubaremacao.com.br\/index.php?rest_route=%2Fwp%2Fv2%2Fcategories&post=63303"},{"taxonomy":"post_tag","embeddable":true,"href":"https:\/\/crajubaremacao.com.br\/index.php?rest_route=%2Fwp%2Fv2%2Ftags&post=63303"}],"curies":[{"name":"wp","href":"https:\/\/api.w.org\/{rel}","templated":true}]}}